{"id":88107,"date":"2018-03-10T00:13:03","date_gmt":"2018-03-10T00:13:03","guid":{"rendered":"https:\/\/www.deberes.net\/tesis\/sin-categoria\/la-musica-en-la-iglesia-riojana-de-briones-formacion-de-un-archivo-musical-parroquial\/"},"modified":"2018-03-10T00:13:03","modified_gmt":"2018-03-10T00:13:03","slug":"la-musica-en-la-iglesia-riojana-de-briones-formacion-de-un-archivo-musical-parroquial","status":"publish","type":"post","link":"https:\/\/www.deberes.net\/tesis\/historia\/la-musica-en-la-iglesia-riojana-de-briones-formacion-de-un-archivo-musical-parroquial\/","title":{"rendered":"La m\u00fasica en la iglesia riojana de briones: formaci\u00f3n de un archivo musical parroquial"},"content":{"rendered":"<h2>Tesis doctoral de <strong> M\u00aa Del Pilar Camacho S\u00e1nchez <\/strong><\/h2>\n<p>La tesis doctoral: la m\u00fasica en la iglesia de briones: formaci\u00f3n de un archivo musical parroquial. Es un trabajo de investigaci\u00f3n que realiza una reconstrucci\u00f3n hist\u00f3rica de la villa de briones desde el marco hist\u00f3rico como &#8212; para introducir la actividad musical en esta poblaci\u00f3n. Las hip\u00f3tesis demuestran dos v\u00edas o campos &#8211;; por un lado el estudio de la activiad musical de la capilla como instituci\u00f3n legal y n\u00facleo de producci\u00f3n musical, m\u00e1s all\u00e1 de entidades part\u00edculares y compositores y obras concretas, manifestando y sacando a la luz el funcionamiento interno de la capilla, su lit\u00fargia, etc. Y las manifestaciones externas de la m\u00fasica extramuros del templo.  finalmente se asiste a una labor que contribucci\u00f3n al patrimonio art\u00edstico de la rioja apartando un &#8212; y un cat\u00e1logo musical de todo el legado musical &#8212; en dicha iglesia desde el siglo xvi al xx. Relaci\u00f3n de musicos y musicas conservadas.<\/p>\n<p>&nbsp;<\/p>\n<h3>Datos acad\u00e9micos de la tesis doctoral \u00ab<strong>La m\u00fasica en la iglesia riojana de briones: formaci\u00f3n de un archivo musical parroquial<\/strong>\u00ab<\/h3>\n<ul>\n<li><strong>T\u00edtulo de la tesis:<\/strong>\u00a0 La m\u00fasica en la iglesia riojana de briones: formaci\u00f3n de un archivo musical parroquial <\/li>\n<li><strong>Autor:<\/strong>\u00a0 M\u00aa Del Pilar Camacho S\u00e1nchez <\/li>\n<li><strong>Universidad:<\/strong>\u00a0 Rioja<\/li>\n<li><strong>Fecha de lectura de la tesis:<\/strong>\u00a0 18\/12\/2000<\/li>\n<\/ul>\n<p>&nbsp;<\/p>\n<h3>Direcci\u00f3n y tribunal<\/h3>\n<ul>\n<li><strong>Director de la tesis<\/strong>\n<ul>\n<li> G\u00f3mez Urd\u00e1\u00f1ez Jos\u00e9 Luis<\/li>\n<\/ul>\n<\/li>\n<li><strong>Tribunal<\/strong>\n<ul>\n<li>Presidente del tribunal: urbano Espinosa ru\u00edz <\/li>\n<li>\u00e1ngel Medina \u00e1lvarez (vocal)<\/li>\n<li>Emilio Casares rodicio (vocal)<\/li>\n<li>julia Bernal  vazquez (vocal)<\/li>\n<\/ul>\n<\/li>\n<\/ul>\n<p>&nbsp;<\/p>\n","protected":false},"excerpt":{"rendered":"<p>Tesis doctoral de M\u00aa Del Pilar Camacho S\u00e1nchez La tesis doctoral: la m\u00fasica en la iglesia de briones: formaci\u00f3n de [&hellip;]<\/p>\n","protected":false},"author":1,"featured_media":0,"comment_status":"open","ping_status":"open","sticky":false,"template":"","format":"standard","meta":{"site-sidebar-layout":"default","site-content-layout":"","ast-site-content-layout":"","site-content-style":"default","site-sidebar-style":"default","ast-global-header-display":"","ast-banner-title-visibility":"","ast-main-header-display":"","ast-hfb-above-header-display":"","ast-hfb-below-header-display":"","ast-hfb-mobile-header-display":"","site-post-title":"","ast-breadcrumbs-content":"","ast-featured-img":"","footer-sml-layout":"","theme-transparent-header-meta":"","adv-header-id-meta":"","stick-header-meta":"","header-above-stick-meta":"","header-main-stick-meta":"","header-below-stick-meta":"","astra-migrate-meta-layouts":"default","ast-page-background-enabled":"default","ast-page-background-meta":{"desktop":{"background-color":"var(--ast-global-color-4)","background-image":"","background-repeat":"repeat","background-position":"center center","background-size":"auto","background-attachment":"scroll","background-type":"","background-media":"","overlay-type":"","overlay-color":"","overlay-gradient":""},"tablet":{"background-color":"","background-image":"","background-repeat":"repeat","background-position":"center center","background-size":"auto","background-attachment":"scroll","background-type":"","background-media":"","overlay-type":"","overlay-color":"","overlay-gradient":""},"mobile":{"background-color":"","background-image":"","background-repeat":"repeat","background-position":"center center","background-size":"auto","background-attachment":"scroll","background-type":"","background-media":"","overlay-type":"","overlay-color":"","overlay-gradient":""}},"ast-content-background-meta":{"desktop":{"background-color":"var(--ast-global-color-5)","background-image":"","background-repeat":"repeat","background-position":"center center","background-size":"auto","background-attachment":"scroll","background-type":"","background-media":"","overlay-type":"","overlay-color":"","overlay-gradient":""},"tablet":{"background-color":"var(--ast-global-color-5)","background-image":"","background-repeat":"repeat","background-position":"center center","background-size":"auto","background-attachment":"scroll","background-type":"","background-media":"","overlay-type":"","overlay-color":"","overlay-gradient":""},"mobile":{"background-color":"var(--ast-global-color-5)","background-image":"","background-repeat":"repeat","background-position":"center center","background-size":"auto","background-attachment":"scroll","background-type":"","background-media":"","overlay-type":"","overlay-color":"","overlay-gradient":""}},"footnotes":""},"categories":[147,104,7632,106,222,105,9132,18890,1111],"tags":[7635,7634,28803,52281,63944,19823],"class_list":["post-88107","post","type-post","status-publish","format-standard","hentry","category-ciencias-de-las-artes-y-las-letras","category-historia","category-historia-de-la-musica","category-historia-general","category-historias-especializadas","category-monografias-historicas","category-musica-y-musicologia","category-rioja","category-teoria-analisis-y-critica-de-las-bellas-artes","tag-angel-medina-alvarez","tag-emilio-casares-rodicio","tag-gomez-urdanez-jose-luis","tag-julia-bernal-vazquez","tag-ma-del-pilar-camacho-sanchez","tag-urbano-espinosa-ruiz"],"_links":{"self":[{"href":"https:\/\/www.deberes.net\/tesis\/wp-json\/wp\/v2\/posts\/88107","targetHints":{"allow":["GET"]}}],"collection":[{"href":"https:\/\/www.deberes.net\/tesis\/wp-json\/wp\/v2\/posts"}],"about":[{"href":"https:\/\/www.deberes.net\/tesis\/wp-json\/wp\/v2\/types\/post"}],"author":[{"embeddable":true,"href":"https:\/\/www.deberes.net\/tesis\/wp-json\/wp\/v2\/users\/1"}],"replies":[{"embeddable":true,"href":"https:\/\/www.deberes.net\/tesis\/wp-json\/wp\/v2\/comments?post=88107"}],"version-history":[{"count":0,"href":"https:\/\/www.deberes.net\/tesis\/wp-json\/wp\/v2\/posts\/88107\/revisions"}],"wp:attachment":[{"href":"https:\/\/www.deberes.net\/tesis\/wp-json\/wp\/v2\/media?parent=88107"}],"wp:term":[{"taxonomy":"category","embeddable":true,"href":"https:\/\/www.deberes.net\/tesis\/wp-json\/wp\/v2\/categories?post=88107"},{"taxonomy":"post_tag","embeddable":true,"href":"https:\/\/www.deberes.net\/tesis\/wp-json\/wp\/v2\/tags?post=88107"}],"curies":[{"name":"wp","href":"https:\/\/api.w.org\/{rel}","templated":true}]}}