{"id":88191,"date":"2018-03-10T00:13:08","date_gmt":"2018-03-10T00:13:08","guid":{"rendered":"https:\/\/www.deberes.net\/tesis\/sin-categoria\/utilidad-de-los-indicadores-fundamentales-en-el-analisis-bursatil-aplicacion-al-mercado-espanol\/"},"modified":"2018-03-10T00:13:08","modified_gmt":"2018-03-10T00:13:08","slug":"utilidad-de-los-indicadores-fundamentales-en-el-analisis-bursatil-aplicacion-al-mercado-espanol","status":"publish","type":"post","link":"https:\/\/www.deberes.net\/tesis\/ciencias-economicas\/utilidad-de-los-indicadores-fundamentales-en-el-analisis-bursatil-aplicacion-al-mercado-espanol\/","title":{"rendered":"Utilidad de los indicadores fundamentales en el an\u00e1lisis burs\u00e1til. aplicaci\u00f3n al mercado espa\u00f1ol."},"content":{"rendered":"<h2>Tesis doctoral de <strong> Beatriz Cuellar Fern\u00e1ndez <\/strong><\/h2>\n<p>Una de las herramientas b\u00e1sicas del an\u00e1lisis fundamental, a partir de la cu\u00e1l se aplica una de las t\u00e9cnicas m\u00e1s tradicionales del mismo, la constituyen los ratios burs\u00e1tiles, entendiendo por tales a aquellos que en su definici\u00f3n incorporan una medida del valor de la empresa para el mercado y, por tanto, utilizan una informaci\u00f3n adicional a la puramente contable.  en otro sentido, los contrastes emp\u00edricos desarrollados en las dos \u00faltimas d\u00e9cadas, sugieren que las medidas de riesgo que especifican los modelos tradicionales de valoraci\u00f3n de acciones, no explican adecuadamente las diferencias de corte transversal en la rentabilidad de los t\u00edtulos, mientras que indicadores fundamentales como el per o el ratio fondos propios sobre precio, s\u00ed parecen presentar una capacidad explicativa incremental.  en este contexto planteamos el desarrollo de nuestro trabajo, con el prop\u00f3sito de profundizar en el conocimiento, tanto desde un punto de vista conceptual como emp\u00edrico, del significado y utilidad de este tipo de ratios, de su funci\u00f3n como herramientas del an\u00e1lisis financiero de la empresa y su funci\u00f3n como predictores del comportamiento de los precios en los mercados de capitales.  para la consecuci\u00f3n de este objetivo fundamental hemos dividio nuestro trabajo en tres partes. En la primera presentamos una visi\u00f3n global de la evoluci\u00f3n de los programas de investigaci\u00f3n contable orientados a los mercados de capitales y, m\u00e1s concretamente, los \u00fatlimos desarrollos sobre an\u00e1lisis fundamental. La segunda parte est\u00e1 dedicada al estudio de la formulaci\u00f3n, interpretaci\u00f3n y, muy especialmente, a la identificaci\u00f3n de los factores que influyen tanto en el nivel absoluto, esto es, en sus desviaciones respecto a su valor de referencia o normal, como en el nivel relativo de los ratios burs\u00e1tiles. En la tercera, y \u00fatlima parte del trabajo, analizamos la relaci\u00f3n de este tipo de indicadores con la rentabilidad burs\u00e1til.  los resul<\/p>\n<p>&nbsp;<\/p>\n<h3>Datos acad\u00e9micos de la tesis doctoral \u00ab<strong>Utilidad de los indicadores fundamentales en el an\u00e1lisis burs\u00e1til. aplicaci\u00f3n al mercado espa\u00f1ol.<\/strong>\u00ab<\/h3>\n<ul>\n<li><strong>T\u00edtulo de la tesis:<\/strong>\u00a0 Utilidad de los indicadores fundamentales en el an\u00e1lisis burs\u00e1til. aplicaci\u00f3n al mercado espa\u00f1ol. <\/li>\n<li><strong>Autor:<\/strong>\u00a0 Beatriz Cuellar Fern\u00e1ndez <\/li>\n<li><strong>Universidad:<\/strong>\u00a0 Zaragoza<\/li>\n<li><strong>Fecha de lectura de la tesis:<\/strong>\u00a0 20\/12\/2000<\/li>\n<\/ul>\n<p>&nbsp;<\/p>\n<h3>Direcci\u00f3n y tribunal<\/h3>\n<ul>\n<li><strong>Director de la tesis<\/strong>\n<ul>\n<li>Jos\u00e9 Antonio Lainez Gadea<\/li>\n<\/ul>\n<\/li>\n<li><strong>Tribunal<\/strong>\n<ul>\n<li>Presidente del tribunal: Jos\u00e9 Antonio Gonzalo angulo <\/li>\n<li>vicente Salas fum\u00e1s (vocal)<\/li>\n<li>Juan  Jos\u00e9 Dur\u00e1n herrera (vocal)<\/li>\n<li>Juan Monterrey mayoral (vocal)<\/li>\n<\/ul>\n<\/li>\n<\/ul>\n<p>&nbsp;<\/p>\n","protected":false},"excerpt":{"rendered":"<p>Tesis doctoral de Beatriz Cuellar Fern\u00e1ndez Una de las herramientas b\u00e1sicas del an\u00e1lisis fundamental, a partir de la cu\u00e1l se [&hellip;]<\/p>\n","protected":false},"author":1,"featured_media":0,"comment_status":"open","ping_status":"open","sticky":false,"template":"","format":"standard","meta":{"site-sidebar-layout":"default","site-content-layout":"","ast-site-content-layout":"","site-content-style":"default","site-sidebar-style":"default","ast-global-header-display":"","ast-banner-title-visibility":"","ast-main-header-display":"","ast-hfb-above-header-display":"","ast-hfb-below-header-display":"","ast-hfb-mobile-header-display":"","site-post-title":"","ast-breadcrumbs-content":"","ast-featured-img":"","footer-sml-layout":"","theme-transparent-header-meta":"","adv-header-id-meta":"","stick-header-meta":"","header-above-stick-meta":"","header-main-stick-meta":"","header-below-stick-meta":"","astra-migrate-meta-layouts":"default","ast-page-background-enabled":"default","ast-page-background-meta":{"desktop":{"background-color":"var(--ast-global-color-4)","background-image":"","background-repeat":"repeat","background-position":"center center","background-size":"auto","background-attachment":"scroll","background-type":"","background-media":"","overlay-type":"","overlay-color":"","overlay-gradient":""},"tablet":{"background-color":"","background-image":"","background-repeat":"repeat","background-position":"center center","background-size":"auto","background-attachment":"scroll","background-type":"","background-media":"","overlay-type":"","overlay-color":"","overlay-gradient":""},"mobile":{"background-color":"","background-image":"","background-repeat":"repeat","background-position":"center center","background-size":"auto","background-attachment":"scroll","background-type":"","background-media":"","overlay-type":"","overlay-color":"","overlay-gradient":""}},"ast-content-background-meta":{"desktop":{"background-color":"var(--ast-global-color-5)","background-image":"","background-repeat":"repeat","background-position":"center center","background-size":"auto","background-attachment":"scroll","background-type":"","background-media":"","overlay-type":"","overlay-color":"","overlay-gradient":""},"tablet":{"background-color":"var(--ast-global-color-5)","background-image":"","background-repeat":"repeat","background-position":"center center","background-size":"auto","background-attachment":"scroll","background-type":"","background-media":"","overlay-type":"","overlay-color":"","overlay-gradient":""},"mobile":{"background-color":"var(--ast-global-color-5)","background-image":"","background-repeat":"repeat","background-position":"center center","background-size":"auto","background-attachment":"scroll","background-type":"","background-media":"","overlay-type":"","overlay-color":"","overlay-gradient":""}},"footnotes":""},"categories":[82,1697,13610],"tags":[184163,1702,31544,5609,1705,6834],"class_list":["post-88191","post","type-post","status-publish","format-standard","hentry","category-ciencias-economicas","category-contabilidad-economica","category-zaragoza","tag-beatriz-cuellar-fernandez","tag-jose-antonio-gonzalo-angulo","tag-jose-antonio-lainez-gadea","tag-juan-jose-duran-herrera","tag-juan-monterrey-mayoral","tag-vicente-salas-fumas"],"_links":{"self":[{"href":"https:\/\/www.deberes.net\/tesis\/wp-json\/wp\/v2\/posts\/88191","targetHints":{"allow":["GET"]}}],"collection":[{"href":"https:\/\/www.deberes.net\/tesis\/wp-json\/wp\/v2\/posts"}],"about":[{"href":"https:\/\/www.deberes.net\/tesis\/wp-json\/wp\/v2\/types\/post"}],"author":[{"embeddable":true,"href":"https:\/\/www.deberes.net\/tesis\/wp-json\/wp\/v2\/users\/1"}],"replies":[{"embeddable":true,"href":"https:\/\/www.deberes.net\/tesis\/wp-json\/wp\/v2\/comments?post=88191"}],"version-history":[{"count":0,"href":"https:\/\/www.deberes.net\/tesis\/wp-json\/wp\/v2\/posts\/88191\/revisions"}],"wp:attachment":[{"href":"https:\/\/www.deberes.net\/tesis\/wp-json\/wp\/v2\/media?parent=88191"}],"wp:term":[{"taxonomy":"category","embeddable":true,"href":"https:\/\/www.deberes.net\/tesis\/wp-json\/wp\/v2\/categories?post=88191"},{"taxonomy":"post_tag","embeddable":true,"href":"https:\/\/www.deberes.net\/tesis\/wp-json\/wp\/v2\/tags?post=88191"}],"curies":[{"name":"wp","href":"https:\/\/api.w.org\/{rel}","templated":true}]}}