{"id":88232,"date":"2018-03-10T00:13:12","date_gmt":"2018-03-10T00:13:12","guid":{"rendered":"https:\/\/www.deberes.net\/tesis\/sin-categoria\/empresarios-y-organizaciones-el-asociacionismo-empresarial-en-espana-analisis-descriptivo-de-la-conformacion-del-sujeto-empresarial-de-las-relaciones-industriales\/"},"modified":"2018-03-10T00:13:12","modified_gmt":"2018-03-10T00:13:12","slug":"empresarios-y-organizaciones-el-asociacionismo-empresarial-en-espana-analisis-descriptivo-de-la-conformacion-del-sujeto-empresarial-de-las-relaciones-industriales","status":"publish","type":"post","link":"https:\/\/www.deberes.net\/tesis\/ciencias-juridicas-y-derecho\/empresarios-y-organizaciones-el-asociacionismo-empresarial-en-espana-analisis-descriptivo-de-la-conformacion-del-sujeto-empresarial-de-las-relaciones-industriales\/","title":{"rendered":"Empresarios y organizaciones. el asociacionismo empresarial en espa\u00f1a. analisis descriptivo de la conformaci\u00f3n del sujeto empresarial de las relaciones industriales."},"content":{"rendered":"<h2>Tesis doctoral de <strong>  Garcia Femenia Ana M. <\/strong><\/h2>\n<p>El asociacionismo empresarial en espa\u00f1a surge en un proceso paralelo a la implantaci\u00f3n en nuestro pa\u00eds del sistema de producci\u00f3n capitalista. en un principio sonlos itnereses de los empresarios como productores los que determinan el tipo de asociacionismo. Pero pronto la aparici\u00f3n y desarrollo de la defensa de los intereses de los empresarios frente al movimiento obrero. Es entonces cuando cobra fuerza el sindicalismo patronal.  en la etapa franquista, en torno a la estructura corporativa de la organizaci\u00f3n sindical, comienza a desarrollarse un asociacionismo fundamentalmente sectorial, para la acci\u00f3n colectiva de los emprearios en su vertiente de productores. esas estructuras asociativas, que gozar\u00e1n de una autonom\u00eda que no tuvieron las de los trabajadores, cobrar\u00e1n unpeso muy relevante en los momentos de la transici\u00f3n democr\u00e1tica y se asegurar\u00e1 a su vez una traslaci\u00f3n total de dichas estructuras al nuevo marco de libre asociacionismo.  el intenso movimiento asociativo que se desarrolla a partir de ese momento produjo un complejo entramado fundamentalmente en torno a los polos territorial y sectorial, en el que han intervenido diversos factores que se analizan en este trabajo. El modelo neocorporativo vigente desde la instauraci\u00f3n de la democracia ha desempe\u00f1ado a su vez un papel crucial en ese dise\u00f1o del asociacionismo que hoy perdura.  este trabajo permite refutar la tesis predominante en el derecho del trabajo consitente en que el empresariado ser\u00eda un sujeto reactivo en las relaciones industriales, dado que queda suficientemente contrastado el hecho de que los empresarios han tenido siempre su propia agenda de intereses, que les ha llevado a organizarse para la defensa de los mismos.<\/p>\n<p>&nbsp;<\/p>\n<h3>Datos acad\u00e9micos de la tesis doctoral \u00ab<strong>Empresarios y organizaciones. el asociacionismo empresarial en espa\u00f1a. analisis descriptivo de la conformaci\u00f3n del sujeto empresarial de las relaciones industriales.<\/strong>\u00ab<\/h3>\n<ul>\n<li><strong>T\u00edtulo de la tesis:<\/strong>\u00a0 Empresarios y organizaciones. el asociacionismo empresarial en espa\u00f1a. analisis descriptivo de la conformaci\u00f3n del sujeto empresarial de las relaciones industriales. <\/li>\n<li><strong>Autor:<\/strong>\u00a0  Garcia Femenia Ana M. <\/li>\n<li><strong>Universidad:<\/strong>\u00a0 Complutense de Madrid<\/li>\n<li><strong>Fecha de lectura de la tesis:<\/strong>\u00a0 21\/12\/2000<\/li>\n<\/ul>\n<p>&nbsp;<\/p>\n<h3>Direcci\u00f3n y tribunal<\/h3>\n<ul>\n<li><strong>Director de la tesis<\/strong>\n<ul>\n<li>Federico Dur\u00e1n L\u00f3pez<\/li>\n<\/ul>\n<\/li>\n<li><strong>Tribunal<\/strong>\n<ul>\n<li>Presidente del tribunal: alfredo Montoya melgar <\/li>\n<li>Jaime Montalvo correa (vocal)<\/li>\n<li> Sargaboy bengoeche Juan  Antonio (vocal)<\/li>\n<li>Juan  Emilio Iranzo mart\u00edn (vocal)<\/li>\n<\/ul>\n<\/li>\n<\/ul>\n<p>&nbsp;<\/p>\n","protected":false},"excerpt":{"rendered":"<p>Tesis doctoral de Garcia Femenia Ana M. El asociacionismo empresarial en espa\u00f1a surge en un proceso paralelo a la implantaci\u00f3n [&hellip;]<\/p>\n","protected":false},"author":1,"featured_media":0,"comment_status":"open","ping_status":"open","sticky":false,"template":"","format":"standard","meta":{"site-sidebar-layout":"default","site-content-layout":"","ast-site-content-layout":"","site-content-style":"default","site-sidebar-style":"default","ast-global-header-display":"","ast-banner-title-visibility":"","ast-main-header-display":"","ast-hfb-above-header-display":"","ast-hfb-below-header-display":"","ast-hfb-mobile-header-display":"","site-post-title":"","ast-breadcrumbs-content":"","ast-featured-img":"","footer-sml-layout":"","theme-transparent-header-meta":"","adv-header-id-meta":"","stick-header-meta":"","header-above-stick-meta":"","header-main-stick-meta":"","header-below-stick-meta":"","astra-migrate-meta-layouts":"default","ast-page-background-enabled":"default","ast-page-background-meta":{"desktop":{"background-color":"var(--ast-global-color-4)","background-image":"","background-repeat":"repeat","background-position":"center center","background-size":"auto","background-attachment":"scroll","background-type":"","background-media":"","overlay-type":"","overlay-color":"","overlay-gradient":""},"tablet":{"background-color":"","background-image":"","background-repeat":"repeat","background-position":"center center","background-size":"auto","background-attachment":"scroll","background-type":"","background-media":"","overlay-type":"","overlay-color":"","overlay-gradient":""},"mobile":{"background-color":"","background-image":"","background-repeat":"repeat","background-position":"center center","background-size":"auto","background-attachment":"scroll","background-type":"","background-media":"","overlay-type":"","overlay-color":"","overlay-gradient":""}},"ast-content-background-meta":{"desktop":{"background-color":"var(--ast-global-color-5)","background-image":"","background-repeat":"repeat","background-position":"center center","background-size":"auto","background-attachment":"scroll","background-type":"","background-media":"","overlay-type":"","overlay-color":"","overlay-gradient":""},"tablet":{"background-color":"var(--ast-global-color-5)","background-image":"","background-repeat":"repeat","background-position":"center center","background-size":"auto","background-attachment":"scroll","background-type":"","background-media":"","overlay-type":"","overlay-color":"","overlay-gradient":""},"mobile":{"background-color":"var(--ast-global-color-5)","background-image":"","background-repeat":"repeat","background-position":"center center","background-size":"auto","background-attachment":"scroll","background-type":"","background-media":"","overlay-type":"","overlay-color":"","overlay-gradient":""}},"footnotes":""},"categories":[612,2170,979],"tags":[5169,2172,184227,17336,5066,184228],"class_list":["post-88232","post","type-post","status-publish","format-standard","hentry","category-ciencias-juridicas-y-derecho","category-derecho-del-trabajo-y-de-la-seguridad-social","category-derecho-y-legislacion-nacionales","tag-alfredo-montoya-melgar","tag-federico-duran-lopez","tag-garcia-femenia-ana-m","tag-jaime-montalvo-correa","tag-juan-emilio-iranzo-martin","tag-sargaboy-bengoeche-juan-antonio"],"_links":{"self":[{"href":"https:\/\/www.deberes.net\/tesis\/wp-json\/wp\/v2\/posts\/88232","targetHints":{"allow":["GET"]}}],"collection":[{"href":"https:\/\/www.deberes.net\/tesis\/wp-json\/wp\/v2\/posts"}],"about":[{"href":"https:\/\/www.deberes.net\/tesis\/wp-json\/wp\/v2\/types\/post"}],"author":[{"embeddable":true,"href":"https:\/\/www.deberes.net\/tesis\/wp-json\/wp\/v2\/users\/1"}],"replies":[{"embeddable":true,"href":"https:\/\/www.deberes.net\/tesis\/wp-json\/wp\/v2\/comments?post=88232"}],"version-history":[{"count":0,"href":"https:\/\/www.deberes.net\/tesis\/wp-json\/wp\/v2\/posts\/88232\/revisions"}],"wp:attachment":[{"href":"https:\/\/www.deberes.net\/tesis\/wp-json\/wp\/v2\/media?parent=88232"}],"wp:term":[{"taxonomy":"category","embeddable":true,"href":"https:\/\/www.deberes.net\/tesis\/wp-json\/wp\/v2\/categories?post=88232"},{"taxonomy":"post_tag","embeddable":true,"href":"https:\/\/www.deberes.net\/tesis\/wp-json\/wp\/v2\/tags?post=88232"}],"curies":[{"name":"wp","href":"https:\/\/api.w.org\/{rel}","templated":true}]}}