{"id":88268,"date":"2018-03-10T00:13:12","date_gmt":"2018-03-10T00:13:12","guid":{"rendered":"https:\/\/www.deberes.net\/tesis\/sin-categoria\/algoritmos-de-modelado-de-particiones-multicapa-para-la-prediccion-de-su-aislamiento-acustico-a-ruido-aereo\/"},"modified":"2018-03-10T00:13:12","modified_gmt":"2018-03-10T00:13:12","slug":"algoritmos-de-modelado-de-particiones-multicapa-para-la-prediccion-de-su-aislamiento-acustico-a-ruido-aereo","status":"publish","type":"post","link":"https:\/\/www.deberes.net\/tesis\/fisica\/algoritmos-de-modelado-de-particiones-multicapa-para-la-prediccion-de-su-aislamiento-acustico-a-ruido-aereo\/","title":{"rendered":"Algoritmos de modelado de particiones multicapa para la predicci\u00f3n de su aislamiento ac\u00fastico a ruido a\u00e9reo"},"content":{"rendered":"<h2>Tesis doctoral de <strong> Jes\u00fas Alba Fern\u00e1ndez <\/strong><\/h2>\n<p>En este trabajo de tesis se ha pretendido obtener modelos con los cuales poder simular ciertas configuraciones multicapa en el \u00e1mbito del aislamiento ac\u00fastico a ruido, incluyendo, dentro de lo posible, el efecto de resonancia interna de las camaras y el efecto del paso de capa infinita a capa finita. para ello se han seleccionado modelos con lod que poder obtener la m\u00e1xima informaci\u00f3n de la configuraci\u00f3n multicapa: desplazamiento de las placas, presi\u00f3n reflejada y transmitida, y las ondas de presi\u00f3n formadas en las c\u00e1maras de aire o en el interior de materiales absorbentes.  se han realizado dos aportaciones diferenciadas. Por un lado se han propuesto diferentes m\u00e9todos con los que caracterizar desde el punto de vista ac\u00fastico materiales absorventes y capas impermeables. Por otro, se han probado y validado diferentes modelos con los que caracterizar estructuradas multicapa para obtener su aislamiento a ruido a\u00e9reo.<\/p>\n<p>&nbsp;<\/p>\n<h3>Datos acad\u00e9micos de la tesis doctoral \u00ab<strong>Algoritmos de modelado de particiones multicapa para la predicci\u00f3n de su aislamiento ac\u00fastico a ruido a\u00e9reo<\/strong>\u00ab<\/h3>\n<ul>\n<li><strong>T\u00edtulo de la tesis:<\/strong>\u00a0 Algoritmos de modelado de particiones multicapa para la predicci\u00f3n de su aislamiento ac\u00fastico a ruido a\u00e9reo <\/li>\n<li><strong>Autor:<\/strong>\u00a0 Jes\u00fas Alba Fern\u00e1ndez <\/li>\n<li><strong>Universidad:<\/strong>\u00a0 Polit\u00e9cnica de Valencia<\/li>\n<li><strong>Fecha de lectura de la tesis:<\/strong>\u00a0 21\/12\/2000<\/li>\n<\/ul>\n<p>&nbsp;<\/p>\n<h3>Direcci\u00f3n y tribunal<\/h3>\n<ul>\n<li><strong>Director de la tesis<\/strong>\n<ul>\n<li>Jaime Llinares Galiana<\/li>\n<\/ul>\n<\/li>\n<li><strong>Tribunal<\/strong>\n<ul>\n<li>Presidente del tribunal: Francisco Belmar iba\u00f1ez <\/li>\n<li>Antonio Minguez olivares (vocal)<\/li>\n<li>Manuel Recuero lopez (vocal)<\/li>\n<li>Antonio Hospitaler perez (vocal)<\/li>\n<\/ul>\n<\/li>\n<\/ul>\n<p>&nbsp;<\/p>\n","protected":false},"excerpt":{"rendered":"<p>Tesis doctoral de Jes\u00fas Alba Fern\u00e1ndez En este trabajo de tesis se ha pretendido obtener modelos con los cuales poder [&hellip;]<\/p>\n","protected":false},"author":1,"featured_media":0,"comment_status":"open","ping_status":"open","sticky":false,"template":"","format":"standard","meta":{"site-sidebar-layout":"default","site-content-layout":"","ast-site-content-layout":"","site-content-style":"default","site-sidebar-style":"default","ast-global-header-display":"","ast-banner-title-visibility":"","ast-main-header-display":"","ast-hfb-above-header-display":"","ast-hfb-below-header-display":"","ast-hfb-mobile-header-display":"","site-post-title":"","ast-breadcrumbs-content":"","ast-featured-img":"","footer-sml-layout":"","theme-transparent-header-meta":"","adv-header-id-meta":"","stick-header-meta":"","header-above-stick-meta":"","header-main-stick-meta":"","header-below-stick-meta":"","astra-migrate-meta-layouts":"default","ast-page-background-enabled":"default","ast-page-background-meta":{"desktop":{"background-color":"var(--ast-global-color-4)","background-image":"","background-repeat":"repeat","background-position":"center center","background-size":"auto","background-attachment":"scroll","background-type":"","background-media":"","overlay-type":"","overlay-color":"","overlay-gradient":""},"tablet":{"background-color":"","background-image":"","background-repeat":"repeat","background-position":"center center","background-size":"auto","background-attachment":"scroll","background-type":"","background-media":"","overlay-type":"","overlay-color":"","overlay-gradient":""},"mobile":{"background-color":"","background-image":"","background-repeat":"repeat","background-position":"center center","background-size":"auto","background-attachment":"scroll","background-type":"","background-media":"","overlay-type":"","overlay-color":"","overlay-gradient":""}},"ast-content-background-meta":{"desktop":{"background-color":"var(--ast-global-color-5)","background-image":"","background-repeat":"repeat","background-position":"center center","background-size":"auto","background-attachment":"scroll","background-type":"","background-media":"","overlay-type":"","overlay-color":"","overlay-gradient":""},"tablet":{"background-color":"var(--ast-global-color-5)","background-image":"","background-repeat":"repeat","background-position":"center center","background-size":"auto","background-attachment":"scroll","background-type":"","background-media":"","overlay-type":"","overlay-color":"","overlay-gradient":""},"mobile":{"background-color":"var(--ast-global-color-5)","background-image":"","background-repeat":"repeat","background-position":"center center","background-size":"auto","background-attachment":"scroll","background-type":"","background-media":"","overlay-type":"","overlay-color":"","overlay-gradient":""}},"footnotes":""},"categories":[5190,16945,199,16820,16854],"tags":[31369,40783,16857,11530,184289,5055],"class_list":["post-88268","post","type-post","status-publish","format-standard","hentry","category-acustica","category-acustica-arquitectonica","category-fisica","category-politecnica-de-valencia","category-ruido","tag-antonio-hospitaler-perez","tag-antonio-minguez-olivares","tag-francisco-belmar-ibanez","tag-jaime-llinares-galiana","tag-jesus-alba-fernandez","tag-manuel-recuero-lopez"],"_links":{"self":[{"href":"https:\/\/www.deberes.net\/tesis\/wp-json\/wp\/v2\/posts\/88268","targetHints":{"allow":["GET"]}}],"collection":[{"href":"https:\/\/www.deberes.net\/tesis\/wp-json\/wp\/v2\/posts"}],"about":[{"href":"https:\/\/www.deberes.net\/tesis\/wp-json\/wp\/v2\/types\/post"}],"author":[{"embeddable":true,"href":"https:\/\/www.deberes.net\/tesis\/wp-json\/wp\/v2\/users\/1"}],"replies":[{"embeddable":true,"href":"https:\/\/www.deberes.net\/tesis\/wp-json\/wp\/v2\/comments?post=88268"}],"version-history":[{"count":0,"href":"https:\/\/www.deberes.net\/tesis\/wp-json\/wp\/v2\/posts\/88268\/revisions"}],"wp:attachment":[{"href":"https:\/\/www.deberes.net\/tesis\/wp-json\/wp\/v2\/media?parent=88268"}],"wp:term":[{"taxonomy":"category","embeddable":true,"href":"https:\/\/www.deberes.net\/tesis\/wp-json\/wp\/v2\/categories?post=88268"},{"taxonomy":"post_tag","embeddable":true,"href":"https:\/\/www.deberes.net\/tesis\/wp-json\/wp\/v2\/tags?post=88268"}],"curies":[{"name":"wp","href":"https:\/\/api.w.org\/{rel}","templated":true}]}}