{"id":88297,"date":"2018-03-10T00:13:17","date_gmt":"2018-03-10T00:13:17","guid":{"rendered":"https:\/\/www.deberes.net\/tesis\/sin-categoria\/la-cultura-libertaria-en-el-pais-valenciano1931-1939sociabilidad-y-practicas-culturales\/"},"modified":"2018-03-10T00:13:17","modified_gmt":"2018-03-10T00:13:17","slug":"la-cultura-libertaria-en-el-pais-valenciano1931-1939sociabilidad-y-practicas-culturales","status":"publish","type":"post","link":"https:\/\/www.deberes.net\/tesis\/historia\/la-cultura-libertaria-en-el-pais-valenciano1931-1939sociabilidad-y-practicas-culturales\/","title":{"rendered":"La cultura libertaria en el pais Valenciano(1931-1939):sociabilidad y pr\u00e1cticas culturales."},"content":{"rendered":"<h2>Tesis doctoral de <strong> Francisco Javier Navarro Navarro <\/strong><\/h2>\n<p>Esta investigaci\u00f3n se centra en el an\u00e1lisis de las caracter\u00edsticas de la sociabilidad cultural de las entidades, n\u00facleos y grupos de militantes anarquistas y anarcosindicalistas en el pa\u00eds Valenciano durante los a\u00f1os de la segunda rep\u00fablica y la guerra civil, los espacios en que se desarrollaba y las pr\u00e1cticas culturales que ten\u00edan lugar en ellos. Esos espacios y redes sociales, as\u00ed como el abanico de actividades, relaciones, afectos y valores tejido en torno a ellos, desempe\u00f1aban un rol crucial en la construcci\u00f3n de una identidad libertaria, en la conformaci\u00f3n de un tipo de vida y de cultura\u00bbmilitante\u00bb y en la puesta en marcha de una determinada forma de acci\u00f3n colectiva, en este caso la promovida desde el movimiento confederal y \u00e1crata. Nuestra atenci\u00f3n se dirige especialmente hacia los elementos y pr\u00e1cticas de car\u00e1cter cultural que, lejos de cumplir una funci\u00f3n marginal o subsidiaria(como en ocasiones se ha se\u00f1alado)jugaban, por el contrario, un papel fundamental en este proceso. En los cap\u00edtulos que componen el primer bloque el objetivo es mostrar las pautas generales de la sociabilidad cultural libertaria en este per\u00edodo(1931-1939): cu\u00e1les son sus constantes, qu\u00e9 formas adopta y en qu\u00e9 espacios se desarrolla. En el segundo y tercer bloques se aborda ya directamente el an\u00e1lisis concreto de los c\u00edrculos, lugares de reuni\u00f3n y plataformas asociativas propias del movimiento libertario en el \u00e1mbito geogr\u00e1fico y cronol\u00f3gico objeto del presente estudio. Nos detenemos, sobre todo, en aquellos centros y asociaciones con una finalidad m\u00e1s especificamente instructiva: los grupos de car\u00e1cter cultural, las agrupaciones de juventudes libertarias o mujeres libres, y los ateneos. Finalmente, en el cuarto bloque se examina en profundidad el contenido de las distintas pr\u00e1cticas culturales de la militancia libertaria durante estos a\u00f1os: organizaci\u00f3n de conferencias, charlas, cursillos o clases; puesta en marcha de escuel<\/p>\n<p>&nbsp;<\/p>\n<h3>Datos acad\u00e9micos de la tesis doctoral \u00ab<strong>La cultura libertaria en el pais Valenciano(1931-1939):sociabilidad y pr\u00e1cticas culturales.<\/strong>\u00ab<\/h3>\n<ul>\n<li><strong>T\u00edtulo de la tesis:<\/strong>\u00a0 La cultura libertaria en el pais Valenciano(1931-1939):sociabilidad y pr\u00e1cticas culturales. <\/li>\n<li><strong>Autor:<\/strong>\u00a0 Francisco Javier Navarro Navarro <\/li>\n<li><strong>Universidad:<\/strong>\u00a0 Universitat de val\u00e9ncia (estudi general)<\/li>\n<li><strong>Fecha de lectura de la tesis:<\/strong>\u00a0 22\/12\/2000<\/li>\n<\/ul>\n<p>&nbsp;<\/p>\n<h3>Direcci\u00f3n y tribunal<\/h3>\n<ul>\n<li><strong>Director de la tesis<\/strong>\n<ul>\n<li>Albert Girona Albuixech<\/li>\n<\/ul>\n<\/li>\n<li><strong>Tribunal<\/strong>\n<ul>\n<li>Presidente del tribunal: jose \u00e1lvarez junco <\/li>\n<li>louis Guere\u00f1a jean (vocal)<\/li>\n<li>Manuel Perez ledesma (vocal)<\/li>\n<li>pere Gabriel sirvent (vocal)<\/li>\n<\/ul>\n<\/li>\n<\/ul>\n<p>&nbsp;<\/p>\n","protected":false},"excerpt":{"rendered":"<p>Tesis doctoral de Francisco Javier Navarro Navarro Esta investigaci\u00f3n se centra en el an\u00e1lisis de las caracter\u00edsticas de la sociabilidad [&hellip;]<\/p>\n","protected":false},"author":1,"featured_media":0,"comment_status":"open","ping_status":"open","sticky":false,"template":"","format":"standard","meta":{"site-sidebar-layout":"default","site-content-layout":"","ast-site-content-layout":"","site-content-style":"default","site-sidebar-style":"default","ast-global-header-display":"","ast-banner-title-visibility":"","ast-main-header-display":"","ast-hfb-above-header-display":"","ast-hfb-below-header-display":"","ast-hfb-mobile-header-display":"","site-post-title":"","ast-breadcrumbs-content":"","ast-featured-img":"","footer-sml-layout":"","theme-transparent-header-meta":"","adv-header-id-meta":"","stick-header-meta":"","header-above-stick-meta":"","header-main-stick-meta":"","header-below-stick-meta":"","astra-migrate-meta-layouts":"default","ast-page-background-enabled":"default","ast-page-background-meta":{"desktop":{"background-color":"var(--ast-global-color-4)","background-image":"","background-repeat":"repeat","background-position":"center center","background-size":"auto","background-attachment":"scroll","background-type":"","background-media":"","overlay-type":"","overlay-color":"","overlay-gradient":""},"tablet":{"background-color":"","background-image":"","background-repeat":"repeat","background-position":"center center","background-size":"auto","background-attachment":"scroll","background-type":"","background-media":"","overlay-type":"","overlay-color":"","overlay-gradient":""},"mobile":{"background-color":"","background-image":"","background-repeat":"repeat","background-position":"center center","background-size":"auto","background-attachment":"scroll","background-type":"","background-media":"","overlay-type":"","overlay-color":"","overlay-gradient":""}},"ast-content-background-meta":{"desktop":{"background-color":"var(--ast-global-color-5)","background-image":"","background-repeat":"repeat","background-position":"center center","background-size":"auto","background-attachment":"scroll","background-type":"","background-media":"","overlay-type":"","overlay-color":"","overlay-gradient":""},"tablet":{"background-color":"var(--ast-global-color-5)","background-image":"","background-repeat":"repeat","background-position":"center center","background-size":"auto","background-attachment":"scroll","background-type":"","background-media":"","overlay-type":"","overlay-color":"","overlay-gradient":""},"mobile":{"background-color":"var(--ast-global-color-5)","background-image":"","background-repeat":"repeat","background-position":"center center","background-size":"auto","background-attachment":"scroll","background-type":"","background-media":"","overlay-type":"","overlay-color":"","overlay-gradient":""}},"footnotes":""},"categories":[104,1816,3538,220,222],"tags":[12145,184331,31409,59283,7514,19126],"class_list":["post-88297","post","type-post","status-publish","format-standard","hentry","category-historia","category-historia-contemporanea","category-historia-de-las-ideas-politicas","category-historia-por-epocas","category-historias-especializadas","tag-albert-girona-albuixech","tag-francisco-javier-navarro-navarro","tag-jose-alvarez-junco","tag-louis-guerena-jean","tag-manuel-perez-ledesma","tag-pere-gabriel-sirvent"],"_links":{"self":[{"href":"https:\/\/www.deberes.net\/tesis\/wp-json\/wp\/v2\/posts\/88297","targetHints":{"allow":["GET"]}}],"collection":[{"href":"https:\/\/www.deberes.net\/tesis\/wp-json\/wp\/v2\/posts"}],"about":[{"href":"https:\/\/www.deberes.net\/tesis\/wp-json\/wp\/v2\/types\/post"}],"author":[{"embeddable":true,"href":"https:\/\/www.deberes.net\/tesis\/wp-json\/wp\/v2\/users\/1"}],"replies":[{"embeddable":true,"href":"https:\/\/www.deberes.net\/tesis\/wp-json\/wp\/v2\/comments?post=88297"}],"version-history":[{"count":0,"href":"https:\/\/www.deberes.net\/tesis\/wp-json\/wp\/v2\/posts\/88297\/revisions"}],"wp:attachment":[{"href":"https:\/\/www.deberes.net\/tesis\/wp-json\/wp\/v2\/media?parent=88297"}],"wp:term":[{"taxonomy":"category","embeddable":true,"href":"https:\/\/www.deberes.net\/tesis\/wp-json\/wp\/v2\/categories?post=88297"},{"taxonomy":"post_tag","embeddable":true,"href":"https:\/\/www.deberes.net\/tesis\/wp-json\/wp\/v2\/tags?post=88297"}],"curies":[{"name":"wp","href":"https:\/\/api.w.org\/{rel}","templated":true}]}}