{"id":88320,"date":"2001-01-01T00:00:00","date_gmt":"2001-01-01T00:00:00","guid":{"rendered":"https:\/\/www.deberes.net\/tesis\/sin-categoria\/la-educacion-en-materia-de-comunicacion-en-los-centros-de-ensenanza\/"},"modified":"2001-01-01T00:00:00","modified_gmt":"2001-01-01T00:00:00","slug":"la-educacion-en-materia-de-comunicacion-en-los-centros-de-ensenanza","status":"publish","type":"post","link":"https:\/\/www.deberes.net\/tesis\/sin-categoria\/la-educacion-en-materia-de-comunicacion-en-los-centros-de-ensenanza\/","title":{"rendered":"La educacion en materia de comunicacion en los centros de ense\u00f1anza."},"content":{"rendered":"<h2>Tesis doctoral de <strong>  Martinez-fresneda Osorio Humberto Jose <\/strong><\/h2>\n<p>La integraci\u00f3n de la educaci\u00f3n en materia de comunicaci\u00f3n viene siendo objeto de reflexi\u00f3n desde hace tiempo. C\u00f3mo debe aprovechar la escuela todo el bagaje formativo que aportan los medios de comunicaci\u00f3n al alumno y que supone un replanteamiento de la actividad educativa?.  en esta investigaci\u00f3n se analiza la necesidad de integraci\u00f3n de la educaci\u00f3n en materia de comunicaci\u00f3n dentro de la escuela y su implicaci\u00f3n m\u00e1s efectiva en el proceso de aprendizaje del alumno. En primer lugar se contextualiza el marco donde se va a desenvolver la educaci\u00f3n en materia de comunicaci\u00f3n. As\u00ed, se describe la cultura escolar y los elementos que la componen. A continuaci\u00f3n se rescata el concepto de transversalidad y se pone en relaci\u00f3n con la educaci\u00f3n en materia de comunicaci\u00f3n como posible f\u00f3rmula de concreci\u00f3n de la educaci\u00f3n en materia de comunicaci\u00f3n dentro del curr\u00edculum. Adem\u00e1s, se estudian modelos de intervenci\u00f3n en la escuela a trav\u00e9s de las tecnolog\u00edas de la informaci\u00f3n y de la comunicaci\u00f3n y su repercusi\u00f3n en la actividad educativa y, finalmente, se propone un modelo de incorporaci\u00f3n de la educaci\u00f3n en materia de comunicaci\u00f3n al centro escolar, de manera que implique a todos sus elementos, redimensione el curr\u00edculum y ayude a la formaci\u00f3n de un ciudadano cr\u00edtico capaz de interpretar la realidad, desde principios aut\u00f3nomos, creativos y libres.<\/p>\n<p>&nbsp;<\/p>\n<h3>Datos acad\u00e9micos de la tesis doctoral \u00ab<strong>La educacion en materia de comunicacion en los centros de ense\u00f1anza.<\/strong>\u00ab<\/h3>\n<ul>\n<li><strong>T\u00edtulo de la tesis:<\/strong>\u00a0 La educacion en materia de comunicacion en los centros de ense\u00f1anza. <\/li>\n<li><strong>Autor:<\/strong>\u00a0  Martinez-fresneda Osorio Humberto Jose <\/li>\n<li><strong>Universidad:<\/strong>\u00a0 Complutense de Madrid<\/li>\n<li><strong>Fecha de lectura de la tesis:<\/strong>\u00a0 01\/01\/2001<\/li>\n<\/ul>\n<p>&nbsp;<\/p>\n<h3>Direcci\u00f3n y tribunal<\/h3>\n<ul>\n<li><strong>Director de la tesis<\/strong>\n<ul>\n<li>Agust\u00edn Garc\u00eda Matilla<\/li>\n<\/ul>\n<\/li>\n<li><strong>Tribunal<\/strong>\n<ul>\n<li>Presidente del tribunal: Mar\u00eda no Cebrian herreros <\/li>\n<li>joan Ferr\u00e9s prats (vocal)<\/li>\n<li>roberto Aparici marino (vocal)<\/li>\n<li>Javier Callejo gallego (vocal)<\/li>\n<\/ul>\n<\/li>\n<\/ul>\n<p>&nbsp;<\/p>\n","protected":false},"excerpt":{"rendered":"<p>Tesis doctoral de Martinez-fresneda Osorio Humberto Jose La integraci\u00f3n de la educaci\u00f3n en materia de comunicaci\u00f3n viene siendo objeto de [&hellip;]<\/p>\n","protected":false},"author":1,"featured_media":0,"comment_status":"open","ping_status":"open","sticky":false,"template":"","format":"standard","meta":{"site-sidebar-layout":"default","site-content-layout":"","ast-site-content-layout":"","site-content-style":"default","site-sidebar-style":"default","ast-global-header-display":"","ast-banner-title-visibility":"","ast-main-header-display":"","ast-hfb-above-header-display":"","ast-hfb-below-header-display":"","ast-hfb-mobile-header-display":"","site-post-title":"","ast-breadcrumbs-content":"","ast-featured-img":"","footer-sml-layout":"","theme-transparent-header-meta":"","adv-header-id-meta":"","stick-header-meta":"","header-above-stick-meta":"","header-main-stick-meta":"","header-below-stick-meta":"","astra-migrate-meta-layouts":"default","ast-page-background-enabled":"default","ast-page-background-meta":{"desktop":{"background-color":"var(--ast-global-color-4)","background-image":"","background-repeat":"repeat","background-position":"center center","background-size":"auto","background-attachment":"scroll","background-type":"","background-media":"","overlay-type":"","overlay-color":"","overlay-gradient":""},"tablet":{"background-color":"","background-image":"","background-repeat":"repeat","background-position":"center center","background-size":"auto","background-attachment":"scroll","background-type":"","background-media":"","overlay-type":"","overlay-color":"","overlay-gradient":""},"mobile":{"background-color":"","background-image":"","background-repeat":"repeat","background-position":"center center","background-size":"auto","background-attachment":"scroll","background-type":"","background-media":"","overlay-type":"","overlay-color":"","overlay-gradient":""}},"ast-content-background-meta":{"desktop":{"background-color":"var(--ast-global-color-5)","background-image":"","background-repeat":"repeat","background-position":"center center","background-size":"auto","background-attachment":"scroll","background-type":"","background-media":"","overlay-type":"","overlay-color":"","overlay-gradient":""},"tablet":{"background-color":"var(--ast-global-color-5)","background-image":"","background-repeat":"repeat","background-position":"center center","background-size":"auto","background-attachment":"scroll","background-type":"","background-media":"","overlay-type":"","overlay-color":"","overlay-gradient":""},"mobile":{"background-color":"var(--ast-global-color-5)","background-image":"","background-repeat":"repeat","background-position":"center center","background-size":"auto","background-attachment":"scroll","background-type":"","background-media":"","overlay-type":"","overlay-color":"","overlay-gradient":""}},"footnotes":""},"categories":[1],"tags":[44582,45196,63948,4909,184369,44579],"class_list":["post-88320","post","type-post","status-publish","format-standard","hentry","category-sin-categoria","tag-agustin-garcia-matilla","tag-javier-callejo-gallego","tag-joan-ferres-prats","tag-maria-no-cebrian-herreros","tag-Martinez-fresneda-osorio-humberto-jose","tag-roberto-aparici-marino"],"_links":{"self":[{"href":"https:\/\/www.deberes.net\/tesis\/wp-json\/wp\/v2\/posts\/88320","targetHints":{"allow":["GET"]}}],"collection":[{"href":"https:\/\/www.deberes.net\/tesis\/wp-json\/wp\/v2\/posts"}],"about":[{"href":"https:\/\/www.deberes.net\/tesis\/wp-json\/wp\/v2\/types\/post"}],"author":[{"embeddable":true,"href":"https:\/\/www.deberes.net\/tesis\/wp-json\/wp\/v2\/users\/1"}],"replies":[{"embeddable":true,"href":"https:\/\/www.deberes.net\/tesis\/wp-json\/wp\/v2\/comments?post=88320"}],"version-history":[{"count":0,"href":"https:\/\/www.deberes.net\/tesis\/wp-json\/wp\/v2\/posts\/88320\/revisions"}],"wp:attachment":[{"href":"https:\/\/www.deberes.net\/tesis\/wp-json\/wp\/v2\/media?parent=88320"}],"wp:term":[{"taxonomy":"category","embeddable":true,"href":"https:\/\/www.deberes.net\/tesis\/wp-json\/wp\/v2\/categories?post=88320"},{"taxonomy":"post_tag","embeddable":true,"href":"https:\/\/www.deberes.net\/tesis\/wp-json\/wp\/v2\/tags?post=88320"}],"curies":[{"name":"wp","href":"https:\/\/api.w.org\/{rel}","templated":true}]}}