{"id":88322,"date":"2001-01-01T00:00:00","date_gmt":"2001-01-01T00:00:00","guid":{"rendered":"https:\/\/www.deberes.net\/tesis\/sin-categoria\/jammu-y-cachemira-como-conflicto-internacional-premisas-para-su-solucion\/"},"modified":"2001-01-01T00:00:00","modified_gmt":"2001-01-01T00:00:00","slug":"jammu-y-cachemira-como-conflicto-internacional-premisas-para-su-solucion","status":"publish","type":"post","link":"https:\/\/www.deberes.net\/tesis\/ciencia-politica\/jammu-y-cachemira-como-conflicto-internacional-premisas-para-su-solucion\/","title":{"rendered":"Jammu y cachemira como conflicto internacional. premisas para su solucion."},"content":{"rendered":"<h2>Tesis doctoral de <strong>  Travesedo De Castilla M. Concepcion <\/strong><\/h2>\n<p>Jammu y cachemira como conflicto internacional. Premisas para su soluci\u00f3n.  tras la retirada de los brit\u00e1nicos del subcontinente indost\u00e1nico en 1947, la india y pakist\u00e1n se disputaron el estado nativo de jammu y cachemira. Con el comienzo de una invasi\u00f3n de tribus pakistan\u00edes, el maraj\u00e1 solicito la adhesi\u00f3n a la india. Pakist\u00e1n se implic\u00f3 en la guerra y el estado qued\u00f3 dividido en dos. Desde entonces, el estado de jammu y cachemira, la parte que fue integrada en la india, protagoniza un conflicto doble. Por un lado, en la provincia mayoritariamente musulmana de cachemira varios grupos armados luchan por la integraci\u00f3n en pakist\u00e1n o por la independencia. Pero las comunidades hind\u00fa y budista, predominantes en las otras dos provincias del estado, desean su permanencia en la india. Por otro lado, pakist\u00e1n reivindica la celebraci\u00f3n del plebiscito de autodeterminaci\u00f3n que estipularon varias resoluciones de la onu. Esta disputa no fue ajena a los sistemas de alianzas de la guerra fr\u00eda, ha generado tres enfrentamientos b\u00e9licos, y hoy en d\u00eda supone la principal causa de confrontaci\u00f3n entre dos pa\u00edses nuclearizados.<\/p>\n<p>&nbsp;<\/p>\n<h3>Datos acad\u00e9micos de la tesis doctoral \u00ab<strong>Jammu y cachemira como conflicto internacional. premisas para su solucion.<\/strong>\u00ab<\/h3>\n<ul>\n<li><strong>T\u00edtulo de la tesis:<\/strong>\u00a0 Jammu y cachemira como conflicto internacional. premisas para su solucion. <\/li>\n<li><strong>Autor:<\/strong>\u00a0  Travesedo De Castilla M. Concepcion <\/li>\n<li><strong>Universidad:<\/strong>\u00a0 Complutense de Madrid<\/li>\n<li><strong>Fecha de lectura de la tesis:<\/strong>\u00a0 01\/01\/2001<\/li>\n<\/ul>\n<p>&nbsp;<\/p>\n<h3>Direcci\u00f3n y tribunal<\/h3>\n<ul>\n<li><strong>Director de la tesis<\/strong>\n<ul>\n<li>Santiago Petschen Verdaguer<\/li>\n<\/ul>\n<\/li>\n<li><strong>Tribunal<\/strong>\n<ul>\n<li>Presidente del tribunal: Juan  Carlos Pereira casta\u00f1ares <\/li>\n<li>vicente Garrido rebolledo (vocal)<\/li>\n<li>eduard Vinyamata camp. (vocal)<\/li>\n<li>paloma Garcia picazo (vocal)<\/li>\n<\/ul>\n<\/li>\n<\/ul>\n<p>&nbsp;<\/p>\n","protected":false},"excerpt":{"rendered":"<p>Tesis doctoral de Travesedo De Castilla M. Concepcion Jammu y cachemira como conflicto internacional. Premisas para su soluci\u00f3n. tras la [&hellip;]<\/p>\n","protected":false},"author":1,"featured_media":0,"comment_status":"open","ping_status":"open","sticky":false,"template":"","format":"standard","meta":{"site-sidebar-layout":"default","site-content-layout":"","ast-site-content-layout":"","site-content-style":"default","site-sidebar-style":"default","ast-global-header-display":"","ast-banner-title-visibility":"","ast-main-header-display":"","ast-hfb-above-header-display":"","ast-hfb-below-header-display":"","ast-hfb-mobile-header-display":"","site-post-title":"","ast-breadcrumbs-content":"","ast-featured-img":"","footer-sml-layout":"","theme-transparent-header-meta":"","adv-header-id-meta":"","stick-header-meta":"","header-above-stick-meta":"","header-main-stick-meta":"","header-below-stick-meta":"","astra-migrate-meta-layouts":"default","ast-page-background-enabled":"default","ast-page-background-meta":{"desktop":{"background-color":"var(--ast-global-color-4)","background-image":"","background-repeat":"repeat","background-position":"center center","background-size":"auto","background-attachment":"scroll","background-type":"","background-media":"","overlay-type":"","overlay-color":"","overlay-gradient":""},"tablet":{"background-color":"","background-image":"","background-repeat":"repeat","background-position":"center center","background-size":"auto","background-attachment":"scroll","background-type":"","background-media":"","overlay-type":"","overlay-color":"","overlay-gradient":""},"mobile":{"background-color":"","background-image":"","background-repeat":"repeat","background-position":"center center","background-size":"auto","background-attachment":"scroll","background-type":"","background-media":"","overlay-type":"","overlay-color":"","overlay-gradient":""}},"ast-content-background-meta":{"desktop":{"background-color":"var(--ast-global-color-5)","background-image":"","background-repeat":"repeat","background-position":"center center","background-size":"auto","background-attachment":"scroll","background-type":"","background-media":"","overlay-type":"","overlay-color":"","overlay-gradient":""},"tablet":{"background-color":"var(--ast-global-color-5)","background-image":"","background-repeat":"repeat","background-position":"center center","background-size":"auto","background-attachment":"scroll","background-type":"","background-media":"","overlay-type":"","overlay-color":"","overlay-gradient":""},"mobile":{"background-color":"var(--ast-global-color-5)","background-image":"","background-repeat":"repeat","background-position":"center center","background-size":"auto","background-attachment":"scroll","background-type":"","background-media":"","overlay-type":"","overlay-color":"","overlay-gradient":""}},"footnotes":""},"categories":[838,4073],"tags":[81079,6905,41604,5648,184372,23389],"class_list":["post-88322","post","type-post","status-publish","format-standard","hentry","category-ciencia-politica","category-relaciones-internacionales","tag-eduard-vinyamata-camp","tag-juan-carlos-pereira-castanares","tag-paloma-garcia-picazo","tag-santiago-petschen-verdaguer","tag-travesedo-de-castilla-m-concepcion","tag-vicente-garrido-rebolledo"],"_links":{"self":[{"href":"https:\/\/www.deberes.net\/tesis\/wp-json\/wp\/v2\/posts\/88322","targetHints":{"allow":["GET"]}}],"collection":[{"href":"https:\/\/www.deberes.net\/tesis\/wp-json\/wp\/v2\/posts"}],"about":[{"href":"https:\/\/www.deberes.net\/tesis\/wp-json\/wp\/v2\/types\/post"}],"author":[{"embeddable":true,"href":"https:\/\/www.deberes.net\/tesis\/wp-json\/wp\/v2\/users\/1"}],"replies":[{"embeddable":true,"href":"https:\/\/www.deberes.net\/tesis\/wp-json\/wp\/v2\/comments?post=88322"}],"version-history":[{"count":0,"href":"https:\/\/www.deberes.net\/tesis\/wp-json\/wp\/v2\/posts\/88322\/revisions"}],"wp:attachment":[{"href":"https:\/\/www.deberes.net\/tesis\/wp-json\/wp\/v2\/media?parent=88322"}],"wp:term":[{"taxonomy":"category","embeddable":true,"href":"https:\/\/www.deberes.net\/tesis\/wp-json\/wp\/v2\/categories?post=88322"},{"taxonomy":"post_tag","embeddable":true,"href":"https:\/\/www.deberes.net\/tesis\/wp-json\/wp\/v2\/tags?post=88322"}],"curies":[{"name":"wp","href":"https:\/\/api.w.org\/{rel}","templated":true}]}}