{"id":88345,"date":"2001-09-01T00:00:00","date_gmt":"2001-09-01T00:00:00","guid":{"rendered":"https:\/\/www.deberes.net\/tesis\/sin-categoria\/politica-educativa-y-orientacion-en-espana-1939-1968\/"},"modified":"2001-09-01T00:00:00","modified_gmt":"2001-09-01T00:00:00","slug":"politica-educativa-y-orientacion-en-espana-1939-1968","status":"publish","type":"post","link":"https:\/\/www.deberes.net\/tesis\/historia\/politica-educativa-y-orientacion-en-espana-1939-1968\/","title":{"rendered":"Politica educativa y orientaci\u00f3n en espa\u00f1a 1939-1968"},"content":{"rendered":"<h2>Tesis doctoral de <strong> Lucia Delgado Garc\u00eda <\/strong><\/h2>\n<p>Estudio sobre los antecedentes hist\u00f3ricos y sobretodo pol\u00edticos del proceso de orientaci\u00f3n en espa\u00f1a durante el per\u00edodo comprendido desde el final de la guerra civil hasta el i del plan de desarrollo econ\u00f3mico y social (1939-1968).  para la reconstrucci\u00f3n de la pol\u00edtica educativa, as\u00ed como de las pol\u00edticas de orientaci\u00f3n escolar y profesional y sus m\u00fatuas relaciones de dependencia, se analizan las actuaciones de los diferentes equipos ministeriales. Ministros y profesionales responsables de la educaci\u00f3n son examinados en su papel de promotores de la orientaci\u00f3n.  asimismo, se pasa revista a una amplia legislaci\u00f3n en materia educativa promulgada durante este per\u00edodo, y a una abundante documentaci\u00f3n sobre informes y otras actuaciones en la consecuci\u00f3n de la pre-institucionalizaci\u00f3n de los servicios de orientaci\u00f3n en espa\u00f1a.  la investigaci\u00f3n ha sido abordada desde los aspectos siguientes: la polity, o estudio panor\u00e1mico de la situaci\u00f3n pol\u00edtica, econ\u00f3mica, social y cultural del primer y segundo franquismo; la politic, o g\u00e9nesis y elaboraci\u00f3n del sistema educativo de este per\u00edodo, as\u00ed como sus fundamentos, discusiones parlamentarias, aplicaci\u00f3n, cr\u00edticas, etc.; Y, finalmente, la polic, y o an\u00e1lisis, de forma monogr\u00e1fica, de la orientaci\u00f3n escolar y profesional en la pol\u00edtica educativa espa\u00f1ola durante el per\u00edodo a estudiar.<\/p>\n<p>&nbsp;<\/p>\n<h3>Datos acad\u00e9micos de la tesis doctoral \u00ab<strong>Politica educativa y orientaci\u00f3n en espa\u00f1a 1939-1968<\/strong>\u00ab<\/h3>\n<ul>\n<li><strong>T\u00edtulo de la tesis:<\/strong>\u00a0 Politica educativa y orientaci\u00f3n en espa\u00f1a 1939-1968 <\/li>\n<li><strong>Autor:<\/strong>\u00a0 Lucia Delgado Garc\u00eda <\/li>\n<li><strong>Universidad:<\/strong>\u00a0 Barcelona<\/li>\n<li><strong>Fecha de lectura de la tesis:<\/strong>\u00a0 09\/01\/2001<\/li>\n<\/ul>\n<p>&nbsp;<\/p>\n<h3>Direcci\u00f3n y tribunal<\/h3>\n<ul>\n<li><strong>Director de la tesis<\/strong>\n<ul>\n<li>M\u00aa Luisa Rodr\u00edguez Moreno<\/li>\n<\/ul>\n<\/li>\n<li><strong>Tribunal<\/strong>\n<ul>\n<li>Presidente del tribunal: \u00e1ngel Jes\u00fas L\u00e1zaro mart\u00ednez <\/li>\n<li>teresa Marin eced (vocal)<\/li>\n<li>conrad Vilanou torrado (vocal)<\/li>\n<li>nuria P\u00e9rez escoda (vocal)<\/li>\n<\/ul>\n<\/li>\n<\/ul>\n<p>&nbsp;<\/p>\n","protected":false},"excerpt":{"rendered":"<p>Tesis doctoral de Lucia Delgado Garc\u00eda Estudio sobre los antecedentes hist\u00f3ricos y sobretodo pol\u00edticos del proceso de orientaci\u00f3n en espa\u00f1a [&hellip;]<\/p>\n","protected":false},"author":1,"featured_media":0,"comment_status":"open","ping_status":"open","sticky":false,"template":"","format":"standard","meta":{"site-sidebar-layout":"default","site-content-layout":"","ast-site-content-layout":"","site-content-style":"default","site-sidebar-style":"default","ast-global-header-display":"","ast-banner-title-visibility":"","ast-main-header-display":"","ast-hfb-above-header-display":"","ast-hfb-below-header-display":"","ast-hfb-mobile-header-display":"","site-post-title":"","ast-breadcrumbs-content":"","ast-featured-img":"","footer-sml-layout":"","theme-transparent-header-meta":"","adv-header-id-meta":"","stick-header-meta":"","header-above-stick-meta":"","header-main-stick-meta":"","header-below-stick-meta":"","astra-migrate-meta-layouts":"default","ast-page-background-enabled":"default","ast-page-background-meta":{"desktop":{"background-color":"var(--ast-global-color-4)","background-image":"","background-repeat":"repeat","background-position":"center center","background-size":"auto","background-attachment":"scroll","background-type":"","background-media":"","overlay-type":"","overlay-color":"","overlay-gradient":""},"tablet":{"background-color":"","background-image":"","background-repeat":"repeat","background-position":"center center","background-size":"auto","background-attachment":"scroll","background-type":"","background-media":"","overlay-type":"","overlay-color":"","overlay-gradient":""},"mobile":{"background-color":"","background-image":"","background-repeat":"repeat","background-position":"center center","background-size":"auto","background-attachment":"scroll","background-type":"","background-media":"","overlay-type":"","overlay-color":"","overlay-gradient":""}},"ast-content-background-meta":{"desktop":{"background-color":"var(--ast-global-color-5)","background-image":"","background-repeat":"repeat","background-position":"center center","background-size":"auto","background-attachment":"scroll","background-type":"","background-media":"","overlay-type":"","overlay-color":"","overlay-gradient":""},"tablet":{"background-color":"var(--ast-global-color-5)","background-image":"","background-repeat":"repeat","background-position":"center center","background-size":"auto","background-attachment":"scroll","background-type":"","background-media":"","overlay-type":"","overlay-color":"","overlay-gradient":""},"mobile":{"background-color":"var(--ast-global-color-5)","background-image":"","background-repeat":"repeat","background-position":"center center","background-size":"auto","background-attachment":"scroll","background-type":"","background-media":"","overlay-type":"","overlay-color":"","overlay-gradient":""}},"footnotes":""},"categories":[951,838,1183,104,311,222,1184,1141,9284,839],"tags":[5560,19817,184395,17313,14110,89077],"class_list":["post-88345","post","type-post","status-publish","format-standard","hentry","category-barcelona","category-ciencia-politica","category-formacion-profesional","category-historia","category-historia-de-la-educacion","category-historias-especializadas","category-organizacion-y-planificacion-de-la-educacion","category-pedagogia","category-politica-educativa","category-politicas-sectoriales","tag-angel-jesus-lazaro-Martinez","tag-conrad-vilanou-torrado","tag-lucia-delgado-garcia","tag-ma-luisa-rodriguez-moreno","tag-nuria-perez-escoda","tag-teresa-marin-eced"],"_links":{"self":[{"href":"https:\/\/www.deberes.net\/tesis\/wp-json\/wp\/v2\/posts\/88345","targetHints":{"allow":["GET"]}}],"collection":[{"href":"https:\/\/www.deberes.net\/tesis\/wp-json\/wp\/v2\/posts"}],"about":[{"href":"https:\/\/www.deberes.net\/tesis\/wp-json\/wp\/v2\/types\/post"}],"author":[{"embeddable":true,"href":"https:\/\/www.deberes.net\/tesis\/wp-json\/wp\/v2\/users\/1"}],"replies":[{"embeddable":true,"href":"https:\/\/www.deberes.net\/tesis\/wp-json\/wp\/v2\/comments?post=88345"}],"version-history":[{"count":0,"href":"https:\/\/www.deberes.net\/tesis\/wp-json\/wp\/v2\/posts\/88345\/revisions"}],"wp:attachment":[{"href":"https:\/\/www.deberes.net\/tesis\/wp-json\/wp\/v2\/media?parent=88345"}],"wp:term":[{"taxonomy":"category","embeddable":true,"href":"https:\/\/www.deberes.net\/tesis\/wp-json\/wp\/v2\/categories?post=88345"},{"taxonomy":"post_tag","embeddable":true,"href":"https:\/\/www.deberes.net\/tesis\/wp-json\/wp\/v2\/tags?post=88345"}],"curies":[{"name":"wp","href":"https:\/\/api.w.org\/{rel}","templated":true}]}}