{"id":88423,"date":"2018-03-10T00:13:25","date_gmt":"2018-03-10T00:13:25","guid":{"rendered":"https:\/\/www.deberes.net\/tesis\/sin-categoria\/protesis-auditiva-basada-en-una-descomposicion-en-subbandas-diadica-del-sonidoarquitectura-e-implementacion-en-dsp\/"},"modified":"2018-03-10T00:13:25","modified_gmt":"2018-03-10T00:13:25","slug":"protesis-auditiva-basada-en-una-descomposicion-en-subbandas-diadica-del-sonidoarquitectura-e-implementacion-en-dsp","status":"publish","type":"post","link":"https:\/\/www.deberes.net\/tesis\/fisica\/protesis-auditiva-basada-en-una-descomposicion-en-subbandas-diadica-del-sonidoarquitectura-e-implementacion-en-dsp\/","title":{"rendered":"\u00abprotesis auditiva basada en una descomposici\u00f3n en subbandas diadica del sonido:arquitectura e implementacion en dsp\u00bb"},"content":{"rendered":"<h2>Tesis doctoral de <strong> Manuel Jes\u00fas Martin Vazquez <\/strong><\/h2>\n<p>Se presenta una pr\u00f3tesis auditiva digital destinada a la mejora de la integibilidad de la voz humana en pacientes con perdidas auditivas neurosensoriales con recruitment positivo, con optimizaci\u00f3n de consumo y tama\u00f1o e implementada en d.S.P. Se emplea un algoritmo propuesto permite una reducci\u00f3n del coste computacional lo que redunda en una disminuci\u00f3n de la frecuencia de funcionamiento y por tanto, del consumo.  se demuestra que el algoritmo propuesto permite una reducci\u00f3n de coste computacional, lo que redunda en una disminuci\u00f3n de la frecuencia de funcionamiento y, por tanto, del consumo.  se propone igualmente una arquitectura general de circuito vlsi para ser implementada en otros soportes.<\/p>\n<p>&nbsp;<\/p>\n<h3>Datos acad\u00e9micos de la tesis doctoral \u00ab<strong>\u00abprotesis auditiva basada en una descomposici\u00f3n en subbandas diadica del sonido:arquitectura e implementacion en dsp\u00bb<\/strong>\u00ab<\/h3>\n<ul>\n<li><strong>T\u00edtulo de la tesis:<\/strong>\u00a0 \u00abprotesis auditiva basada en una descomposici\u00f3n en subbandas diadica del sonido:arquitectura e implementacion en dsp\u00bb <\/li>\n<li><strong>Autor:<\/strong>\u00a0 Manuel Jes\u00fas Martin Vazquez <\/li>\n<li><strong>Universidad:<\/strong>\u00a0 M\u00e1laga<\/li>\n<li><strong>Fecha de lectura de la tesis:<\/strong>\u00a0 15\/01\/2001<\/li>\n<\/ul>\n<p>&nbsp;<\/p>\n<h3>Direcci\u00f3n y tribunal<\/h3>\n<ul>\n<li><strong>Director de la tesis<\/strong>\n<ul>\n<li>Alfonso Carlos Gago Bohorquez<\/li>\n<\/ul>\n<\/li>\n<li><strong>Tribunal<\/strong>\n<ul>\n<li>Presidente del tribunal: rafael Urquiza de la rosa <\/li>\n<li>nicolas Guil matas (vocal)<\/li>\n<li>Juan L\u00f3pez g\u00f3mez (vocal)<\/li>\n<li>Santiago S\u00e1nchez solano (vocal)<\/li>\n<\/ul>\n<\/li>\n<\/ul>\n<p>&nbsp;<\/p>\n","protected":false},"excerpt":{"rendered":"<p>Tesis doctoral de Manuel Jes\u00fas Martin Vazquez Se presenta una pr\u00f3tesis auditiva digital destinada a la mejora de la integibilidad [&hellip;]<\/p>\n","protected":false},"author":1,"featured_media":0,"comment_status":"open","ping_status":"open","sticky":false,"template":"","format":"standard","meta":{"site-sidebar-layout":"default","site-content-layout":"","ast-site-content-layout":"","site-content-style":"default","site-sidebar-style":"default","ast-global-header-display":"","ast-banner-title-visibility":"","ast-main-header-display":"","ast-hfb-above-header-display":"","ast-hfb-below-header-display":"","ast-hfb-mobile-header-display":"","site-post-title":"","ast-breadcrumbs-content":"","ast-featured-img":"","footer-sml-layout":"","theme-transparent-header-meta":"","adv-header-id-meta":"","stick-header-meta":"","header-above-stick-meta":"","header-main-stick-meta":"","header-below-stick-meta":"","astra-migrate-meta-layouts":"default","ast-page-background-enabled":"default","ast-page-background-meta":{"desktop":{"background-color":"var(--ast-global-color-4)","background-image":"","background-repeat":"repeat","background-position":"center center","background-size":"auto","background-attachment":"scroll","background-type":"","background-media":"","overlay-type":"","overlay-color":"","overlay-gradient":""},"tablet":{"background-color":"","background-image":"","background-repeat":"repeat","background-position":"center center","background-size":"auto","background-attachment":"scroll","background-type":"","background-media":"","overlay-type":"","overlay-color":"","overlay-gradient":""},"mobile":{"background-color":"","background-image":"","background-repeat":"repeat","background-position":"center center","background-size":"auto","background-attachment":"scroll","background-type":"","background-media":"","overlay-type":"","overlay-color":"","overlay-gradient":""}},"ast-content-background-meta":{"desktop":{"background-color":"var(--ast-global-color-5)","background-image":"","background-repeat":"repeat","background-position":"center center","background-size":"auto","background-attachment":"scroll","background-type":"","background-media":"","overlay-type":"","overlay-color":"","overlay-gradient":""},"tablet":{"background-color":"var(--ast-global-color-5)","background-image":"","background-repeat":"repeat","background-position":"center center","background-size":"auto","background-attachment":"scroll","background-type":"","background-media":"","overlay-type":"","overlay-color":"","overlay-gradient":""},"mobile":{"background-color":"var(--ast-global-color-5)","background-image":"","background-repeat":"repeat","background-position":"center center","background-size":"auto","background-attachment":"scroll","background-type":"","background-media":"","overlay-type":"","overlay-color":"","overlay-gradient":""}},"footnotes":""},"categories":[4810,332,8991,37728,2675,199,7834,2535,3706],"tags":[24879,8023,131322,55716,24881,24883],"class_list":["post-88423","post","type-post","status-publish","format-standard","hentry","category-arquitectura-de-ordenadores","category-ciencias-tecnologicas","category-circuitos-integrados","category-diseno-microelectronico","category-electronica","category-fisica","category-malaga","category-tecnologia-de-los-ordenadores","category-tecnologia-electronica","tag-alfonso-carlos-gago-bohorquez","tag-juan-lopez-gomez","tag-manuel-jesus-martin-vazquez","tag-nicolas-guil-matas","tag-rafael-urquiza-de-la-rosa","tag-santiago-sanchez-solano"],"_links":{"self":[{"href":"https:\/\/www.deberes.net\/tesis\/wp-json\/wp\/v2\/posts\/88423","targetHints":{"allow":["GET"]}}],"collection":[{"href":"https:\/\/www.deberes.net\/tesis\/wp-json\/wp\/v2\/posts"}],"about":[{"href":"https:\/\/www.deberes.net\/tesis\/wp-json\/wp\/v2\/types\/post"}],"author":[{"embeddable":true,"href":"https:\/\/www.deberes.net\/tesis\/wp-json\/wp\/v2\/users\/1"}],"replies":[{"embeddable":true,"href":"https:\/\/www.deberes.net\/tesis\/wp-json\/wp\/v2\/comments?post=88423"}],"version-history":[{"count":0,"href":"https:\/\/www.deberes.net\/tesis\/wp-json\/wp\/v2\/posts\/88423\/revisions"}],"wp:attachment":[{"href":"https:\/\/www.deberes.net\/tesis\/wp-json\/wp\/v2\/media?parent=88423"}],"wp:term":[{"taxonomy":"category","embeddable":true,"href":"https:\/\/www.deberes.net\/tesis\/wp-json\/wp\/v2\/categories?post=88423"},{"taxonomy":"post_tag","embeddable":true,"href":"https:\/\/www.deberes.net\/tesis\/wp-json\/wp\/v2\/tags?post=88423"}],"curies":[{"name":"wp","href":"https:\/\/api.w.org\/{rel}","templated":true}]}}