{"id":88425,"date":"2018-03-10T00:13:25","date_gmt":"2018-03-10T00:13:25","guid":{"rendered":"https:\/\/www.deberes.net\/tesis\/sin-categoria\/uso-periodistico-de-la-lengua-los-titulos-en-prensa\/"},"modified":"2018-03-10T00:13:25","modified_gmt":"2018-03-10T00:13:25","slug":"uso-periodistico-de-la-lengua-los-titulos-en-prensa","status":"publish","type":"post","link":"https:\/\/www.deberes.net\/tesis\/linguistica\/uso-periodistico-de-la-lengua-los-titulos-en-prensa\/","title":{"rendered":"Uso periodistico de la lengua: los titulos en prensa"},"content":{"rendered":"<h2>Tesis doctoral de <strong> Asunci\u00f3n Escribano Hern\u00e1ndez <\/strong><\/h2>\n<p>Estudio de los titulares en prensa desde cuatro puntos de vista: morfosintactico, pragmatico, ideologico y contextual en el que se verifican los mecanimos linguisticos de orientacion ideologica en periodos electorales en informaciones, las caracteristicas morfosintacticas de estas secuencias, y la violacion de la norma academica en ellas, asi como la preferencia de cada uno de los periodicos estudiados (el pais, el mundo, abc y diario 16) por un modelo de estructura textual determinado.<\/p>\n<p>&nbsp;<\/p>\n<h3>Datos acad\u00e9micos de la tesis doctoral \u00ab<strong>Uso periodistico de la lengua: los titulos en prensa<\/strong>\u00ab<\/h3>\n<ul>\n<li><strong>T\u00edtulo de la tesis:<\/strong>\u00a0 Uso periodistico de la lengua: los titulos en prensa <\/li>\n<li><strong>Autor:<\/strong>\u00a0 Asunci\u00f3n Escribano Hern\u00e1ndez <\/li>\n<li><strong>Universidad:<\/strong>\u00a0 Salamanca<\/li>\n<li><strong>Fecha de lectura de la tesis:<\/strong>\u00a0 15\/01\/2001<\/li>\n<\/ul>\n<p>&nbsp;<\/p>\n<h3>Direcci\u00f3n y tribunal<\/h3>\n<ul>\n<li><strong>Director de la tesis<\/strong>\n<ul>\n<li>Ricardo Senabre Sempere<\/li>\n<\/ul>\n<\/li>\n<li><strong>Tribunal<\/strong>\n<ul>\n<li>Presidente del tribunal: salvador Guti\u00e9rrez ord\u00f3\u00f1ez <\/li>\n<li>calvo J.r. gonzalez (vocal)<\/li>\n<li>borrego Julio (vocal)<\/li>\n<li> J.a. Antonio  samper padilla (vocal)<\/li>\n<\/ul>\n<\/li>\n<\/ul>\n<p>&nbsp;<\/p>\n","protected":false},"excerpt":{"rendered":"<p>Tesis doctoral de Asunci\u00f3n Escribano Hern\u00e1ndez Estudio de los titulares en prensa desde cuatro puntos de vista: morfosintactico, pragmatico, ideologico [&hellip;]<\/p>\n","protected":false},"author":1,"featured_media":0,"comment_status":"open","ping_status":"open","sticky":false,"template":"","format":"standard","meta":{"site-sidebar-layout":"default","site-content-layout":"","ast-site-content-layout":"","site-content-style":"default","site-sidebar-style":"default","ast-global-header-display":"","ast-banner-title-visibility":"","ast-main-header-display":"","ast-hfb-above-header-display":"","ast-hfb-below-header-display":"","ast-hfb-mobile-header-display":"","site-post-title":"","ast-breadcrumbs-content":"","ast-featured-img":"","footer-sml-layout":"","theme-transparent-header-meta":"","adv-header-id-meta":"","stick-header-meta":"","header-above-stick-meta":"","header-main-stick-meta":"","header-below-stick-meta":"","astra-migrate-meta-layouts":"default","ast-page-background-enabled":"default","ast-page-background-meta":{"desktop":{"background-color":"var(--ast-global-color-4)","background-image":"","background-repeat":"repeat","background-position":"center center","background-size":"auto","background-attachment":"scroll","background-type":"","background-media":"","overlay-type":"","overlay-color":"","overlay-gradient":""},"tablet":{"background-color":"","background-image":"","background-repeat":"repeat","background-position":"center center","background-size":"auto","background-attachment":"scroll","background-type":"","background-media":"","overlay-type":"","overlay-color":"","overlay-gradient":""},"mobile":{"background-color":"","background-image":"","background-repeat":"repeat","background-position":"center center","background-size":"auto","background-attachment":"scroll","background-type":"","background-media":"","overlay-type":"","overlay-color":"","overlay-gradient":""}},"ast-content-background-meta":{"desktop":{"background-color":"var(--ast-global-color-5)","background-image":"","background-repeat":"repeat","background-position":"center center","background-size":"auto","background-attachment":"scroll","background-type":"","background-media":"","overlay-type":"","overlay-color":"","overlay-gradient":""},"tablet":{"background-color":"var(--ast-global-color-5)","background-image":"","background-repeat":"repeat","background-position":"center center","background-size":"auto","background-attachment":"scroll","background-type":"","background-media":"","overlay-type":"","overlay-color":"","overlay-gradient":""},"mobile":{"background-color":"var(--ast-global-color-5)","background-image":"","background-repeat":"repeat","background-position":"center center","background-size":"auto","background-attachment":"scroll","background-type":"","background-media":"","overlay-type":"","overlay-color":"","overlay-gradient":""}},"footnotes":""},"categories":[838,59,62,4840,4841,9386,3676],"tags":[149278,184522,184521,184523,8738,3018],"class_list":["post-88425","post","type-post","status-publish","format-standard","hentry","category-ciencia-politica","category-linguistica","category-linguistica-sincronica","category-opinion-publica","category-prensa","category-salamanca","category-sociolinguistica","tag-asuncion-escribano-hernandez","tag-borrego-julio","tag-calvo-j-r-gonzalez","tag-j-a-antonio-samper-padilla","tag-ricardo-senabre-sempere","tag-salvador-gutierrez-ordonez"],"_links":{"self":[{"href":"https:\/\/www.deberes.net\/tesis\/wp-json\/wp\/v2\/posts\/88425","targetHints":{"allow":["GET"]}}],"collection":[{"href":"https:\/\/www.deberes.net\/tesis\/wp-json\/wp\/v2\/posts"}],"about":[{"href":"https:\/\/www.deberes.net\/tesis\/wp-json\/wp\/v2\/types\/post"}],"author":[{"embeddable":true,"href":"https:\/\/www.deberes.net\/tesis\/wp-json\/wp\/v2\/users\/1"}],"replies":[{"embeddable":true,"href":"https:\/\/www.deberes.net\/tesis\/wp-json\/wp\/v2\/comments?post=88425"}],"version-history":[{"count":0,"href":"https:\/\/www.deberes.net\/tesis\/wp-json\/wp\/v2\/posts\/88425\/revisions"}],"wp:attachment":[{"href":"https:\/\/www.deberes.net\/tesis\/wp-json\/wp\/v2\/media?parent=88425"}],"wp:term":[{"taxonomy":"category","embeddable":true,"href":"https:\/\/www.deberes.net\/tesis\/wp-json\/wp\/v2\/categories?post=88425"},{"taxonomy":"post_tag","embeddable":true,"href":"https:\/\/www.deberes.net\/tesis\/wp-json\/wp\/v2\/tags?post=88425"}],"curies":[{"name":"wp","href":"https:\/\/api.w.org\/{rel}","templated":true}]}}