{"id":88453,"date":"2018-03-10T00:13:25","date_gmt":"2018-03-10T00:13:25","guid":{"rendered":"https:\/\/www.deberes.net\/tesis\/sin-categoria\/eugenio-salazar-y-la-poesa%c2%ada-novohispana\/"},"modified":"2018-03-10T00:13:25","modified_gmt":"2018-03-10T00:13:25","slug":"eugenio-salazar-y-la-poesa%c2%ada-novohispana","status":"publish","type":"post","link":"https:\/\/www.deberes.net\/tesis\/linguistica\/eugenio-salazar-y-la-poesa%c2%ada-novohispana\/","title":{"rendered":"Eugenio salazar y la poes\u00edanovohispana"},"content":{"rendered":"<h2>Tesis doctoral de <strong> Jaime Jos\u00e9 Mart\u00ednez Mart\u00edn <\/strong><\/h2>\n<p>Eugenio de salazar es uno de los autores m\u00e1s citados y peor conocidos de la literatura colonial hispanoamericana. Su \u00absilva de poes\u00eda\u00bb no ha sido hasta nuestros d\u00edas editada, pese a ser uno de los corpus l\u00edricos de m\u00e1s extensi\u00f3n y m\u00e1s varios del siglo xvi en aquel continente. De esta manera, la tesis \u00abeugenio de salazar y 1 a poes\u00eda novohispana\u00bb ha pretendido en primer lugar ofrecer a un p\u00fablico de especialista, y tambi\u00e9n de aficionados a la poes\u00eda \u00e1urea, el texto fiel de la \u00absilva\u00bb, en segundo lugar, se ha pretendido realizar un estudio sistem\u00e1tico de las diversas secciones que componen al conjunto analizando sus poemas m\u00e1s representativos, se\u00f1alando sus fuentes italizanas y espa\u00f1olas y relacion\u00e1ndo las don la biograf\u00eda y el contexto hist\u00f3rico, all\u00ed donde ha sido posible. Tambi\u00e9n se han se\u00f1alado las caracter\u00edsticas m\u00e9tricas y gen\u00e9ricas que las hacen representativas de su tiempo.  adem\u00e1s se ha procedido a un minucioso an\u00e1lisis de los archivos espa\u00f1oles y americanos con el fin de perfilar la vida de su autor y su actividad en am\u00e9rica.<\/p>\n<p>&nbsp;<\/p>\n<h3>Datos acad\u00e9micos de la tesis doctoral \u00ab<strong>Eugenio salazar y la poes\u00edanovohispana<\/strong>\u00ab<\/h3>\n<ul>\n<li><strong>T\u00edtulo de la tesis:<\/strong>\u00a0 Eugenio salazar y la poes\u00edanovohispana <\/li>\n<li><strong>Autor:<\/strong>\u00a0 Jaime Jos\u00e9 Mart\u00ednez Mart\u00edn <\/li>\n<li><strong>Universidad:<\/strong>\u00a0 Nacional de educaci\u00f3n a distancia<\/li>\n<li><strong>Fecha de lectura de la tesis:<\/strong>\u00a0 17\/01\/2001<\/li>\n<\/ul>\n<p>&nbsp;<\/p>\n<h3>Direcci\u00f3n y tribunal<\/h3>\n<ul>\n<li><strong>Director de la tesis<\/strong>\n<ul>\n<li>Antonio Lorente Medina<\/li>\n<\/ul>\n<\/li>\n<li><strong>Tribunal<\/strong>\n<ul>\n<li>Presidente del tribunal: giuseppe Bellini <\/li>\n<li>Jos\u00e9 Carlos Gonzalez boixo (vocal)<\/li>\n<li>teodosio Fernandez rodriguez (vocal)<\/li>\n<li>trinidad Barrera lopez (vocal)<\/li>\n<\/ul>\n<\/li>\n<\/ul>\n<p>&nbsp;<\/p>\n","protected":false},"excerpt":{"rendered":"<p>Tesis doctoral de Jaime Jos\u00e9 Mart\u00ednez Mart\u00edn Eugenio de salazar es uno de los autores m\u00e1s citados y peor conocidos [&hellip;]<\/p>\n","protected":false},"author":1,"featured_media":0,"comment_status":"open","ping_status":"open","sticky":false,"template":"","format":"standard","meta":{"site-sidebar-layout":"default","site-content-layout":"","ast-site-content-layout":"","site-content-style":"default","site-sidebar-style":"default","ast-global-header-display":"","ast-banner-title-visibility":"","ast-main-header-display":"","ast-hfb-above-header-display":"","ast-hfb-below-header-display":"","ast-hfb-mobile-header-display":"","site-post-title":"","ast-breadcrumbs-content":"","ast-featured-img":"","footer-sml-layout":"","theme-transparent-header-meta":"","adv-header-id-meta":"","stick-header-meta":"","header-above-stick-meta":"","header-main-stick-meta":"","header-below-stick-meta":"","astra-migrate-meta-layouts":"default","ast-page-background-enabled":"default","ast-page-background-meta":{"desktop":{"background-color":"var(--ast-global-color-4)","background-image":"","background-repeat":"repeat","background-position":"center center","background-size":"auto","background-attachment":"scroll","background-type":"","background-media":"","overlay-type":"","overlay-color":"","overlay-gradient":""},"tablet":{"background-color":"","background-image":"","background-repeat":"repeat","background-position":"center center","background-size":"auto","background-attachment":"scroll","background-type":"","background-media":"","overlay-type":"","overlay-color":"","overlay-gradient":""},"mobile":{"background-color":"","background-image":"","background-repeat":"repeat","background-position":"center center","background-size":"auto","background-attachment":"scroll","background-type":"","background-media":"","overlay-type":"","overlay-color":"","overlay-gradient":""}},"ast-content-background-meta":{"desktop":{"background-color":"var(--ast-global-color-5)","background-image":"","background-repeat":"repeat","background-position":"center center","background-size":"auto","background-attachment":"scroll","background-type":"","background-media":"","overlay-type":"","overlay-color":"","overlay-gradient":""},"tablet":{"background-color":"var(--ast-global-color-5)","background-image":"","background-repeat":"repeat","background-position":"center center","background-size":"auto","background-attachment":"scroll","background-type":"","background-media":"","overlay-type":"","overlay-color":"","overlay-gradient":""},"mobile":{"background-color":"var(--ast-global-color-5)","background-image":"","background-repeat":"repeat","background-position":"center center","background-size":"auto","background-attachment":"scroll","background-type":"","background-media":"","overlay-type":"","overlay-color":"","overlay-gradient":""}},"footnotes":""},"categories":[147,149,2965,3925,59,62,17070,628],"tags":[18223,16744,70884,6407,4849,11168],"class_list":["post-88453","post","type-post","status-publish","format-standard","hentry","category-ciencias-de-las-artes-y-las-letras","category-critica-de-textos","category-estilo-y-estetica-literarios","category-estilo-y-retorica","category-linguistica","category-linguistica-sincronica","category-nacional-de-educacion-a-distancia","category-teoria-analisis-y-critica-literarios","tag-antonio-lorente-medina","tag-giuseppe-bellini","tag-jaime-jose-Martinez-martin","tag-jose-carlos-gonzalez-boixo","tag-teodosio-fernandez-rodriguez","tag-trinidad-barrera-lopez"],"_links":{"self":[{"href":"https:\/\/www.deberes.net\/tesis\/wp-json\/wp\/v2\/posts\/88453","targetHints":{"allow":["GET"]}}],"collection":[{"href":"https:\/\/www.deberes.net\/tesis\/wp-json\/wp\/v2\/posts"}],"about":[{"href":"https:\/\/www.deberes.net\/tesis\/wp-json\/wp\/v2\/types\/post"}],"author":[{"embeddable":true,"href":"https:\/\/www.deberes.net\/tesis\/wp-json\/wp\/v2\/users\/1"}],"replies":[{"embeddable":true,"href":"https:\/\/www.deberes.net\/tesis\/wp-json\/wp\/v2\/comments?post=88453"}],"version-history":[{"count":0,"href":"https:\/\/www.deberes.net\/tesis\/wp-json\/wp\/v2\/posts\/88453\/revisions"}],"wp:attachment":[{"href":"https:\/\/www.deberes.net\/tesis\/wp-json\/wp\/v2\/media?parent=88453"}],"wp:term":[{"taxonomy":"category","embeddable":true,"href":"https:\/\/www.deberes.net\/tesis\/wp-json\/wp\/v2\/categories?post=88453"},{"taxonomy":"post_tag","embeddable":true,"href":"https:\/\/www.deberes.net\/tesis\/wp-json\/wp\/v2\/tags?post=88453"}],"curies":[{"name":"wp","href":"https:\/\/api.w.org\/{rel}","templated":true}]}}