{"id":88461,"date":"2018-03-10T00:13:25","date_gmt":"2018-03-10T00:13:25","guid":{"rendered":"https:\/\/www.deberes.net\/tesis\/sin-categoria\/analisis-economico-de-la-demanda-de-entradas-en-el-futbol-espanol\/"},"modified":"2018-03-10T00:13:25","modified_gmt":"2018-03-10T00:13:25","slug":"analisis-economico-de-la-demanda-de-entradas-en-el-futbol-espanol","status":"publish","type":"post","link":"https:\/\/www.deberes.net\/tesis\/ciencias-economicas\/analisis-economico-de-la-demanda-de-entradas-en-el-futbol-espanol\/","title":{"rendered":"Analisis econ\u00f3mico de la demanda de entradas en el f\u00fatbol espa\u00f1ol"},"content":{"rendered":"<h2>Tesis doctoral de <strong> Pl\u00e1cido Rodriguez Guerrero <\/strong><\/h2>\n<p>En esta tesis se presenta, por primera vez en la literatura econ\u00f3mica espa\u00f1ola, una investigaci\u00f3n sobre el f\u00fatbol. Se estudia la asistencia en directo a los estadios en la primera divisi\u00f3n del f\u00fatbol espa\u00f1ol, en las temporadas 92-93 hasta la 95-96 inclusive, en el contexto de un an\u00e1lisis de demanda. La variable dependiente es el n\u00famero de entradas vendidas a los adultos.  los factores explicativos tienen un car\u00e1cter completo dentro de la literatura de los deportes de equipo profesionales, pues se incluyen en las estimaciones variables de car\u00e1cter estrictamente econ\u00f3mico junto conotras variables de car\u00e1cter sectorial, espec\u00edficas para el f\u00fatbol espa\u00f1ol.  los coeficientes de las variables tienen el signo esperado y son estad\u00edsticamente significativos, destac\u00e1ndose que la eslasticidad-precio tiene valores menores que un en t\u00e9rminos absolutos. Y la elasticidad renta al ser positiva, y menor que la unidad, permite concluir que el f\u00fatbol en espa\u00f1a es un bien normal.<\/p>\n<p>&nbsp;<\/p>\n<h3>Datos acad\u00e9micos de la tesis doctoral \u00ab<strong>Analisis econ\u00f3mico de la demanda de entradas en el f\u00fatbol espa\u00f1ol<\/strong>\u00ab<\/h3>\n<ul>\n<li><strong>T\u00edtulo de la tesis:<\/strong>\u00a0 Analisis econ\u00f3mico de la demanda de entradas en el f\u00fatbol espa\u00f1ol <\/li>\n<li><strong>Autor:<\/strong>\u00a0 Pl\u00e1cido Rodriguez Guerrero <\/li>\n<li><strong>Universidad:<\/strong>\u00a0 Oviedo<\/li>\n<li><strong>Fecha de lectura de la tesis:<\/strong>\u00a0 18\/01\/2001<\/li>\n<\/ul>\n<p>&nbsp;<\/p>\n<h3>Direcci\u00f3n y tribunal<\/h3>\n<ul>\n<li><strong>Director de la tesis<\/strong>\n<ul>\n<li>Jaume Garcia Villar<\/li>\n<\/ul>\n<\/li>\n<li><strong>Tribunal<\/strong>\n<ul>\n<li>Presidente del tribunal: julio Segura sanchez <\/li>\n<li>Jos\u00e9 \u00c1lvaro Cuervo garcia (vocal)<\/li>\n<li>Jos\u00e9 Luis Garcia delgado (vocal)<\/li>\n<li> V\u00e1zquez Garc\u00eda Juan  Antonio (vocal)<\/li>\n<\/ul>\n<\/li>\n<\/ul>\n<p>&nbsp;<\/p>\n","protected":false},"excerpt":{"rendered":"<p>Tesis doctoral de Pl\u00e1cido Rodriguez Guerrero En esta tesis se presenta, por primera vez en la literatura econ\u00f3mica espa\u00f1ola, una [&hellip;]<\/p>\n","protected":false},"author":1,"featured_media":0,"comment_status":"open","ping_status":"open","sticky":false,"template":"","format":"standard","meta":{"site-sidebar-layout":"default","site-content-layout":"","ast-site-content-layout":"","site-content-style":"default","site-sidebar-style":"default","ast-global-header-display":"","ast-banner-title-visibility":"","ast-main-header-display":"","ast-hfb-above-header-display":"","ast-hfb-below-header-display":"","ast-hfb-mobile-header-display":"","site-post-title":"","ast-breadcrumbs-content":"","ast-featured-img":"","footer-sml-layout":"","theme-transparent-header-meta":"","adv-header-id-meta":"","stick-header-meta":"","header-above-stick-meta":"","header-main-stick-meta":"","header-below-stick-meta":"","astra-migrate-meta-layouts":"default","ast-page-background-enabled":"default","ast-page-background-meta":{"desktop":{"background-color":"var(--ast-global-color-4)","background-image":"","background-repeat":"repeat","background-position":"center center","background-size":"auto","background-attachment":"scroll","background-type":"","background-media":"","overlay-type":"","overlay-color":"","overlay-gradient":""},"tablet":{"background-color":"","background-image":"","background-repeat":"repeat","background-position":"center center","background-size":"auto","background-attachment":"scroll","background-type":"","background-media":"","overlay-type":"","overlay-color":"","overlay-gradient":""},"mobile":{"background-color":"","background-image":"","background-repeat":"repeat","background-position":"center center","background-size":"auto","background-attachment":"scroll","background-type":"","background-media":"","overlay-type":"","overlay-color":"","overlay-gradient":""}},"ast-content-background-meta":{"desktop":{"background-color":"var(--ast-global-color-5)","background-image":"","background-repeat":"repeat","background-position":"center center","background-size":"auto","background-attachment":"scroll","background-type":"","background-media":"","overlay-type":"","overlay-color":"","overlay-gradient":""},"tablet":{"background-color":"var(--ast-global-color-5)","background-image":"","background-repeat":"repeat","background-position":"center center","background-size":"auto","background-attachment":"scroll","background-type":"","background-media":"","overlay-type":"","overlay-color":"","overlay-gradient":""},"mobile":{"background-color":"var(--ast-global-color-5)","background-image":"","background-repeat":"repeat","background-position":"center center","background-size":"auto","background-attachment":"scroll","background-type":"","background-media":"","overlay-type":"","overlay-color":"","overlay-gradient":""}},"footnotes":""},"categories":[82,18539,3132,963,8846,27519],"tags":[4730,796,6487,709,151914,32484],"class_list":["post-88461","post","type-post","status-publish","format-standard","hentry","category-ciencias-economicas","category-comportamiento-del-consumidor","category-economia-general","category-economia-sectorial","category-oviedo","category-sector-de-servicios-individuales-y-sociales","tag-jaume-garcia-villar","tag-jose-alvaro-cuervo-garcia","tag-jose-luis-garcia-delgado","tag-julio-segura-sanchez","tag-placido-rodriguez-guerrero","tag-vazquez-garcia-juan-antonio"],"_links":{"self":[{"href":"https:\/\/www.deberes.net\/tesis\/wp-json\/wp\/v2\/posts\/88461","targetHints":{"allow":["GET"]}}],"collection":[{"href":"https:\/\/www.deberes.net\/tesis\/wp-json\/wp\/v2\/posts"}],"about":[{"href":"https:\/\/www.deberes.net\/tesis\/wp-json\/wp\/v2\/types\/post"}],"author":[{"embeddable":true,"href":"https:\/\/www.deberes.net\/tesis\/wp-json\/wp\/v2\/users\/1"}],"replies":[{"embeddable":true,"href":"https:\/\/www.deberes.net\/tesis\/wp-json\/wp\/v2\/comments?post=88461"}],"version-history":[{"count":0,"href":"https:\/\/www.deberes.net\/tesis\/wp-json\/wp\/v2\/posts\/88461\/revisions"}],"wp:attachment":[{"href":"https:\/\/www.deberes.net\/tesis\/wp-json\/wp\/v2\/media?parent=88461"}],"wp:term":[{"taxonomy":"category","embeddable":true,"href":"https:\/\/www.deberes.net\/tesis\/wp-json\/wp\/v2\/categories?post=88461"},{"taxonomy":"post_tag","embeddable":true,"href":"https:\/\/www.deberes.net\/tesis\/wp-json\/wp\/v2\/tags?post=88461"}],"curies":[{"name":"wp","href":"https:\/\/api.w.org\/{rel}","templated":true}]}}