{"id":88466,"date":"2018-03-10T00:13:25","date_gmt":"2018-03-10T00:13:25","guid":{"rendered":"https:\/\/www.deberes.net\/tesis\/sin-categoria\/analisis-de-la-presencia-de-acidos-nucleicos-circulantes-en-pacientes-con-cancer-y-su-aplicacion-clinica\/"},"modified":"2018-03-10T00:13:25","modified_gmt":"2018-03-10T00:13:25","slug":"analisis-de-la-presencia-de-acidos-nucleicos-circulantes-en-pacientes-con-cancer-y-su-aplicacion-clinica","status":"publish","type":"post","link":"https:\/\/www.deberes.net\/tesis\/ciencias-medicas\/analisis-de-la-presencia-de-acidos-nucleicos-circulantes-en-pacientes-con-cancer-y-su-aplicacion-clinica\/","title":{"rendered":"Analisis de la presencia de acidos nucleicos circulantes  en pacientes con cancer y su aplicaci\u00f3n clinica"},"content":{"rendered":"<h2>Tesis doctoral de <strong> Jos\u00e9 M. Silva Leal <\/strong><\/h2>\n<p>A pesar de que los avances experimentados en el conocimiento de la etiolog\u00eda y la patolog\u00eda de la enfermedad tumoral, as\u00ed como en el desarrollo de nuevos f\u00e1rmacos y esquemas de tratamiento han sido muy relevantes en los \u00faltimos a\u00f1os, estos se han mostrado insuficientes para controlar satisfactoriamente la enfermedad. Del mismo modo, el descubrimiento de nuevos marcadores molecuares y gen\u00e9ticos que permitan identificar espec\u00edficamente en cada enfermo, tanto la respuesta terap\u00e9utica como la evoluci\u00f3n de la neoplasia, sigue siendo uno de los grandes retos de la oncolog\u00eda actual.  en esta tesis presentamos el an\u00e1lisis y el significado cl\u00ednico de la liberaci\u00f3n de \u00e1cidos nucleicos de origen tumoral a la circulaci\u00f3n sangu\u00ednea. para ello, en primer lugar comprobamos la existencia de alteraciones tumorales en el adn plasm\u00e1tico en varios tumores de gran incidencia en la poblaci\u00f3n, como son el carcinoma de mama y el c\u00e1ncer microc\u00edtico de pulm\u00f3n. Alteraciones similares a las encontradas en el tumor, tanto gen\u00e9ticas como epigen\u00e9ticas, se detectaron en el adn circulante de estos pacientes. Posteriormente, observamos una asociaci\u00f3n entre la presencia de adn tumoral en el plasma y caracter\u00edsticas cl\u00ednico-patol\u00f3gicas del mal pron\u00f3stico en las enfermas con c\u00e1ncer de mama. En un segundo paso, analizamos la influencia del tratamiento sobre los niveles de adn tumoral extracelular, observando que la aplicaci\u00f3n del tratamiento (cirug\u00eda \u00f3 quimioterapia) reduc\u00eda considerablemente dichos niveles, mostrando a la vez un paralelismo con la respuesta cl\u00ednica. De esta forma, la mayor\u00eda de los pacientes que mantienen este adn tumoral en plasma, tienen peor respuesta al tratamiento y una asociaci\u00f3n con factores de mal pron\u00f3stico.  de la misma manera, analizamos la existencia de arn circulante en individuos sanos y enfermos tumorales, as\u00ed como la presencia en los pacientes con neoplasia de arnm de origen tumoral. Para ello selecciona<\/p>\n<p>&nbsp;<\/p>\n<h3>Datos acad\u00e9micos de la tesis doctoral \u00ab<strong>Analisis de la presencia de acidos nucleicos circulantes  en pacientes con cancer y su aplicaci\u00f3n clinica<\/strong>\u00ab<\/h3>\n<ul>\n<li><strong>T\u00edtulo de la tesis:<\/strong>\u00a0 Analisis de la presencia de acidos nucleicos circulantes  en pacientes con cancer y su aplicaci\u00f3n clinica <\/li>\n<li><strong>Autor:<\/strong>\u00a0 Jos\u00e9 M. Silva Leal <\/li>\n<li><strong>Universidad:<\/strong>\u00a0 Aut\u00f3noma de Madrid<\/li>\n<li><strong>Fecha de lectura de la tesis:<\/strong>\u00a0 18\/01\/2001<\/li>\n<\/ul>\n<p>&nbsp;<\/p>\n<h3>Direcci\u00f3n y tribunal<\/h3>\n<ul>\n<li><strong>Director de la tesis<\/strong>\n<ul>\n<li>Felix Bonilla Velasco<\/li>\n<\/ul>\n<\/li>\n<li><strong>Tribunal<\/strong>\n<ul>\n<li>Presidente del tribunal: alberto Durante Martinez <\/li>\n<li>Antonio Vicente (vocal)<\/li>\n<li>Alberto Mu\u00f1oz teros (vocal)<\/li>\n<li>alfredo Moyano jano (vocal)<\/li>\n<\/ul>\n<\/li>\n<\/ul>\n<p>&nbsp;<\/p>\n","protected":false},"excerpt":{"rendered":"<p>Tesis doctoral de Jos\u00e9 M. Silva Leal A pesar de que los avances experimentados en el conocimiento de la etiolog\u00eda [&hellip;]<\/p>\n","protected":false},"author":1,"featured_media":0,"comment_status":"open","ping_status":"open","sticky":false,"template":"","format":"standard","meta":{"site-sidebar-layout":"default","site-content-layout":"","ast-site-content-layout":"","site-content-style":"default","site-sidebar-style":"default","ast-global-header-display":"","ast-banner-title-visibility":"","ast-main-header-display":"","ast-hfb-above-header-display":"","ast-hfb-below-header-display":"","ast-hfb-mobile-header-display":"","site-post-title":"","ast-breadcrumbs-content":"","ast-featured-img":"","footer-sml-layout":"","theme-transparent-header-meta":"","adv-header-id-meta":"","stick-header-meta":"","header-above-stick-meta":"","header-main-stick-meta":"","header-below-stick-meta":"","astra-migrate-meta-layouts":"default","ast-page-background-enabled":"default","ast-page-background-meta":{"desktop":{"background-color":"var(--ast-global-color-4)","background-image":"","background-repeat":"repeat","background-position":"center center","background-size":"auto","background-attachment":"scroll","background-type":"","background-media":"","overlay-type":"","overlay-color":"","overlay-gradient":""},"tablet":{"background-color":"","background-image":"","background-repeat":"repeat","background-position":"center center","background-size":"auto","background-attachment":"scroll","background-type":"","background-media":"","overlay-type":"","overlay-color":"","overlay-gradient":""},"mobile":{"background-color":"","background-image":"","background-repeat":"repeat","background-position":"center center","background-size":"auto","background-attachment":"scroll","background-type":"","background-media":"","overlay-type":"","overlay-color":"","overlay-gradient":""}},"ast-content-background-meta":{"desktop":{"background-color":"var(--ast-global-color-5)","background-image":"","background-repeat":"repeat","background-position":"center center","background-size":"auto","background-attachment":"scroll","background-type":"","background-media":"","overlay-type":"","overlay-color":"","overlay-gradient":""},"tablet":{"background-color":"var(--ast-global-color-5)","background-image":"","background-repeat":"repeat","background-position":"center center","background-size":"auto","background-attachment":"scroll","background-type":"","background-media":"","overlay-type":"","overlay-color":"","overlay-gradient":""},"mobile":{"background-color":"var(--ast-global-color-5)","background-image":"","background-repeat":"repeat","background-position":"center center","background-size":"auto","background-attachment":"scroll","background-type":"","background-media":"","overlay-type":"","overlay-color":"","overlay-gradient":""}},"footnotes":""},"categories":[114,160,155,9,189,347,17],"tags":[14289,184579,184580,119139,64701,184578],"class_list":["post-88466","post","type-post","status-publish","format-standard","hentry","category-acidos-nucleicos","category-bioquimica","category-ciencias-clinicas","category-ciencias-medicas","category-farmacodinamia","category-oncologia-clinica","category-quimica","tag-alberto-durante-Martinez","tag-alberto-munoz-teros","tag-alfredo-moyano-jano","tag-antonio-vicente","tag-felix-bonilla-velasco","tag-jose-m-silva-leal"],"_links":{"self":[{"href":"https:\/\/www.deberes.net\/tesis\/wp-json\/wp\/v2\/posts\/88466","targetHints":{"allow":["GET"]}}],"collection":[{"href":"https:\/\/www.deberes.net\/tesis\/wp-json\/wp\/v2\/posts"}],"about":[{"href":"https:\/\/www.deberes.net\/tesis\/wp-json\/wp\/v2\/types\/post"}],"author":[{"embeddable":true,"href":"https:\/\/www.deberes.net\/tesis\/wp-json\/wp\/v2\/users\/1"}],"replies":[{"embeddable":true,"href":"https:\/\/www.deberes.net\/tesis\/wp-json\/wp\/v2\/comments?post=88466"}],"version-history":[{"count":0,"href":"https:\/\/www.deberes.net\/tesis\/wp-json\/wp\/v2\/posts\/88466\/revisions"}],"wp:attachment":[{"href":"https:\/\/www.deberes.net\/tesis\/wp-json\/wp\/v2\/media?parent=88466"}],"wp:term":[{"taxonomy":"category","embeddable":true,"href":"https:\/\/www.deberes.net\/tesis\/wp-json\/wp\/v2\/categories?post=88466"},{"taxonomy":"post_tag","embeddable":true,"href":"https:\/\/www.deberes.net\/tesis\/wp-json\/wp\/v2\/tags?post=88466"}],"curies":[{"name":"wp","href":"https:\/\/api.w.org\/{rel}","templated":true}]}}