{"id":88535,"date":"2018-03-10T00:13:33","date_gmt":"2018-03-10T00:13:33","guid":{"rendered":"https:\/\/www.deberes.net\/tesis\/sin-categoria\/neovanguardias-y-representacion-arquitectonica\/"},"modified":"2018-03-10T00:13:33","modified_gmt":"2018-03-10T00:13:33","slug":"neovanguardias-y-representacion-arquitectonica","status":"publish","type":"post","link":"https:\/\/www.deberes.net\/tesis\/historia\/neovanguardias-y-representacion-arquitectonica\/","title":{"rendered":"Neovanguardias y representaci\u00f3n arquitect\u00f3nica"},"content":{"rendered":"<h2>Tesis doctoral de <strong> Juan Puebla Pons <\/strong><\/h2>\n<p>La tesis trata sobre la representaci\u00f3n de la arquitectura en relaci\u00f3n con sus contenidos impl\u00edcitos y sus influencias del contexto hist\u00f3rico, art\u00edstico y cultural, en el \u00e1mbito de lo que se ha entendido como neovanguaradias arquitect\u00f3ncias, desde finales de la d\u00e9cada de los sesenta hasta la actualidad. de todas las corrientes surgidas a partir de la puesta en crisis del movimiento moderno, esta tendencia a la abstracci\u00f3n formal ha sido la m\u00e1s experimental en lo referente a la investigaci\u00f3n de diferentes tipos de espacialidad, as\u00ed como en su propia representaci\u00f3n, manifestaci\u00f3n  aspectos renovadores frente a la operatividad tradicional.  metodol\u00f3gicamente, se prenteder\u00e1 reflejar la relaci\u00f3n entre arquitectura y estiologr\u00e1fico o representacional, incluyendo la model\u00edstica o, expuesto de otro modo, entre categor\u00edas gr\u00e1ficas y conceptos arquitect\u00f3nicas. Estos \u00faltimos expresar\u00e1n, en este caso, diferentes caracter\u00edsticas espaciales no tradicionales secuencialidad, continuida, flexibilidad, transparencia, fluidez, infomidad, etc, as\u00ed como el nivel y car\u00e1cter de la relaci\u00f3n con el lugar. Se analizar\u00e1, a continuaci\u00f3n, la relaci\u00f3n entre sus estrategias proyectuales y las diferentes operaciones gr\u00e1ficas que las conforman. El material gr\u00e1fico estar\u00e1 consituido por lo que se enteder\u00e1 por dibujos de presentaci\u00f3n.  junto a esta experimentaci\u00f3n con el lenguaje de la representaci\u00f3n arquitect\u00f3nica se pone de manifiesto que, cuando las categor\u00edas gr\u00e1ficas se adecuan al contendio arqutiect\u00f3nico, se refleja a la vez que la propia esencia de la arquitectura, el car\u00e1cter abierto de la representaci\u00f3n. Al producirse cambios arquitect\u00f3nicos, cambiar\u00e1 tambi\u00e9n su expresi\u00f3n, y este proceso, con la aparici\u00f3n de nurvas posibilidades representatvias, se plantear\u00e1 a su vez, de forma rec\u00edproca, constat\u00e1ndose la capacidad de renovaci\u00f3n de la representaci\u00f3n en la actualidad y su relaci\u00f3n con los diferentes planteamient<\/p>\n<p>&nbsp;<\/p>\n<h3>Datos acad\u00e9micos de la tesis doctoral \u00ab<strong>Neovanguardias y representaci\u00f3n arquitect\u00f3nica<\/strong>\u00ab<\/h3>\n<ul>\n<li><strong>T\u00edtulo de la tesis:<\/strong>\u00a0 Neovanguardias y representaci\u00f3n arquitect\u00f3nica <\/li>\n<li><strong>Autor:<\/strong>\u00a0 Juan Puebla Pons <\/li>\n<li><strong>Universidad:<\/strong>\u00a0 Polit\u00e9cnica de catalunya<\/li>\n<li><strong>Fecha de lectura de la tesis:<\/strong>\u00a0 22\/01\/2001<\/li>\n<\/ul>\n<p>&nbsp;<\/p>\n<h3>Direcci\u00f3n y tribunal<\/h3>\n<ul>\n<li><strong>Director de la tesis<\/strong>\n<ul>\n<li>Miguel Garc\u00eda Lison<\/li>\n<\/ul>\n<\/li>\n<li><strong>Tribunal<\/strong>\n<ul>\n<li>Presidente del tribunal:  Segu\u00ed de la riva javier <\/li>\n<li>Santiago Roqueta matias (vocal)<\/li>\n<li>lino Manuel Cabezas gelabert (vocal)<\/li>\n<li>f\u00e9lix Solaguren-beascoa de corral (vocal)<\/li>\n<\/ul>\n<\/li>\n<\/ul>\n<p>&nbsp;<\/p>\n","protected":false},"excerpt":{"rendered":"<p>Tesis doctoral de Juan Puebla Pons La tesis trata sobre la representaci\u00f3n de la arquitectura en relaci\u00f3n con sus contenidos [&hellip;]<\/p>\n","protected":false},"author":1,"featured_media":0,"comment_status":"open","ping_status":"open","sticky":false,"template":"","format":"standard","meta":{"site-sidebar-layout":"default","site-content-layout":"","ast-site-content-layout":"","site-content-style":"default","site-sidebar-style":"default","ast-global-header-display":"","ast-banner-title-visibility":"","ast-main-header-display":"","ast-hfb-above-header-display":"","ast-hfb-below-header-display":"","ast-hfb-mobile-header-display":"","site-post-title":"","ast-breadcrumbs-content":"","ast-featured-img":"","footer-sml-layout":"","theme-transparent-header-meta":"","adv-header-id-meta":"","stick-header-meta":"","header-above-stick-meta":"","header-main-stick-meta":"","header-below-stick-meta":"","astra-migrate-meta-layouts":"default","ast-page-background-enabled":"default","ast-page-background-meta":{"desktop":{"background-color":"var(--ast-global-color-4)","background-image":"","background-repeat":"repeat","background-position":"center center","background-size":"auto","background-attachment":"scroll","background-type":"","background-media":"","overlay-type":"","overlay-color":"","overlay-gradient":""},"tablet":{"background-color":"","background-image":"","background-repeat":"repeat","background-position":"center center","background-size":"auto","background-attachment":"scroll","background-type":"","background-media":"","overlay-type":"","overlay-color":"","overlay-gradient":""},"mobile":{"background-color":"","background-image":"","background-repeat":"repeat","background-position":"center center","background-size":"auto","background-attachment":"scroll","background-type":"","background-media":"","overlay-type":"","overlay-color":"","overlay-gradient":""}},"ast-content-background-meta":{"desktop":{"background-color":"var(--ast-global-color-5)","background-image":"","background-repeat":"repeat","background-position":"center center","background-size":"auto","background-attachment":"scroll","background-type":"","background-media":"","overlay-type":"","overlay-color":"","overlay-gradient":""},"tablet":{"background-color":"var(--ast-global-color-5)","background-image":"","background-repeat":"repeat","background-position":"center center","background-size":"auto","background-attachment":"scroll","background-type":"","background-media":"","overlay-type":"","overlay-color":"","overlay-gradient":""},"mobile":{"background-color":"var(--ast-global-color-5)","background-image":"","background-repeat":"repeat","background-position":"center center","background-size":"auto","background-attachment":"scroll","background-type":"","background-media":"","overlay-type":"","overlay-color":"","overlay-gradient":""}},"footnotes":""},"categories":[4509,147,4100,12564,104,1745,222,15596,1111],"tags":[130463,119571,28195,15788,15949,16360],"class_list":["post-88535","post","type-post","status-publish","format-standard","hentry","category-arquitectura","category-ciencias-de-las-artes-y-las-letras","category-dibujo-y-grabado","category-diseno-arquitectonico","category-historia","category-historia-de-la-arquitectura","category-historias-especializadas","category-politecnica-de-catalunya","category-teoria-analisis-y-critica-de-las-bellas-artes","tag-felix-solaguren-beascoa-de-corral","tag-juan-puebla-pons","tag-lino-manuel-cabezas-gelabert","tag-miguel-garcia-lison","tag-santiago-roqueta-matias","tag-segui-de-la-riva-javier"],"_links":{"self":[{"href":"https:\/\/www.deberes.net\/tesis\/wp-json\/wp\/v2\/posts\/88535","targetHints":{"allow":["GET"]}}],"collection":[{"href":"https:\/\/www.deberes.net\/tesis\/wp-json\/wp\/v2\/posts"}],"about":[{"href":"https:\/\/www.deberes.net\/tesis\/wp-json\/wp\/v2\/types\/post"}],"author":[{"embeddable":true,"href":"https:\/\/www.deberes.net\/tesis\/wp-json\/wp\/v2\/users\/1"}],"replies":[{"embeddable":true,"href":"https:\/\/www.deberes.net\/tesis\/wp-json\/wp\/v2\/comments?post=88535"}],"version-history":[{"count":0,"href":"https:\/\/www.deberes.net\/tesis\/wp-json\/wp\/v2\/posts\/88535\/revisions"}],"wp:attachment":[{"href":"https:\/\/www.deberes.net\/tesis\/wp-json\/wp\/v2\/media?parent=88535"}],"wp:term":[{"taxonomy":"category","embeddable":true,"href":"https:\/\/www.deberes.net\/tesis\/wp-json\/wp\/v2\/categories?post=88535"},{"taxonomy":"post_tag","embeddable":true,"href":"https:\/\/www.deberes.net\/tesis\/wp-json\/wp\/v2\/tags?post=88535"}],"curies":[{"name":"wp","href":"https:\/\/api.w.org\/{rel}","templated":true}]}}