{"id":88567,"date":"2018-03-10T00:13:33","date_gmt":"2018-03-10T00:13:33","guid":{"rendered":"https:\/\/www.deberes.net\/tesis\/sin-categoria\/politica-de-telecomunicaciones-en-la-union-europea-interconexion-y-competencia\/"},"modified":"2018-03-10T00:13:33","modified_gmt":"2018-03-10T00:13:33","slug":"politica-de-telecomunicaciones-en-la-union-europea-interconexion-y-competencia","status":"publish","type":"post","link":"https:\/\/www.deberes.net\/tesis\/ciencias-economicas\/politica-de-telecomunicaciones-en-la-union-europea-interconexion-y-competencia\/","title":{"rendered":"Politica de telecomunicaciones en la union europea. interconexion y competencia"},"content":{"rendered":"<h2>Tesis doctoral de <strong> Pedro Canovas Tamayo <\/strong><\/h2>\n<p>El presente trabajo trata de ver c\u00f3mo la interconexi\u00f3n en el mercado de las telecomunicaciones influye sobre la competencia en el mismo. comienza dando una visi\u00f3n de las reformas y evoluci\u00f3n de las pol\u00edticas de telecomunicaciones tanto a nivel mundial como a nivel de la uni\u00f3n europea. se plantea como base fundamental para llegar a la competencia real la necesidad liberalizar el sector as\u00ed como de regular el mercado, qu\u00e9 debe regularse y, c\u00f3mo y qui\u00e9n debe hacerlo, como paso previo.  debe regularse la interconexi\u00f3n, el servicio universal, la concesi\u00f3n de licencias, los precios, el espectro radioel\u00e9ctrico, las competencias entre la administraci\u00f3n y el regulador. Las razones de la misma: por los fallos de mercado, por razones p\u00fablicas, y por razones pol\u00edticas. las autoridades regulatorias nacionales (arn) son organismos independientes que vigilan las actividades en el sector, conceden la licencias, velan porque las especificaciones t\u00e9cnicas sean las correctas, y porque la gesti\u00f3n del espectro sea la adecuada. el aspecto m\u00e1s importante desde el punto de vista de la competencia es la interconexi\u00f3n, y el grado de concentraci\u00f3n, su precio y condiciones. El precio determina en cierta media si hay o no posibilidades de competencia. Este se  establece como un coste fijo a los nuevos operadores. Si este es muy alto los operadores entrantes tendr\u00e1n m\u00e1s dificultades que si este es bajo para prestar sus servicios. Un precio bajo, no alentar\u00e1 al operador establecido a prestar servicios y lo que har\u00e1 ser\u00e1 alquilar sus redes. Esto a lo que lleva es a que el nuevo operador no realice inversiones y por lo tanto que no se generen redes alternativas y se fomenta la competencia. en cuanto al grado de concentraci\u00f3n, se este es muy alto evidentemente habr\u00e1 pocas empresas y no se ver\u00e1 favorecida la competencia pero si este es bajo, habr\u00e1 gran dispersi\u00f3n de empresas y por consiguiente la competencia se ver\u00e1 favorecida. en cuanto al grado de concentraci\u00f3n, si este es muy alto evidentemente habr\u00e1 pocas empresas y no se ver\u00e1 favorecida la competencia pero si este es bajo, habr\u00e1 gran dispersi\u00f3n de empresas y por consiguiente la competencia se ver\u00e1 favorecida. en todo esto tiene repercusi\u00f3n las tecnolog\u00edas de la informaci\u00f3n. Si \u00e9stas avanzan, y se hacen m\u00e1s eficientes, los costes de instalaci\u00f3n de redes nuevas bajar\u00e1n, cre\u00e1ndose redes alternativas y por lo tanto facilitando la competencia.<\/p>\n<p>&nbsp;<\/p>\n<h3>Datos acad\u00e9micos de la tesis doctoral \u00ab<strong>Politica de telecomunicaciones en la union europea. interconexion y competencia<\/strong>\u00ab<\/h3>\n<ul>\n<li><strong>T\u00edtulo de la tesis:<\/strong>\u00a0 Politica de telecomunicaciones en la union europea. interconexion y competencia <\/li>\n<li><strong>Autor:<\/strong>\u00a0 Pedro Canovas Tamayo <\/li>\n<li><strong>Universidad:<\/strong>\u00a0 Complutense de Madrid<\/li>\n<li><strong>Fecha de lectura de la tesis:<\/strong>\u00a0 25\/01\/2001<\/li>\n<\/ul>\n<p>&nbsp;<\/p>\n<h3>Direcci\u00f3n y tribunal<\/h3>\n<ul>\n<li><strong>Director de la tesis<\/strong>\n<ul>\n<li>Sara Gonzalez Fernandez<\/li>\n<\/ul>\n<\/li>\n<li><strong>Tribunal<\/strong>\n<ul>\n<li>Presidente del tribunal: Antonio Sanchez bravo cenjor <\/li>\n<li>Mar\u00eda  del carmen Perez  de armi\u00f1an (vocal)<\/li>\n<li>M\u00aa isabel Mart\u00ednez torre-enciso (vocal)<\/li>\n<li>Francisco Conde lopez (vocal)<\/li>\n<\/ul>\n<\/li>\n<\/ul>\n<p>&nbsp;<\/p>\n","protected":false},"excerpt":{"rendered":"<p>Tesis doctoral de Pedro Canovas Tamayo El presente trabajo trata de ver c\u00f3mo la interconexi\u00f3n en el mercado de las [&hellip;]<\/p>\n","protected":false},"author":1,"featured_media":0,"comment_status":"open","ping_status":"open","sticky":false,"template":"","format":"standard","meta":{"site-sidebar-layout":"default","site-content-layout":"","ast-site-content-layout":"","site-content-style":"default","site-sidebar-style":"default","ast-global-header-display":"","ast-banner-title-visibility":"","ast-main-header-display":"","ast-hfb-above-header-display":"","ast-hfb-below-header-display":"","ast-hfb-mobile-header-display":"","site-post-title":"","ast-breadcrumbs-content":"","ast-featured-img":"","footer-sml-layout":"","theme-transparent-header-meta":"","adv-header-id-meta":"","stick-header-meta":"","header-above-stick-meta":"","header-main-stick-meta":"","header-below-stick-meta":"","astra-migrate-meta-layouts":"default","ast-page-background-enabled":"default","ast-page-background-meta":{"desktop":{"background-color":"var(--ast-global-color-4)","background-image":"","background-repeat":"repeat","background-position":"center center","background-size":"auto","background-attachment":"scroll","background-type":"","background-media":"","overlay-type":"","overlay-color":"","overlay-gradient":""},"tablet":{"background-color":"","background-image":"","background-repeat":"repeat","background-position":"center center","background-size":"auto","background-attachment":"scroll","background-type":"","background-media":"","overlay-type":"","overlay-color":"","overlay-gradient":""},"mobile":{"background-color":"","background-image":"","background-repeat":"repeat","background-position":"center center","background-size":"auto","background-attachment":"scroll","background-type":"","background-media":"","overlay-type":"","overlay-color":"","overlay-gradient":""}},"ast-content-background-meta":{"desktop":{"background-color":"var(--ast-global-color-5)","background-image":"","background-repeat":"repeat","background-position":"center center","background-size":"auto","background-attachment":"scroll","background-type":"","background-media":"","overlay-type":"","overlay-color":"","overlay-gradient":""},"tablet":{"background-color":"var(--ast-global-color-5)","background-image":"","background-repeat":"repeat","background-position":"center center","background-size":"auto","background-attachment":"scroll","background-type":"","background-media":"","overlay-type":"","overlay-color":"","overlay-gradient":""},"mobile":{"background-color":"var(--ast-global-color-5)","background-image":"","background-repeat":"repeat","background-position":"center center","background-size":"auto","background-attachment":"scroll","background-type":"","background-media":"","overlay-type":"","overlay-color":"","overlay-gradient":""}},"footnotes":""},"categories":[82,2825,43057,839],"tags":[5037,23008,184740,119287,184739,23009],"class_list":["post-88567","post","type-post","status-publish","format-standard","hentry","category-ciencias-economicas","category-organizacion-industrial-y-sector-publico","category-politica-de-comunicaciones","category-politicas-sectoriales","tag-antonio-sanchez-bravo-cenjor","tag-francisco-conde-lopez","tag-maria-del-carmen-perez-de-arminan","tag-ma-isabel-Martinez-torre-enciso","tag-pedro-canovas-tamayo","tag-sara-gonzalez-fernandez"],"_links":{"self":[{"href":"https:\/\/www.deberes.net\/tesis\/wp-json\/wp\/v2\/posts\/88567","targetHints":{"allow":["GET"]}}],"collection":[{"href":"https:\/\/www.deberes.net\/tesis\/wp-json\/wp\/v2\/posts"}],"about":[{"href":"https:\/\/www.deberes.net\/tesis\/wp-json\/wp\/v2\/types\/post"}],"author":[{"embeddable":true,"href":"https:\/\/www.deberes.net\/tesis\/wp-json\/wp\/v2\/users\/1"}],"replies":[{"embeddable":true,"href":"https:\/\/www.deberes.net\/tesis\/wp-json\/wp\/v2\/comments?post=88567"}],"version-history":[{"count":0,"href":"https:\/\/www.deberes.net\/tesis\/wp-json\/wp\/v2\/posts\/88567\/revisions"}],"wp:attachment":[{"href":"https:\/\/www.deberes.net\/tesis\/wp-json\/wp\/v2\/media?parent=88567"}],"wp:term":[{"taxonomy":"category","embeddable":true,"href":"https:\/\/www.deberes.net\/tesis\/wp-json\/wp\/v2\/categories?post=88567"},{"taxonomy":"post_tag","embeddable":true,"href":"https:\/\/www.deberes.net\/tesis\/wp-json\/wp\/v2\/tags?post=88567"}],"curies":[{"name":"wp","href":"https:\/\/api.w.org\/{rel}","templated":true}]}}