{"id":88608,"date":"2018-03-10T00:13:38","date_gmt":"2018-03-10T00:13:38","guid":{"rendered":"https:\/\/www.deberes.net\/tesis\/sin-categoria\/la-contribucion-de-la-corte-internacional-de-justicia-al-desarrollo-progresivo-del-derecho-internacional\/"},"modified":"2018-03-10T00:13:38","modified_gmt":"2018-03-10T00:13:38","slug":"la-contribucion-de-la-corte-internacional-de-justicia-al-desarrollo-progresivo-del-derecho-internacional","status":"publish","type":"post","link":"https:\/\/www.deberes.net\/tesis\/ciencias-juridicas-y-derecho\/la-contribucion-de-la-corte-internacional-de-justicia-al-desarrollo-progresivo-del-derecho-internacional\/","title":{"rendered":"La contribuci\u00f3n de la corte internacional de justicia al desarrollo progresivo del derecho internacional"},"content":{"rendered":"<h2>Tesis doctoral de <strong>  Ory Arriaga Carlos De <\/strong><\/h2>\n<p>La tesis estudia la contribuci\u00f3n de la corte al desarrollo progresivo del derecho internacional de los derechos humanos y est\u00e1 estructurada en tres partes. En la primera parte se analiza la jurisprudencia del tribunal relativa a la nautraleza de los derechos humanos -el fundamento de los derechos humanos, el car\u00e1cter de ius cogens de algunas de sus normas, su eficacia erga omnes, y su relaci\u00f3n con la noci\u00f3n de competencia exlcusiva. en la segudna los pronuniciamientos realtivos a determinados derchos enconcreto: el derecho a no ser privado arbitrariamente de la vida, la prohibici\u00f3n del genocidio; la tortura y las penas o tratos crueles, inhumanos o degradantes; la esclavitud y la servidumbre; la discrimiaci\u00f3n racial y el apartheid; y la denegaci\u00f3n flagrante de justicia. Y en la tercera, en fin, los l\u00edmites que reviste la protecci\u00f3n de los derchos humanos por parte de los dem\u00e1s estados, en particular, el papel de las contramedidas en el derecho internacional contempor\u00e1neo.Ello nos ha llevado a la elaboraci\u00f3n de una serie de conclusiones con la que finaliza la misma.<\/p>\n<p>&nbsp;<\/p>\n<h3>Datos acad\u00e9micos de la tesis doctoral \u00ab<strong>La contribuci\u00f3n de la corte internacional de justicia al desarrollo progresivo del derecho internacional<\/strong>\u00ab<\/h3>\n<ul>\n<li><strong>T\u00edtulo de la tesis:<\/strong>\u00a0 La contribuci\u00f3n de la corte internacional de justicia al desarrollo progresivo del derecho internacional <\/li>\n<li><strong>Autor:<\/strong>\u00a0  Ory Arriaga Carlos De <\/li>\n<li><strong>Universidad:<\/strong>\u00a0 Sevilla<\/li>\n<li><strong>Fecha de lectura de la tesis:<\/strong>\u00a0 26\/01\/2001<\/li>\n<\/ul>\n<p>&nbsp;<\/p>\n<h3>Direcci\u00f3n y tribunal<\/h3>\n<ul>\n<li><strong>Director de la tesis<\/strong>\n<ul>\n<li>Juan  Antonio Carrillo Salcedo<\/li>\n<\/ul>\n<\/li>\n<li><strong>Tribunal<\/strong>\n<ul>\n<li>Presidente del tribunal: alejandro j. Rodr\u00edguez carri\u00f3n <\/li>\n<li>Antonio  enrique Perez lu\u00f1o (vocal)<\/li>\n<li> Pela\u00e9z mar\u00f3n Jos\u00e9 Manuel (vocal)<\/li>\n<li>Rafael Casado raig\u00f3n (vocal)<\/li>\n<\/ul>\n<\/li>\n<\/ul>\n<p>&nbsp;<\/p>\n","protected":false},"excerpt":{"rendered":"<p>Tesis doctoral de Ory Arriaga Carlos De La tesis estudia la contribuci\u00f3n de la corte al desarrollo progresivo del derecho [&hellip;]<\/p>\n","protected":false},"author":1,"featured_media":0,"comment_status":"open","ping_status":"open","sticky":false,"template":"","format":"standard","meta":{"site-sidebar-layout":"default","site-content-layout":"","ast-site-content-layout":"","site-content-style":"default","site-sidebar-style":"default","ast-global-header-display":"","ast-banner-title-visibility":"","ast-main-header-display":"","ast-hfb-above-header-display":"","ast-hfb-below-header-display":"","ast-hfb-mobile-header-display":"","site-post-title":"","ast-breadcrumbs-content":"","ast-featured-img":"","footer-sml-layout":"","theme-transparent-header-meta":"","adv-header-id-meta":"","stick-header-meta":"","header-above-stick-meta":"","header-main-stick-meta":"","header-below-stick-meta":"","astra-migrate-meta-layouts":"default","ast-page-background-enabled":"default","ast-page-background-meta":{"desktop":{"background-color":"var(--ast-global-color-4)","background-image":"","background-repeat":"repeat","background-position":"center center","background-size":"auto","background-attachment":"scroll","background-type":"","background-media":"","overlay-type":"","overlay-color":"","overlay-gradient":""},"tablet":{"background-color":"","background-image":"","background-repeat":"repeat","background-position":"center center","background-size":"auto","background-attachment":"scroll","background-type":"","background-media":"","overlay-type":"","overlay-color":"","overlay-gradient":""},"mobile":{"background-color":"","background-image":"","background-repeat":"repeat","background-position":"center center","background-size":"auto","background-attachment":"scroll","background-type":"","background-media":"","overlay-type":"","overlay-color":"","overlay-gradient":""}},"ast-content-background-meta":{"desktop":{"background-color":"var(--ast-global-color-5)","background-image":"","background-repeat":"repeat","background-position":"center center","background-size":"auto","background-attachment":"scroll","background-type":"","background-media":"","overlay-type":"","overlay-color":"","overlay-gradient":""},"tablet":{"background-color":"var(--ast-global-color-5)","background-image":"","background-repeat":"repeat","background-position":"center center","background-size":"auto","background-attachment":"scroll","background-type":"","background-media":"","overlay-type":"","overlay-color":"","overlay-gradient":""},"mobile":{"background-color":"var(--ast-global-color-5)","background-image":"","background-repeat":"repeat","background-position":"center center","background-size":"auto","background-attachment":"scroll","background-type":"","background-media":"","overlay-type":"","overlay-color":"","overlay-gradient":""}},"footnotes":""},"categories":[612,1442,1211,6334,979,10715],"tags":[15574,11057,3989,184797,20863,38605],"class_list":["post-88608","post","type-post","status-publish","format-standard","hentry","category-ciencias-juridicas-y-derecho","category-derecho-administrativo","category-derecho-internacional","category-derecho-internacional-publico","category-derecho-y-legislacion-nacionales","category-sevilla","tag-alejandro-j-rodriguez-carrion","tag-antonio-enrique-perez-luno","tag-juan-antonio-carrillo-salcedo","tag-ory-arriaga-carlos-de","tag-pelaez-maron-jose-manuel","tag-rafael-casado-raigon"],"_links":{"self":[{"href":"https:\/\/www.deberes.net\/tesis\/wp-json\/wp\/v2\/posts\/88608","targetHints":{"allow":["GET"]}}],"collection":[{"href":"https:\/\/www.deberes.net\/tesis\/wp-json\/wp\/v2\/posts"}],"about":[{"href":"https:\/\/www.deberes.net\/tesis\/wp-json\/wp\/v2\/types\/post"}],"author":[{"embeddable":true,"href":"https:\/\/www.deberes.net\/tesis\/wp-json\/wp\/v2\/users\/1"}],"replies":[{"embeddable":true,"href":"https:\/\/www.deberes.net\/tesis\/wp-json\/wp\/v2\/comments?post=88608"}],"version-history":[{"count":0,"href":"https:\/\/www.deberes.net\/tesis\/wp-json\/wp\/v2\/posts\/88608\/revisions"}],"wp:attachment":[{"href":"https:\/\/www.deberes.net\/tesis\/wp-json\/wp\/v2\/media?parent=88608"}],"wp:term":[{"taxonomy":"category","embeddable":true,"href":"https:\/\/www.deberes.net\/tesis\/wp-json\/wp\/v2\/categories?post=88608"},{"taxonomy":"post_tag","embeddable":true,"href":"https:\/\/www.deberes.net\/tesis\/wp-json\/wp\/v2\/tags?post=88608"}],"curies":[{"name":"wp","href":"https:\/\/api.w.org\/{rel}","templated":true}]}}