{"id":88646,"date":"2018-03-10T00:13:38","date_gmt":"2018-03-10T00:13:38","guid":{"rendered":"https:\/\/www.deberes.net\/tesis\/sin-categoria\/la-interpretacion-filosofica-del-calculo-infinistesimal-en-el-sistema-de-hegel\/"},"modified":"2018-03-10T00:13:38","modified_gmt":"2018-03-10T00:13:38","slug":"la-interpretacion-filosofica-del-calculo-infinistesimal-en-el-sistema-de-hegel","status":"publish","type":"post","link":"https:\/\/www.deberes.net\/tesis\/filosofia\/la-interpretacion-filosofica-del-calculo-infinistesimal-en-el-sistema-de-hegel\/","title":{"rendered":"La interpretaci\u00f3n filos\u00f3fica del c\u00e1lculo infinistesimal en el sistema de hegel."},"content":{"rendered":"<h2>Tesis doctoral de <strong>  Miranda Martin Francisco Javier <\/strong><\/h2>\n<p>La investigaci\u00f3n se articula en tres partes fundamentales:  1,- marco general de la investigaci\u00f3n en la que se exponen los objetivos y los temas.  2,- an\u00e1lisis del desarrollo hist\u00f3rico de los conceptos matem\u00e1ticos que constituyen el c\u00e1lculo y su recepci\u00f3n por la parte de hegel.  3,- se investiga el lugar que ocupa el c\u00e1lculo infinitesimal en el sistema de la l\u00f3gica, atendiendo a los intereses especulativos de hegel.  enla investigaci\u00f3n se ha tratado de mostrar la \u00edntima conexi\u00f3n que existe entre los principios l\u00f3gicos fundamentales (no-contradicci\u00f3n y tercio excluso) y el c\u00e1lculo infinistesimal.Hegel llega a esta conclusi\u00f3n tras el an\u00e1lisis de las antinomias son los fundamentos conceptuales b\u00e1sicos del an\u00e1lisis matem\u00e1tico moderno.  hegel analiza y detecta las contradicciones en que se encuentran sumidos los matem\u00e1ticos de la \u00e9poca en torno a los conceptos fundamentales del an\u00e1lisis. Al mismo timpo, trata de mostrar y deducir que dichas contradicicones forman parte de la naturaleza misma de los conceptos empleados para su resoluci\u00f3n. Hegel advierte de nuevo que en la discursi\u00f3n contempor\u00e1nea en torno a los fundamentos del c\u00e1lculo infinitesinam debemos retrotraernos a la antigua dial\u00e9ctica de los el\u00e9atas plasmada en las conocidas apor\u00edas de zenon.  toda la estructura conceptual implicada en la discusi\u00f3n le sirve a hegel para demostrar la naturaleza especulativa del tiempo y fundamentar su acosmismo. hegel, como heredero fundamental de spinoza, considera que la filosof\u00eda es un progrma de autoredenci\u00f3nmediante la raz\u00f3n. Estas autoredenci\u00f3n se lleva a cabo como liberaci\u00f3n de todas las determinaciones finitas. El tiempo interno de las teor\u00edas; esto es, de nuvas propuestas sobre las difernciaciones ya establecidas, es la verdadera naturaleza de la temporalidad. La nueva teor\u00eda de la substancia en hegel entra\u00f1a su equiValencia con la memoria: s\u00f3lo la memoria del desarrollo es lo que propiamente existe<\/p>\n<p>&nbsp;<\/p>\n<h3>Datos acad\u00e9micos de la tesis doctoral \u00ab<strong>La interpretaci\u00f3n filos\u00f3fica del c\u00e1lculo infinistesimal en el sistema de hegel.<\/strong>\u00ab<\/h3>\n<ul>\n<li><strong>T\u00edtulo de la tesis:<\/strong>\u00a0 La interpretaci\u00f3n filos\u00f3fica del c\u00e1lculo infinistesimal en el sistema de hegel. <\/li>\n<li><strong>Autor:<\/strong>\u00a0  Miranda Martin Francisco Javier <\/li>\n<li><strong>Universidad:<\/strong>\u00a0 Navarra<\/li>\n<li><strong>Fecha de lectura de la tesis:<\/strong>\u00a0 29\/01\/2001<\/li>\n<\/ul>\n<p>&nbsp;<\/p>\n<h3>Direcci\u00f3n y tribunal<\/h3>\n<ul>\n<li><strong>Director de la tesis<\/strong>\n<ul>\n<li>Fernando Inciarte<\/li>\n<\/ul>\n<\/li>\n<li><strong>Tribunal<\/strong>\n<ul>\n<li>Presidente del tribunal:  Fern\u00e1ndez-prida de Carlos jos\u00e9 <\/li>\n<li>ignacio Sols lucia (vocal)<\/li>\n<li>Rafael Alvira dominguez (vocal)<\/li>\n<li>Juan Arana ca\u00f1edo-arg\u00ed\u00bcelles (vocal)<\/li>\n<\/ul>\n<\/li>\n<\/ul>\n<p>&nbsp;<\/p>\n","protected":false},"excerpt":{"rendered":"<p>Tesis doctoral de Miranda Martin Francisco Javier La investigaci\u00f3n se articula en tres partes fundamentales: 1,- marco general de la [&hellip;]<\/p>\n","protected":false},"author":1,"featured_media":0,"comment_status":"open","ping_status":"open","sticky":false,"template":"","format":"standard","meta":{"site-sidebar-layout":"default","site-content-layout":"","ast-site-content-layout":"","site-content-style":"default","site-sidebar-style":"default","ast-global-header-display":"","ast-banner-title-visibility":"","ast-main-header-display":"","ast-hfb-above-header-display":"","ast-hfb-below-header-display":"","ast-hfb-mobile-header-display":"","site-post-title":"","ast-breadcrumbs-content":"","ast-featured-img":"","footer-sml-layout":"","theme-transparent-header-meta":"","adv-header-id-meta":"","stick-header-meta":"","header-above-stick-meta":"","header-main-stick-meta":"","header-below-stick-meta":"","astra-migrate-meta-layouts":"default","ast-page-background-enabled":"default","ast-page-background-meta":{"desktop":{"background-color":"var(--ast-global-color-4)","background-image":"","background-repeat":"repeat","background-position":"center center","background-size":"auto","background-attachment":"scroll","background-type":"","background-media":"","overlay-type":"","overlay-color":"","overlay-gradient":""},"tablet":{"background-color":"","background-image":"","background-repeat":"repeat","background-position":"center center","background-size":"auto","background-attachment":"scroll","background-type":"","background-media":"","overlay-type":"","overlay-color":"","overlay-gradient":""},"mobile":{"background-color":"","background-image":"","background-repeat":"repeat","background-position":"center center","background-size":"auto","background-attachment":"scroll","background-type":"","background-media":"","overlay-type":"","overlay-color":"","overlay-gradient":""}},"ast-content-background-meta":{"desktop":{"background-color":"var(--ast-global-color-5)","background-image":"","background-repeat":"repeat","background-position":"center center","background-size":"auto","background-attachment":"scroll","background-type":"","background-media":"","overlay-type":"","overlay-color":"","overlay-gradient":""},"tablet":{"background-color":"var(--ast-global-color-5)","background-image":"","background-repeat":"repeat","background-position":"center center","background-size":"auto","background-attachment":"scroll","background-type":"","background-media":"","overlay-type":"","overlay-color":"","overlay-gradient":""},"mobile":{"background-color":"var(--ast-global-color-5)","background-image":"","background-repeat":"repeat","background-position":"center center","background-size":"auto","background-attachment":"scroll","background-type":"","background-media":"","overlay-type":"","overlay-color":"","overlay-gradient":""}},"footnotes":""},"categories":[165,1076,28482,1058,17749,990],"tags":[23740,32217,9618,18061,184863,17980],"class_list":["post-88646","post","type-post","status-publish","format-standard","hentry","category-filosofia","category-filosofia-de-la-ciencia","category-filosofia-de-las-matematicas","category-filosofia-moderna","category-navarra","category-sistemas-filosoficos","tag-fernandez-prida-de-carlos-jose","tag-fernando-inciarte","tag-ignacio-sols-lucia","tag-juan-arana-canedo-argielles","tag-miranda-martin-francisco-javier","tag-rafael-alvira-dominguez"],"_links":{"self":[{"href":"https:\/\/www.deberes.net\/tesis\/wp-json\/wp\/v2\/posts\/88646","targetHints":{"allow":["GET"]}}],"collection":[{"href":"https:\/\/www.deberes.net\/tesis\/wp-json\/wp\/v2\/posts"}],"about":[{"href":"https:\/\/www.deberes.net\/tesis\/wp-json\/wp\/v2\/types\/post"}],"author":[{"embeddable":true,"href":"https:\/\/www.deberes.net\/tesis\/wp-json\/wp\/v2\/users\/1"}],"replies":[{"embeddable":true,"href":"https:\/\/www.deberes.net\/tesis\/wp-json\/wp\/v2\/comments?post=88646"}],"version-history":[{"count":0,"href":"https:\/\/www.deberes.net\/tesis\/wp-json\/wp\/v2\/posts\/88646\/revisions"}],"wp:attachment":[{"href":"https:\/\/www.deberes.net\/tesis\/wp-json\/wp\/v2\/media?parent=88646"}],"wp:term":[{"taxonomy":"category","embeddable":true,"href":"https:\/\/www.deberes.net\/tesis\/wp-json\/wp\/v2\/categories?post=88646"},{"taxonomy":"post_tag","embeddable":true,"href":"https:\/\/www.deberes.net\/tesis\/wp-json\/wp\/v2\/tags?post=88646"}],"curies":[{"name":"wp","href":"https:\/\/api.w.org\/{rel}","templated":true}]}}