{"id":88655,"date":"2018-03-10T00:13:42","date_gmt":"2018-03-10T00:13:42","guid":{"rendered":"https:\/\/www.deberes.net\/tesis\/sin-categoria\/el-pintor-y-dibujante-luis-pardo-diaz\/"},"modified":"2018-03-10T00:13:42","modified_gmt":"2018-03-10T00:13:42","slug":"el-pintor-y-dibujante-luis-pardo-diaz","status":"publish","type":"post","link":"https:\/\/www.deberes.net\/tesis\/historia\/el-pintor-y-dibujante-luis-pardo-diaz\/","title":{"rendered":"El pintor y dibujante luis pardo diaz"},"content":{"rendered":"<h2>Tesis doctoral de <strong>  Alonso De La Torre Garcia Antonio <\/strong><\/h2>\n<p>El pinto y dibujante luis pardo d\u00edas (gij\u00f3n 1910-2000) complet\u00f3 su primera formaci\u00f3n en la escuela de b.A. De san fernando de Madrid(1926-19319) y dos a\u00f1os de ampliaci\u00f3n de estudios en par\u00eds y roma (1933-1934). En los a\u00f1os treinta su obra fue un compendio de influencias de lo que hab\u00ed conocido, muy preocupado por la figura humana y con un estilo pr\u00f3ximo al realismo m\u00e1gico. Despu\u00e9s de trabajar un tiempo en un importante casa de publicidad le sorprendi\u00f3 la guerra en Madrid. En el transcruso de la contienda trabaja como ilustrador del peri\u00f3dico el sindicalista y m\u00e1s tarde pas\u00f3 a ser director de taller estudio rojo del partido comunista. En este taller realiz\u00f3 una notable labor de ilustraci\u00f3n, pero destacaron los enormes carteles con im\u00e1genes de los l\u00edderes sovi\u00e9ticos que se colocaron en la capital. Tras la guerra regres\u00f3 a su ciudad natal y durante a\u00f1os vivi\u00f3 de pintar retratos y paisajes. De forma progresiva fue alej\u00e1ndose de los circuitos comerciales. mas adelante se dedic\u00f3 a la docencia del dibujo y la pintura. En las \u00faltimas d\u00e9cadas su obra fue estrictamente \u00edntima, con dibujos y \u00f3leos expresionistas que reflejan una profunda desilusi\u00f3n en el ser humano.<\/p>\n<p>&nbsp;<\/p>\n<h3>Datos acad\u00e9micos de la tesis doctoral \u00ab<strong>El pintor y dibujante luis pardo diaz<\/strong>\u00ab<\/h3>\n<ul>\n<li><strong>T\u00edtulo de la tesis:<\/strong>\u00a0 El pintor y dibujante luis pardo diaz <\/li>\n<li><strong>Autor:<\/strong>\u00a0  Alonso De La Torre Garcia Antonio <\/li>\n<li><strong>Universidad:<\/strong>\u00a0 Oviedo<\/li>\n<li><strong>Fecha de lectura de la tesis:<\/strong>\u00a0 30\/01\/2001<\/li>\n<\/ul>\n<p>&nbsp;<\/p>\n<h3>Direcci\u00f3n y tribunal<\/h3>\n<ul>\n<li><strong>Director de la tesis<\/strong>\n<ul>\n<li>Javier Baron Thaidigsmann<\/li>\n<\/ul>\n<\/li>\n<li><strong>Tribunal<\/strong>\n<ul>\n<li>Presidente del tribunal: julia Mar\u00eda Barroso villar <\/li>\n<li>Mar\u00eda  del mar Lozano bartolozzi (vocal)<\/li>\n<li>inmaculada Julian (vocal)<\/li>\n<li>Javier Perez rojas (vocal)<\/li>\n<\/ul>\n<\/li>\n<\/ul>\n<p>&nbsp;<\/p>\n","protected":false},"excerpt":{"rendered":"<p>Tesis doctoral de Alonso De La Torre Garcia Antonio El pinto y dibujante luis pardo d\u00edas (gij\u00f3n 1910-2000) complet\u00f3 su [&hellip;]<\/p>\n","protected":false},"author":1,"featured_media":0,"comment_status":"open","ping_status":"open","sticky":false,"template":"","format":"standard","meta":{"site-sidebar-layout":"default","site-content-layout":"","ast-site-content-layout":"","site-content-style":"default","site-sidebar-style":"default","ast-global-header-display":"","ast-banner-title-visibility":"","ast-main-header-display":"","ast-hfb-above-header-display":"","ast-hfb-below-header-display":"","ast-hfb-mobile-header-display":"","site-post-title":"","ast-breadcrumbs-content":"","ast-featured-img":"","footer-sml-layout":"","theme-transparent-header-meta":"","adv-header-id-meta":"","stick-header-meta":"","header-above-stick-meta":"","header-main-stick-meta":"","header-below-stick-meta":"","astra-migrate-meta-layouts":"default","ast-page-background-enabled":"default","ast-page-background-meta":{"desktop":{"background-color":"var(--ast-global-color-4)","background-image":"","background-repeat":"repeat","background-position":"center center","background-size":"auto","background-attachment":"scroll","background-type":"","background-media":"","overlay-type":"","overlay-color":"","overlay-gradient":""},"tablet":{"background-color":"","background-image":"","background-repeat":"repeat","background-position":"center center","background-size":"auto","background-attachment":"scroll","background-type":"","background-media":"","overlay-type":"","overlay-color":"","overlay-gradient":""},"mobile":{"background-color":"","background-image":"","background-repeat":"repeat","background-position":"center center","background-size":"auto","background-attachment":"scroll","background-type":"","background-media":"","overlay-type":"","overlay-color":"","overlay-gradient":""}},"ast-content-background-meta":{"desktop":{"background-color":"var(--ast-global-color-5)","background-image":"","background-repeat":"repeat","background-position":"center center","background-size":"auto","background-attachment":"scroll","background-type":"","background-media":"","overlay-type":"","overlay-color":"","overlay-gradient":""},"tablet":{"background-color":"var(--ast-global-color-5)","background-image":"","background-repeat":"repeat","background-position":"center center","background-size":"auto","background-attachment":"scroll","background-type":"","background-media":"","overlay-type":"","overlay-color":"","overlay-gradient":""},"mobile":{"background-color":"var(--ast-global-color-5)","background-image":"","background-repeat":"repeat","background-position":"center center","background-size":"auto","background-attachment":"scroll","background-type":"","background-media":"","overlay-type":"","overlay-color":"","overlay-gradient":""}},"footnotes":""},"categories":[104,1014,2563,222,8846],"tags":[184878,184879,56781,39984,25258,19490],"class_list":["post-88655","post","type-post","status-publish","format-standard","hentry","category-historia","category-historia-del-arte","category-historia-del-arte-de-los-siglos-xix-y-xx","category-historias-especializadas","category-oviedo","tag-alonso-de-la-torre-garcia-antonio","tag-inmaculada-julian","tag-javier-baron-thaidigsmann","tag-javier-perez-rojas","tag-julia-maria-barroso-villar","tag-maria-del-mar-lozano-bartolozzi"],"_links":{"self":[{"href":"https:\/\/www.deberes.net\/tesis\/wp-json\/wp\/v2\/posts\/88655","targetHints":{"allow":["GET"]}}],"collection":[{"href":"https:\/\/www.deberes.net\/tesis\/wp-json\/wp\/v2\/posts"}],"about":[{"href":"https:\/\/www.deberes.net\/tesis\/wp-json\/wp\/v2\/types\/post"}],"author":[{"embeddable":true,"href":"https:\/\/www.deberes.net\/tesis\/wp-json\/wp\/v2\/users\/1"}],"replies":[{"embeddable":true,"href":"https:\/\/www.deberes.net\/tesis\/wp-json\/wp\/v2\/comments?post=88655"}],"version-history":[{"count":0,"href":"https:\/\/www.deberes.net\/tesis\/wp-json\/wp\/v2\/posts\/88655\/revisions"}],"wp:attachment":[{"href":"https:\/\/www.deberes.net\/tesis\/wp-json\/wp\/v2\/media?parent=88655"}],"wp:term":[{"taxonomy":"category","embeddable":true,"href":"https:\/\/www.deberes.net\/tesis\/wp-json\/wp\/v2\/categories?post=88655"},{"taxonomy":"post_tag","embeddable":true,"href":"https:\/\/www.deberes.net\/tesis\/wp-json\/wp\/v2\/tags?post=88655"}],"curies":[{"name":"wp","href":"https:\/\/api.w.org\/{rel}","templated":true}]}}