{"id":88667,"date":"2018-03-10T00:13:42","date_gmt":"2018-03-10T00:13:42","guid":{"rendered":"https:\/\/www.deberes.net\/tesis\/sin-categoria\/cambios-hemostaticos-y-su-relacion-con-las-variaciones-de-algunos-genes-en-la-diabetes-gestacional\/"},"modified":"2018-03-10T00:13:42","modified_gmt":"2018-03-10T00:13:42","slug":"cambios-hemostaticos-y-su-relacion-con-las-variaciones-de-algunos-genes-en-la-diabetes-gestacional","status":"publish","type":"post","link":"https:\/\/www.deberes.net\/tesis\/ciencias-medicas\/cambios-hemostaticos-y-su-relacion-con-las-variaciones-de-algunos-genes-en-la-diabetes-gestacional\/","title":{"rendered":"Cambios hemost\u00e1ticos y su relaci\u00f3n con las variaciones de algunos genes en la diabetes gestacional"},"content":{"rendered":"<h2>Tesis doctoral de <strong> Miriam Flor De La L\u00f3pez <\/strong><\/h2>\n<p>La importancia del diagn\u00f3stico de la dg durante el embarazo radica en las complicaciones que se pueden derivar de esta patolog\u00eda. Pero existe un porcentaje de mujeres con dg que nunca desarrollar\u00e1n complicaciones y otras que se comportan como una verdadera diabetes mellitus. Por ello se plantea evaluar el papel del tf como indicador de lesi\u00f3n endotelial y marcador de factor de riesgo en las dg para desarrollar complicaciones en el embarazo. Por otro lado, es conocido el papel gen\u00e9tico en la diabetes, en este trabajo se analiza si el gen pai-1 y el de la gpiib-iiia presentan distintos polimorfismos en el grupo de gestantes normales y en el grupo de embarazos con dg.  se detecta un aumento significativo en la concentraci\u00f3n de factor ii en el grupo de dg y un tp significativamente m\u00e1s corto en el grupo de dg en comparaci\u00f3n con las gestantes normales.  la proteina s antig\u00e9nica,la proteina c antig\u00e9ntica y la at iii presentan valores significativamente menores en el grupo de dg.  el tf presenta valores signficativamente menores durante la gestaci\u00f3n en el ii y iii trimestre complicada con dg en comparaci\u00f3n con gestantes normales gestantes del i trimestre y mujeres no emabarazdas. No se presentan diferencias significativas en los polimorfismo gen\u00e9ticos de la gp iib\/iiia ni del pai-1 estudiados entre los grupos de gestantes normales y gestantes con dg. Si se muestra una tendencia de mayor frecuencia del alelo tromb\u00f3trico (4g) y del polimorfismo tromb\u00f3tico en el grupo de dg con complicaciones.  aparece una diferencia estad\u00edstica entre el grupo de gestantes dg con complicaciones y el de embarazadas con dg sin complicaciones en cuanto a la presencia del haplotipo considerado de riesgo tromb\u00f3tico.  parece ser que en el grupo de dg en comparaci\u00f3n con el grupo de gestantes normales se produce una activaci\u00f3n de la coagulaci\u00f3n de forma m\u00e1s marcada.  detectamos una tendencia importante de \u00bb combinaciones tromb\u00f3ticas\u00bb en el grupo<\/p>\n<p>&nbsp;<\/p>\n<h3>Datos acad\u00e9micos de la tesis doctoral \u00ab<strong>Cambios hemost\u00e1ticos y su relaci\u00f3n con las variaciones de algunos genes en la diabetes gestacional<\/strong>\u00ab<\/h3>\n<ul>\n<li><strong>T\u00edtulo de la tesis:<\/strong>\u00a0 Cambios hemost\u00e1ticos y su relaci\u00f3n con las variaciones de algunos genes en la diabetes gestacional <\/li>\n<li><strong>Autor:<\/strong>\u00a0 Miriam Flor De La L\u00f3pez <\/li>\n<li><strong>Universidad:<\/strong>\u00a0 Rovira i virgili<\/li>\n<li><strong>Fecha de lectura de la tesis:<\/strong>\u00a0 30\/01\/2001<\/li>\n<\/ul>\n<p>&nbsp;<\/p>\n<h3>Direcci\u00f3n y tribunal<\/h3>\n<ul>\n<li><strong>Director de la tesis<\/strong>\n<ul>\n<li>Josep Mar\u00eda Lailla Vicens<\/li>\n<\/ul>\n<\/li>\n<li><strong>Tribunal<\/strong>\n<ul>\n<li>Presidente del tribunal: jordi Xercavins montosa <\/li>\n<li> Cavall\u00e9 i vallverd\u00fa pere (vocal)<\/li>\n<li>josep Mar\u00eda Lailla vicens (vocal)<\/li>\n<li>Emilio Perez pica\u00f1ol (vocal)<\/li>\n<\/ul>\n<\/li>\n<\/ul>\n<p>&nbsp;<\/p>\n","protected":false},"excerpt":{"rendered":"<p>Tesis doctoral de Miriam Flor De La L\u00f3pez La importancia del diagn\u00f3stico de la dg durante el embarazo radica en [&hellip;]<\/p>\n","protected":false},"author":1,"featured_media":0,"comment_status":"open","ping_status":"open","sticky":false,"template":"","format":"standard","meta":{"site-sidebar-layout":"default","site-content-layout":"","ast-site-content-layout":"","site-content-style":"default","site-sidebar-style":"default","ast-global-header-display":"","ast-banner-title-visibility":"","ast-main-header-display":"","ast-hfb-above-header-display":"","ast-hfb-below-header-display":"","ast-hfb-mobile-header-display":"","site-post-title":"","ast-breadcrumbs-content":"","ast-featured-img":"","footer-sml-layout":"","theme-transparent-header-meta":"","adv-header-id-meta":"","stick-header-meta":"","header-above-stick-meta":"","header-main-stick-meta":"","header-below-stick-meta":"","astra-migrate-meta-layouts":"default","ast-page-background-enabled":"default","ast-page-background-meta":{"desktop":{"background-color":"var(--ast-global-color-4)","background-image":"","background-repeat":"repeat","background-position":"center center","background-size":"auto","background-attachment":"scroll","background-type":"","background-media":"","overlay-type":"","overlay-color":"","overlay-gradient":""},"tablet":{"background-color":"","background-image":"","background-repeat":"repeat","background-position":"center center","background-size":"auto","background-attachment":"scroll","background-type":"","background-media":"","overlay-type":"","overlay-color":"","overlay-gradient":""},"mobile":{"background-color":"","background-image":"","background-repeat":"repeat","background-position":"center center","background-size":"auto","background-attachment":"scroll","background-type":"","background-media":"","overlay-type":"","overlay-color":"","overlay-gradient":""}},"ast-content-background-meta":{"desktop":{"background-color":"var(--ast-global-color-5)","background-image":"","background-repeat":"repeat","background-position":"center center","background-size":"auto","background-attachment":"scroll","background-type":"","background-media":"","overlay-type":"","overlay-color":"","overlay-gradient":""},"tablet":{"background-color":"var(--ast-global-color-5)","background-image":"","background-repeat":"repeat","background-position":"center center","background-size":"auto","background-attachment":"scroll","background-type":"","background-media":"","overlay-type":"","overlay-color":"","overlay-gradient":""},"mobile":{"background-color":"var(--ast-global-color-5)","background-image":"","background-repeat":"repeat","background-position":"center center","background-size":"auto","background-attachment":"scroll","background-type":"","background-media":"","overlay-type":"","overlay-color":"","overlay-gradient":""}},"footnotes":""},"categories":[155,9,851,135,139,18759],"tags":[32748,19961,10554,1264,184898],"class_list":["post-88667","post","type-post","status-publish","format-standard","hentry","category-ciencias-clinicas","category-ciencias-medicas","category-endocrinologia","category-ginecologia","category-medicina-interna","category-rovira-i-virgili","tag-cavalle-i-vallverdu-pere","tag-emilio-perez-picanol","tag-jordi-xercavins-montosa","tag-josep-maria-lailla-vicens","tag-miriam-flor-de-la-lopez"],"_links":{"self":[{"href":"https:\/\/www.deberes.net\/tesis\/wp-json\/wp\/v2\/posts\/88667","targetHints":{"allow":["GET"]}}],"collection":[{"href":"https:\/\/www.deberes.net\/tesis\/wp-json\/wp\/v2\/posts"}],"about":[{"href":"https:\/\/www.deberes.net\/tesis\/wp-json\/wp\/v2\/types\/post"}],"author":[{"embeddable":true,"href":"https:\/\/www.deberes.net\/tesis\/wp-json\/wp\/v2\/users\/1"}],"replies":[{"embeddable":true,"href":"https:\/\/www.deberes.net\/tesis\/wp-json\/wp\/v2\/comments?post=88667"}],"version-history":[{"count":0,"href":"https:\/\/www.deberes.net\/tesis\/wp-json\/wp\/v2\/posts\/88667\/revisions"}],"wp:attachment":[{"href":"https:\/\/www.deberes.net\/tesis\/wp-json\/wp\/v2\/media?parent=88667"}],"wp:term":[{"taxonomy":"category","embeddable":true,"href":"https:\/\/www.deberes.net\/tesis\/wp-json\/wp\/v2\/categories?post=88667"},{"taxonomy":"post_tag","embeddable":true,"href":"https:\/\/www.deberes.net\/tesis\/wp-json\/wp\/v2\/tags?post=88667"}],"curies":[{"name":"wp","href":"https:\/\/api.w.org\/{rel}","templated":true}]}}