{"id":88682,"date":"2018-03-10T00:13:42","date_gmt":"2018-03-10T00:13:42","guid":{"rendered":"https:\/\/www.deberes.net\/tesis\/sin-categoria\/la-adaptacion-de-la-potestad-jurisdiccional-al-estado-de-las-comunidades-autonomas-disenado-por-la-constitucion-espanola-de-1978\/"},"modified":"2018-03-10T00:13:42","modified_gmt":"2018-03-10T00:13:42","slug":"la-adaptacion-de-la-potestad-jurisdiccional-al-estado-de-las-comunidades-autonomas-disenado-por-la-constitucion-espanola-de-1978","status":"publish","type":"post","link":"https:\/\/www.deberes.net\/tesis\/ciencias-juridicas-y-derecho\/la-adaptacion-de-la-potestad-jurisdiccional-al-estado-de-las-comunidades-autonomas-disenado-por-la-constitucion-espanola-de-1978\/","title":{"rendered":"La adaptaci\u00f3n de la potestad jurisdiccional al estado de las comunidades aut\u00f3nomas dise\u00f1ado por la constituci\u00f3n espa\u00f1ola de 1978"},"content":{"rendered":"<h2>Tesis doctoral de <strong> Joaquim M. Borrell Mestre <\/strong><\/h2>\n<p>La tesis pretende demostrar que sin alterar la constituci\u00f3n espa\u00f1ola de 1978 es factible que las comunidades autonomas puedan alcanzar un mayor grado de participaci\u00f3n en el \u00e1mbito de la justicia. Para ello se analizan los preceptos consitucionales, estatutarios, legales y reglamentarios referidos al poder judicial; las jurisprudencias del tribunal europeo de derechos humanos, del tribunal constitucional y del tribunal supremo, as\u00ed como las diferentes posiciones doctrinales elaboradas en relaci\u00f3n con la distribuci\u00f3n competencial en aquel \u00e1mbito. Se defiende que pueda legislarse la designaci\u00f3n por el senado de algunos vocales del consejo general del poder judicial propuestos por las autonom\u00edas con comeptencias en justicia, y que puedan constituirse en territorio auton\u00f3mico unas delegaciones del consejo, subordinadas a \u00e9ste, en las que en parte se integren miembros elegidos por la respectiva asamblea legislativa. Se propugna, respecto a los medios personales de los \u00f3rganos jurisdiccionales que no sean de \u00e1mbito estatal, que todos menos los secretarios judiciales puedan depender org\u00e1nicamente de la comunidad aut\u00f3noma si se suprime el c\u00e1racter \u00abnacional\u00bb de estos cuerpos de funcionarios, si bien manteniendo alguna regulaci\u00f3n com\u00fan. Tambi\u00e9n es posible que \u00e9sta gestione los medios materiales y fije la demarcaci\u00f3n de las partidos judiciales de su territorio.  en los tribunales superiores de justicia se manifiesta la adaptaci\u00f3n de la organizaci\u00f3n judicial al estado auton\u00f3mico. Examinadas sus atribuciones en los diversos \u00f3rdenes jurisdiccionales se propone ampliar sus competencias, y en especial las casacionales, no s\u00f3lo respecto del derecho auton\u00f3mico sino tambien del estatal. Al tribunal supremo debe reserv\u00e1rsele la unificaic\u00f3n de doctrina en \u00faltima instancia.  finalmente, y por afectar tanto a la organizaci\u00f3n como al funcionamiento del poder judicial, y por sus relaci\u00f3n con la indefensi\u00f3n, se estudia la inciden<\/p>\n<p>&nbsp;<\/p>\n<h3>Datos acad\u00e9micos de la tesis doctoral \u00ab<strong>La adaptaci\u00f3n de la potestad jurisdiccional al estado de las comunidades aut\u00f3nomas dise\u00f1ado por la constituci\u00f3n espa\u00f1ola de 1978<\/strong>\u00ab<\/h3>\n<ul>\n<li><strong>T\u00edtulo de la tesis:<\/strong>\u00a0 La adaptaci\u00f3n de la potestad jurisdiccional al estado de las comunidades aut\u00f3nomas dise\u00f1ado por la constituci\u00f3n espa\u00f1ola de 1978 <\/li>\n<li><strong>Autor:<\/strong>\u00a0 Joaquim M. Borrell Mestre <\/li>\n<li><strong>Universidad:<\/strong>\u00a0 Ram\u00f3n llull<\/li>\n<li><strong>Fecha de lectura de la tesis:<\/strong>\u00a0 31\/01\/2001<\/li>\n<\/ul>\n<p>&nbsp;<\/p>\n<h3>Direcci\u00f3n y tribunal<\/h3>\n<ul>\n<li><strong>Director de la tesis<\/strong>\n<ul>\n<li>Teresa Freixes Sanj\u00faan<\/li>\n<\/ul>\n<\/li>\n<li><strong>Tribunal<\/strong>\n<ul>\n<li>Presidente del tribunal: i\u00f1igo Cavero lataillade <\/li>\n<li>joaquim Ferret (vocal)<\/li>\n<li> Gonz\u00e1lez casanovas Jos\u00e9 Antonio (vocal)<\/li>\n<li>francesc De carreras serra (vocal)<\/li>\n<\/ul>\n<\/li>\n<\/ul>\n<p>&nbsp;<\/p>\n","protected":false},"excerpt":{"rendered":"<p>Tesis doctoral de Joaquim M. Borrell Mestre La tesis pretende demostrar que sin alterar la constituci\u00f3n espa\u00f1ola de 1978 es [&hellip;]<\/p>\n","protected":false},"author":1,"featured_media":0,"comment_status":"open","ping_status":"open","sticky":false,"template":"","format":"standard","meta":{"site-sidebar-layout":"default","site-content-layout":"","ast-site-content-layout":"","site-content-style":"default","site-sidebar-style":"default","ast-global-header-display":"","ast-banner-title-visibility":"","ast-main-header-display":"","ast-hfb-above-header-display":"","ast-hfb-below-header-display":"","ast-hfb-mobile-header-display":"","site-post-title":"","ast-breadcrumbs-content":"","ast-featured-img":"","footer-sml-layout":"","theme-transparent-header-meta":"","adv-header-id-meta":"","stick-header-meta":"","header-above-stick-meta":"","header-main-stick-meta":"","header-below-stick-meta":"","astra-migrate-meta-layouts":"default","ast-page-background-enabled":"default","ast-page-background-meta":{"desktop":{"background-color":"var(--ast-global-color-4)","background-image":"","background-repeat":"repeat","background-position":"center center","background-size":"auto","background-attachment":"scroll","background-type":"","background-media":"","overlay-type":"","overlay-color":"","overlay-gradient":""},"tablet":{"background-color":"","background-image":"","background-repeat":"repeat","background-position":"center center","background-size":"auto","background-attachment":"scroll","background-type":"","background-media":"","overlay-type":"","overlay-color":"","overlay-gradient":""},"mobile":{"background-color":"","background-image":"","background-repeat":"repeat","background-position":"center center","background-size":"auto","background-attachment":"scroll","background-type":"","background-media":"","overlay-type":"","overlay-color":"","overlay-gradient":""}},"ast-content-background-meta":{"desktop":{"background-color":"var(--ast-global-color-5)","background-image":"","background-repeat":"repeat","background-position":"center center","background-size":"auto","background-attachment":"scroll","background-type":"","background-media":"","overlay-type":"","overlay-color":"","overlay-gradient":""},"tablet":{"background-color":"var(--ast-global-color-5)","background-image":"","background-repeat":"repeat","background-position":"center center","background-size":"auto","background-attachment":"scroll","background-type":"","background-media":"","overlay-type":"","overlay-color":"","overlay-gradient":""},"mobile":{"background-color":"var(--ast-global-color-5)","background-image":"","background-repeat":"repeat","background-position":"center center","background-size":"auto","background-attachment":"scroll","background-type":"","background-media":"","overlay-type":"","overlay-color":"","overlay-gradient":""}},"footnotes":""},"categories":[612,1442,1450,979,32959],"tags":[13899,111033,48460,184924,184923,45417],"class_list":["post-88682","post","type-post","status-publish","format-standard","hentry","category-ciencias-juridicas-y-derecho","category-derecho-administrativo","category-derecho-constitucional","category-derecho-y-legislacion-nacionales","category-ramon-llull","tag-francesc-de-carreras-serra","tag-gonzalez-casanovas-jose-antonio","tag-inigo-cavero-lataillade","tag-joaquim-ferret","tag-joaquim-m-borrell-mestre","tag-teresa-freixes-sanjuan"],"_links":{"self":[{"href":"https:\/\/www.deberes.net\/tesis\/wp-json\/wp\/v2\/posts\/88682","targetHints":{"allow":["GET"]}}],"collection":[{"href":"https:\/\/www.deberes.net\/tesis\/wp-json\/wp\/v2\/posts"}],"about":[{"href":"https:\/\/www.deberes.net\/tesis\/wp-json\/wp\/v2\/types\/post"}],"author":[{"embeddable":true,"href":"https:\/\/www.deberes.net\/tesis\/wp-json\/wp\/v2\/users\/1"}],"replies":[{"embeddable":true,"href":"https:\/\/www.deberes.net\/tesis\/wp-json\/wp\/v2\/comments?post=88682"}],"version-history":[{"count":0,"href":"https:\/\/www.deberes.net\/tesis\/wp-json\/wp\/v2\/posts\/88682\/revisions"}],"wp:attachment":[{"href":"https:\/\/www.deberes.net\/tesis\/wp-json\/wp\/v2\/media?parent=88682"}],"wp:term":[{"taxonomy":"category","embeddable":true,"href":"https:\/\/www.deberes.net\/tesis\/wp-json\/wp\/v2\/categories?post=88682"},{"taxonomy":"post_tag","embeddable":true,"href":"https:\/\/www.deberes.net\/tesis\/wp-json\/wp\/v2\/tags?post=88682"}],"curies":[{"name":"wp","href":"https:\/\/api.w.org\/{rel}","templated":true}]}}