{"id":88708,"date":"2001-02-02T00:00:00","date_gmt":"2001-02-02T00:00:00","guid":{"rendered":"https:\/\/www.deberes.net\/tesis\/sin-categoria\/demografa%c2%ada-medieval-la-poblacion-de-andaluca%c2%ada-en-la-baja-edad-media\/"},"modified":"2001-02-02T00:00:00","modified_gmt":"2001-02-02T00:00:00","slug":"demografa%c2%ada-medieval-la-poblacion-de-andaluca%c2%ada-en-la-baja-edad-media","status":"publish","type":"post","link":"https:\/\/www.deberes.net\/tesis\/historia-medieval\/demografa%c2%ada-medieval-la-poblacion-de-andaluca%c2%ada-en-la-baja-edad-media\/","title":{"rendered":"Demograf\u00edamedieval. la poblaci\u00f3n de andaluc\u00edaen la baja edad media"},"content":{"rendered":"<h2>Tesis doctoral de <strong> Jes\u00fas Flores Varela <\/strong><\/h2>\n<p>La presente tesis doctoral se estructura en dos partes; la primera est\u00e1 dedicada al estudio de la evoluci\u00f3n, en t\u00e9rminos globales, de la poblaci\u00f3n del valle del guadalquivir durante todo el siglo xv y hasta 1530. La segunda parte pretende analizar algunas de las causas de estos comportamientos demogr\u00e1ficos, aunque restringiendo el campo de acci\u00f3n a las tres cabezas del reino -ja\u00e9n, c\u00f3rdoba y sevilla- y a un \u00e1mbito cronol\u00f3gico que se inicia en 1440 y termina en 1530.  la primera parte de este trabajo, pues, se dedica a la recopilaci\u00f3n de los datos sobre el volumen de las poblaciones en este espacio y tiempo, y a su presentaci\u00f3n conjunta y coherente. Sin embargo, no basta con fijar las cifras y contemplar su evoluci\u00f3n, sino que es preciso llegar el conocimiento de los factores que inciden en ellas. Este es el segundo objetivo de este trabajo, que se refleja en la segunda parte.<\/p>\n<p>&nbsp;<\/p>\n<h3>Datos acad\u00e9micos de la tesis doctoral \u00ab<strong>Demograf\u00edamedieval. la poblaci\u00f3n de andaluc\u00edaen la baja edad media<\/strong>\u00ab<\/h3>\n<ul>\n<li><strong>T\u00edtulo de la tesis:<\/strong>\u00a0 Demograf\u00edamedieval. la poblaci\u00f3n de andaluc\u00edaen la baja edad media <\/li>\n<li><strong>Autor:<\/strong>\u00a0 Jes\u00fas Flores Varela <\/li>\n<li><strong>Universidad:<\/strong>\u00a0 Complutense de Madrid<\/li>\n<li><strong>Fecha de lectura de la tesis:<\/strong>\u00a0 02\/02\/2001<\/li>\n<\/ul>\n<p>&nbsp;<\/p>\n<h3>Direcci\u00f3n y tribunal<\/h3>\n<ul>\n<li><strong>Director de la tesis<\/strong>\n<ul>\n<li>Cristina Segura Grai\u00f1o<\/li>\n<\/ul>\n<\/li>\n<li><strong>Tribunal<\/strong>\n<ul>\n<li>Presidente del tribunal: Miguel \u00e1ngel Ladero quesada <\/li>\n<li>Emilio Cabrera mu\u00f1oz (vocal)<\/li>\n<li> Collantes de ter\u00e1n s\u00e1nchez Antonio (vocal)<\/li>\n<li>Jos\u00e9 Rodriguez molina (vocal)<\/li>\n<\/ul>\n<\/li>\n<\/ul>\n<p>&nbsp;<\/p>\n","protected":false},"excerpt":{"rendered":"<p>Tesis doctoral de Jes\u00fas Flores Varela La presente tesis doctoral se estructura en dos partes; la primera est\u00e1 dedicada al [&hellip;]<\/p>\n","protected":false},"author":1,"featured_media":0,"comment_status":"open","ping_status":"open","sticky":false,"template":"","format":"standard","meta":{"site-sidebar-layout":"default","site-content-layout":"","ast-site-content-layout":"","site-content-style":"default","site-sidebar-style":"default","ast-global-header-display":"","ast-banner-title-visibility":"","ast-main-header-display":"","ast-hfb-above-header-display":"","ast-hfb-below-header-display":"","ast-hfb-mobile-header-display":"","site-post-title":"","ast-breadcrumbs-content":"","ast-featured-img":"","footer-sml-layout":"","theme-transparent-header-meta":"","adv-header-id-meta":"","stick-header-meta":"","header-above-stick-meta":"","header-main-stick-meta":"","header-below-stick-meta":"","astra-migrate-meta-layouts":"default","ast-page-background-enabled":"default","ast-page-background-meta":{"desktop":{"background-color":"var(--ast-global-color-4)","background-image":"","background-repeat":"repeat","background-position":"center center","background-size":"auto","background-attachment":"scroll","background-type":"","background-media":"","overlay-type":"","overlay-color":"","overlay-gradient":""},"tablet":{"background-color":"","background-image":"","background-repeat":"repeat","background-position":"center center","background-size":"auto","background-attachment":"scroll","background-type":"","background-media":"","overlay-type":"","overlay-color":"","overlay-gradient":""},"mobile":{"background-color":"","background-image":"","background-repeat":"repeat","background-position":"center center","background-size":"auto","background-attachment":"scroll","background-type":"","background-media":"","overlay-type":"","overlay-color":"","overlay-gradient":""}},"ast-content-background-meta":{"desktop":{"background-color":"var(--ast-global-color-5)","background-image":"","background-repeat":"repeat","background-position":"center center","background-size":"auto","background-attachment":"scroll","background-type":"","background-media":"","overlay-type":"","overlay-color":"","overlay-gradient":""},"tablet":{"background-color":"var(--ast-global-color-5)","background-image":"","background-repeat":"repeat","background-position":"center center","background-size":"auto","background-attachment":"scroll","background-type":"","background-media":"","overlay-type":"","overlay-color":"","overlay-gradient":""},"mobile":{"background-color":"var(--ast-global-color-5)","background-image":"","background-repeat":"repeat","background-position":"center center","background-size":"auto","background-attachment":"scroll","background-type":"","background-media":"","overlay-type":"","overlay-color":"","overlay-gradient":""}},"footnotes":""},"categories":[1066,2218,119,220],"tags":[46706,7495,21979,184969,25138,5296],"class_list":["post-88708","post","type-post","status-publish","format-standard","hentry","category-demografia","category-demografia-historica","category-historia-medieval","category-historia-por-epocas","tag-collantes-de-teran-sanchez-antonio","tag-cristina-segura-graino","tag-emilio-cabrera-munoz","tag-jesus-flores-varela","tag-jose-rodriguez-molina","tag-miguel-angel-ladero-quesada"],"_links":{"self":[{"href":"https:\/\/www.deberes.net\/tesis\/wp-json\/wp\/v2\/posts\/88708","targetHints":{"allow":["GET"]}}],"collection":[{"href":"https:\/\/www.deberes.net\/tesis\/wp-json\/wp\/v2\/posts"}],"about":[{"href":"https:\/\/www.deberes.net\/tesis\/wp-json\/wp\/v2\/types\/post"}],"author":[{"embeddable":true,"href":"https:\/\/www.deberes.net\/tesis\/wp-json\/wp\/v2\/users\/1"}],"replies":[{"embeddable":true,"href":"https:\/\/www.deberes.net\/tesis\/wp-json\/wp\/v2\/comments?post=88708"}],"version-history":[{"count":0,"href":"https:\/\/www.deberes.net\/tesis\/wp-json\/wp\/v2\/posts\/88708\/revisions"}],"wp:attachment":[{"href":"https:\/\/www.deberes.net\/tesis\/wp-json\/wp\/v2\/media?parent=88708"}],"wp:term":[{"taxonomy":"category","embeddable":true,"href":"https:\/\/www.deberes.net\/tesis\/wp-json\/wp\/v2\/categories?post=88708"},{"taxonomy":"post_tag","embeddable":true,"href":"https:\/\/www.deberes.net\/tesis\/wp-json\/wp\/v2\/tags?post=88708"}],"curies":[{"name":"wp","href":"https:\/\/api.w.org\/{rel}","templated":true}]}}