{"id":88742,"date":"2001-02-02T00:00:00","date_gmt":"2001-02-02T00:00:00","guid":{"rendered":"https:\/\/www.deberes.net\/tesis\/sin-categoria\/senalizacion-por-trkb-y-ret-va%c2%ada-implicadas-en-la-supervivencia-y-diferenciacion-neuronal\/"},"modified":"2001-02-02T00:00:00","modified_gmt":"2001-02-02T00:00:00","slug":"senalizacion-por-trkb-y-ret-va%c2%ada-implicadas-en-la-supervivencia-y-diferenciacion-neuronal","status":"publish","type":"post","link":"https:\/\/www.deberes.net\/tesis\/ciencias-de-la-vida\/senalizacion-por-trkb-y-ret-va%c2%ada-implicadas-en-la-supervivencia-y-diferenciacion-neuronal\/","title":{"rendered":"Se\u00f1alizaci\u00f3n por trkb y ret: v\u00edaimplicadas en la supervivencia y diferenciaci\u00f3n neuronal"},"content":{"rendered":"<h2>Tesis doctoral de <strong> Mario Encimas Martin <\/strong><\/h2>\n<p>La g\u00e9nesis y mantenimiento del sistema nervioso est\u00e1n regulados por una serie de factores neurotr\u00f3ficos, de entre los que destacan las neurotrofinas (ngf, bdnf, nt-3 y nt-4\/5) y los ligandos de la familia del gdnf o gfls (gdnf, nrtn, pspn y artn). Durante los \u00fatlimos a\u00f1os, se han ido caracterizando las cascadas de se\u00f1alizaci\u00f3n intracelular responsables de los efectos biol\u00f3gicos ejercidos por estos factores, con especial atenci\u00f3n al ngf y las v\u00edas mek\/mapk y pi 3-k\/akt, dos de las mejores caracterizadas. En el presente trabajo se han analizado las v\u00edas de traducci\u00f3n de se\u00f1al iniciadas por trkb (el receptor de bdnf y nt-4\/5) y ret (el componente com\u00fan del receptor para todos los gfls) en su participaci\u00f3n en los procesos de supervivencia y crecimiento neur\u00edtico en diversos paradigmas experimentales. En el caso de trkb, y utilizando como modelo c\u00e9lulas de neuroblastoma humano sh-sy5y pretratadas con \u00e1cido retinoico (ra), se ha determinado que la v\u00eda p13-k\/akt es el principal mediador de la superivencia celular, mientras que la v\u00eda mek\/mapk es necesaria para los procesos de crecimiento neur\u00edtico. Adem\u00e1s, se ha caracterizado el fenotipo de las c\u00e9lulas sh-sy5y pretratadas con ra y expuesta durante tiempos largos a bdnf, observ\u00e1ndose que \u00e9sta se diferencian hacia un fenotipo neuronal, expresando varios marcadores neuronales espec\u00edficos y quedando detenidas en la fase g1 del ciclo celular. En el caso de ret, se ha observado  que la actividad pi 3-k es necesaria para la supervivencia de motoneuronas espinales de pollo, neuronas granulares del cerebro y neuronas del ganlio cervical superior, mientras que la v\u00eda mek\/mapk no parece ser importante en los procesos de supervivencia. Adem\u00e1s, c-src parece ser un mediador importante en la se\u00f1alizaci\u00f3n por gfls, estando implicado tanto en la supervivencia (actuando por encima d epi 3-k) y el crecimiento neur\u00edtico. la implicaci\u00f3n de c-src en estos procesos, adem\u00e1s, podr\u00eda ser es<\/p>\n<p>&nbsp;<\/p>\n<h3>Datos acad\u00e9micos de la tesis doctoral \u00ab<strong>Se\u00f1alizaci\u00f3n por trkb y ret: v\u00edaimplicadas en la supervivencia y diferenciaci\u00f3n neuronal<\/strong>\u00ab<\/h3>\n<ul>\n<li><strong>T\u00edtulo de la tesis:<\/strong>\u00a0 Se\u00f1alizaci\u00f3n por trkb y ret: v\u00edaimplicadas en la supervivencia y diferenciaci\u00f3n neuronal <\/li>\n<li><strong>Autor:<\/strong>\u00a0 Mario Encimas Martin <\/li>\n<li><strong>Universidad:<\/strong>\u00a0 Lleida<\/li>\n<li><strong>Fecha de lectura de la tesis:<\/strong>\u00a0 02\/02\/2001<\/li>\n<\/ul>\n<p>&nbsp;<\/p>\n<h3>Direcci\u00f3n y tribunal<\/h3>\n<ul>\n<li><strong>Director de la tesis<\/strong>\n<ul>\n<li>Joan Xavier Comella Carnice<\/li>\n<\/ul>\n<\/li>\n<li><strong>Tribunal<\/strong>\n<ul>\n<li>Presidente del tribunal: dionisio Miguel Mart\u00edn zanca <\/li>\n<li>ram\u00f3n Naranjo jos\u00e9 (vocal)<\/li>\n<li>Jos\u00e9 enrique Esquerda colell (vocal)<\/li>\n<li>gabriel Olmos bonaf\u00e9 (vocal)<\/li>\n<\/ul>\n<\/li>\n<\/ul>\n<p>&nbsp;<\/p>\n","protected":false},"excerpt":{"rendered":"<p>Tesis doctoral de Mario Encimas Martin La g\u00e9nesis y mantenimiento del sistema nervioso est\u00e1n regulados por una serie de factores [&hellip;]<\/p>\n","protected":false},"author":1,"featured_media":0,"comment_status":"open","ping_status":"open","sticky":false,"template":"","format":"standard","meta":{"site-sidebar-layout":"default","site-content-layout":"","ast-site-content-layout":"","site-content-style":"default","site-sidebar-style":"default","ast-global-header-display":"","ast-banner-title-visibility":"","ast-main-header-display":"","ast-hfb-above-header-display":"","ast-hfb-below-header-display":"","ast-hfb-mobile-header-display":"","site-post-title":"","ast-breadcrumbs-content":"","ast-featured-img":"","footer-sml-layout":"","theme-transparent-header-meta":"","adv-header-id-meta":"","stick-header-meta":"","header-above-stick-meta":"","header-main-stick-meta":"","header-below-stick-meta":"","astra-migrate-meta-layouts":"default","ast-page-background-enabled":"default","ast-page-background-meta":{"desktop":{"background-color":"var(--ast-global-color-4)","background-image":"","background-repeat":"repeat","background-position":"center center","background-size":"auto","background-attachment":"scroll","background-type":"","background-media":"","overlay-type":"","overlay-color":"","overlay-gradient":""},"tablet":{"background-color":"","background-image":"","background-repeat":"repeat","background-position":"center center","background-size":"auto","background-attachment":"scroll","background-type":"","background-media":"","overlay-type":"","overlay-color":"","overlay-gradient":""},"mobile":{"background-color":"","background-image":"","background-repeat":"repeat","background-position":"center center","background-size":"auto","background-attachment":"scroll","background-type":"","background-media":"","overlay-type":"","overlay-color":"","overlay-gradient":""}},"ast-content-background-meta":{"desktop":{"background-color":"var(--ast-global-color-5)","background-image":"","background-repeat":"repeat","background-position":"center center","background-size":"auto","background-attachment":"scroll","background-type":"","background-media":"","overlay-type":"","overlay-color":"","overlay-gradient":""},"tablet":{"background-color":"var(--ast-global-color-5)","background-image":"","background-repeat":"repeat","background-position":"center center","background-size":"auto","background-attachment":"scroll","background-type":"","background-media":"","overlay-type":"","overlay-color":"","overlay-gradient":""},"mobile":{"background-color":"var(--ast-global-color-5)","background-image":"","background-repeat":"repeat","background-position":"center center","background-size":"auto","background-attachment":"scroll","background-type":"","background-media":"","overlay-type":"","overlay-color":"","overlay-gradient":""}},"footnotes":""},"categories":[35,18842,4275,39702],"tags":[29677,147539,41179,18863,185027,91322],"class_list":["post-88742","post","type-post","status-publish","format-standard","hentry","category-ciencias-de-la-vida","category-lleida","category-neurociencias","category-neuroquimica","tag-dionisio-miguel-martin-zanca","tag-gabriel-olmos-bonafe","tag-joan-xavier-comella-carnice","tag-jose-enrique-esquerda-colell","tag-mario-encimas-martin","tag-ramon-naranjo-jose"],"_links":{"self":[{"href":"https:\/\/www.deberes.net\/tesis\/wp-json\/wp\/v2\/posts\/88742","targetHints":{"allow":["GET"]}}],"collection":[{"href":"https:\/\/www.deberes.net\/tesis\/wp-json\/wp\/v2\/posts"}],"about":[{"href":"https:\/\/www.deberes.net\/tesis\/wp-json\/wp\/v2\/types\/post"}],"author":[{"embeddable":true,"href":"https:\/\/www.deberes.net\/tesis\/wp-json\/wp\/v2\/users\/1"}],"replies":[{"embeddable":true,"href":"https:\/\/www.deberes.net\/tesis\/wp-json\/wp\/v2\/comments?post=88742"}],"version-history":[{"count":0,"href":"https:\/\/www.deberes.net\/tesis\/wp-json\/wp\/v2\/posts\/88742\/revisions"}],"wp:attachment":[{"href":"https:\/\/www.deberes.net\/tesis\/wp-json\/wp\/v2\/media?parent=88742"}],"wp:term":[{"taxonomy":"category","embeddable":true,"href":"https:\/\/www.deberes.net\/tesis\/wp-json\/wp\/v2\/categories?post=88742"},{"taxonomy":"post_tag","embeddable":true,"href":"https:\/\/www.deberes.net\/tesis\/wp-json\/wp\/v2\/tags?post=88742"}],"curies":[{"name":"wp","href":"https:\/\/api.w.org\/{rel}","templated":true}]}}