{"id":88759,"date":"2001-06-02T00:00:00","date_gmt":"2001-06-02T00:00:00","guid":{"rendered":"https:\/\/www.deberes.net\/tesis\/sin-categoria\/la-violencia-contra-la-mujer-y-su-tratamiento-en-la-prensa-vasca\/"},"modified":"2001-06-02T00:00:00","modified_gmt":"2001-06-02T00:00:00","slug":"la-violencia-contra-la-mujer-y-su-tratamiento-en-la-prensa-vasca","status":"publish","type":"post","link":"https:\/\/www.deberes.net\/tesis\/sociologia\/la-violencia-contra-la-mujer-y-su-tratamiento-en-la-prensa-vasca\/","title":{"rendered":"La violencia contra la mujer y su tratamiento en la prensa vasca"},"content":{"rendered":"<h2>Tesis doctoral de <strong> Encarnaci\u00f3n P\u00e9rez Salicio <\/strong><\/h2>\n<p>La tesis trata la manera en que los medios de comunicaci\u00f3n escrito del pa\u00eds vasco abordan las informaciones sobre malos tratos a las mujeres. a partir de una aproximaci\u00f3n a diferentes conceptos relacionados con el asunto, la autora expone las conclusiones de un an\u00e1lisis de 3 a\u00f1os en los peri\u00f3dicos tratados,para obtener concluiones sobre el lenguaje utilizado,los g\u00e9neros y la titulaci\u00f3n, sobre todo. El an\u00e1lisis sirve para destacar un tratamiento que no sirve para colaborar en la tarea de luchar contra esos malos tratos, al usar sin demasiada reflesi\u00f3n t\u00f3picos e im\u00e1genes que no contribuyen a ello.<\/p>\n<p>&nbsp;<\/p>\n<h3>Datos acad\u00e9micos de la tesis doctoral \u00ab<strong>La violencia contra la mujer y su tratamiento en la prensa vasca<\/strong>\u00ab<\/h3>\n<ul>\n<li><strong>T\u00edtulo de la tesis:<\/strong>\u00a0 La violencia contra la mujer y su tratamiento en la prensa vasca <\/li>\n<li><strong>Autor:<\/strong>\u00a0 Encarnaci\u00f3n P\u00e9rez Salicio <\/li>\n<li><strong>Universidad:<\/strong>\u00a0 Pa\u00eds vasco\/euskal herriko unibertsitatea<\/li>\n<li><strong>Fecha de lectura de la tesis:<\/strong>\u00a0 06\/02\/2001<\/li>\n<\/ul>\n<p>&nbsp;<\/p>\n<h3>Direcci\u00f3n y tribunal<\/h3>\n<ul>\n<li><strong>Director de la tesis<\/strong>\n<ul>\n<li>Mar\u00eda  Pilar Diezhandino Nieto<\/li>\n<\/ul>\n<\/li>\n<li><strong>Tribunal<\/strong>\n<ul>\n<li>Presidente del tribunal: Mar\u00eda  josefa Bezunartea Valencia <\/li>\n<li>concepci\u00f3n Fagoaga bartolom\u00e9 (vocal)<\/li>\n<li> De pablos coello Jos\u00e9 Manuel (vocal)<\/li>\n<li>montserrat Quesada perez (vocal)<\/li>\n<\/ul>\n<\/li>\n<\/ul>\n<p>&nbsp;<\/p>\n","protected":false},"excerpt":{"rendered":"<p>Tesis doctoral de Encarnaci\u00f3n P\u00e9rez Salicio La tesis trata la manera en que los medios de comunicaci\u00f3n escrito del pa\u00eds [&hellip;]<\/p>\n","protected":false},"author":1,"featured_media":0,"comment_status":"open","ping_status":"open","sticky":false,"template":"","format":"standard","meta":{"site-sidebar-layout":"default","site-content-layout":"","ast-site-content-layout":"","site-content-style":"default","site-sidebar-style":"default","ast-global-header-display":"","ast-banner-title-visibility":"","ast-main-header-display":"","ast-hfb-above-header-display":"","ast-hfb-below-header-display":"","ast-hfb-mobile-header-display":"","site-post-title":"","ast-breadcrumbs-content":"","ast-featured-img":"","footer-sml-layout":"","theme-transparent-header-meta":"","adv-header-id-meta":"","stick-header-meta":"","header-above-stick-meta":"","header-main-stick-meta":"","header-below-stick-meta":"","astra-migrate-meta-layouts":"default","ast-page-background-enabled":"default","ast-page-background-meta":{"desktop":{"background-color":"var(--ast-global-color-4)","background-image":"","background-repeat":"repeat","background-position":"center center","background-size":"auto","background-attachment":"scroll","background-type":"","background-media":"","overlay-type":"","overlay-color":"","overlay-gradient":""},"tablet":{"background-color":"","background-image":"","background-repeat":"repeat","background-position":"center center","background-size":"auto","background-attachment":"scroll","background-type":"","background-media":"","overlay-type":"","overlay-color":"","overlay-gradient":""},"mobile":{"background-color":"","background-image":"","background-repeat":"repeat","background-position":"center center","background-size":"auto","background-attachment":"scroll","background-type":"","background-media":"","overlay-type":"","overlay-color":"","overlay-gradient":""}},"ast-content-background-meta":{"desktop":{"background-color":"var(--ast-global-color-5)","background-image":"","background-repeat":"repeat","background-position":"center center","background-size":"auto","background-attachment":"scroll","background-type":"","background-media":"","overlay-type":"","overlay-color":"","overlay-gradient":""},"tablet":{"background-color":"var(--ast-global-color-5)","background-image":"","background-repeat":"repeat","background-position":"center center","background-size":"auto","background-attachment":"scroll","background-type":"","background-media":"","overlay-type":"","overlay-color":"","overlay-gradient":""},"mobile":{"background-color":"var(--ast-global-color-5)","background-image":"","background-repeat":"repeat","background-position":"center center","background-size":"auto","background-attachment":"scroll","background-type":"","background-media":"","overlay-type":"","overlay-color":"","overlay-gradient":""}},"footnotes":""},"categories":[838,291,4840,12909,8113,4841,269],"tags":[23113,42562,185047,69004,22893,5212],"class_list":["post-88759","post","type-post","status-publish","format-standard","hentry","category-ciencia-politica","category-grupos-sociales","category-opinion-publica","category-pais-vasco-euskal-herriko-unibertsitatea","category-posicion-social-de-la-mujer","category-prensa","category-sociologia","tag-concepcion-fagoaga-bartolome","tag-de-pablos-coello-jose-manuel","tag-encarnacion-perez-salicio","tag-maria-josefa-bezunartea-valencia","tag-maria-pilar-diezhandino-nieto","tag-montserrat-quesada-perez"],"_links":{"self":[{"href":"https:\/\/www.deberes.net\/tesis\/wp-json\/wp\/v2\/posts\/88759","targetHints":{"allow":["GET"]}}],"collection":[{"href":"https:\/\/www.deberes.net\/tesis\/wp-json\/wp\/v2\/posts"}],"about":[{"href":"https:\/\/www.deberes.net\/tesis\/wp-json\/wp\/v2\/types\/post"}],"author":[{"embeddable":true,"href":"https:\/\/www.deberes.net\/tesis\/wp-json\/wp\/v2\/users\/1"}],"replies":[{"embeddable":true,"href":"https:\/\/www.deberes.net\/tesis\/wp-json\/wp\/v2\/comments?post=88759"}],"version-history":[{"count":0,"href":"https:\/\/www.deberes.net\/tesis\/wp-json\/wp\/v2\/posts\/88759\/revisions"}],"wp:attachment":[{"href":"https:\/\/www.deberes.net\/tesis\/wp-json\/wp\/v2\/media?parent=88759"}],"wp:term":[{"taxonomy":"category","embeddable":true,"href":"https:\/\/www.deberes.net\/tesis\/wp-json\/wp\/v2\/categories?post=88759"},{"taxonomy":"post_tag","embeddable":true,"href":"https:\/\/www.deberes.net\/tesis\/wp-json\/wp\/v2\/tags?post=88759"}],"curies":[{"name":"wp","href":"https:\/\/api.w.org\/{rel}","templated":true}]}}