{"id":88773,"date":"2001-08-02T00:00:00","date_gmt":"2001-08-02T00:00:00","guid":{"rendered":"https:\/\/www.deberes.net\/tesis\/sin-categoria\/la-dimension-simbolica-de-la-forma-circular\/"},"modified":"2001-08-02T00:00:00","modified_gmt":"2001-08-02T00:00:00","slug":"la-dimension-simbolica-de-la-forma-circular","status":"publish","type":"post","link":"https:\/\/www.deberes.net\/tesis\/historia\/la-dimension-simbolica-de-la-forma-circular\/","title":{"rendered":"La dimension simbolica de la forma circular"},"content":{"rendered":"<h2>Tesis doctoral de <strong> Armando Perez Carrasco <\/strong><\/h2>\n<p>Conun ex\u00e1men a las teor\u00edas art\u00edsticas del s. Xix, como el formalismo, la iconograf\u00eda, la psicolog\u00eda de la percepci\u00f3n, y las experiencias de la gestalt y la bauhaus, se construyo el marco te\u00f3rico de esta tesis.  la tesis central era comprobar en que medida la figura del c\u00edrculo pose\u00eda una dimensi\u00f3nsimb\u00f3lica que le pertenec\u00eda independientemente de la resolucli\u00f3npl\u00e1stica o iconogr\u00e1fica, que pertenecen a un contenido cultural e hist\u00f3rico. Entonces, m\u00e1s all\u00e1 de su contenido aleg\u00f3rico, la forma circular pod\u00eda tener un significado propio.  la forma circular es m\u00e1s que un mero encuadre de las im\u00e1genes pl\u00e1sticas que est\u00e1n  en su interior. Desde un punto de vista de la estructura de un s\u00edmbolo, el c\u00edrculo pertenece al significante material y visula del mismo. Adem\u00e1s, obliga a la figuras pl\u00e1sticas acomodarse en su interior y muchas veces, \u00e9stas deben abstraerse. De este modo el c\u00edrculo tambi\u00e9n a va a estar influyendo en la composici\u00f3ny tono de la narraci\u00f3n figurativa. pero lo m\u00e1s imporante es comprobar que el c\u00edrculo va a tener un sentido que le es propio.  la forma cirucular se convierte en forma simb\u00f3lica debido a que se significa a s\u00ed misma y esa significaci\u00f3n tiene que ver con su propia configuraci\u00f3n, con su dise\u00f1o que es autosuficiente, perfecto, herm\u00e9tico y absoluto.  el c\u00edrculo se converte enun s\u00edmbolo natural m\u00e1s que cultural.<\/p>\n<p>&nbsp;<\/p>\n<h3>Datos acad\u00e9micos de la tesis doctoral \u00ab<strong>La dimension simbolica de la forma circular<\/strong>\u00ab<\/h3>\n<ul>\n<li><strong>T\u00edtulo de la tesis:<\/strong>\u00a0 La dimension simbolica de la forma circular <\/li>\n<li><strong>Autor:<\/strong>\u00a0 Armando Perez Carrasco <\/li>\n<li><strong>Universidad:<\/strong>\u00a0 Complutense de Madrid<\/li>\n<li><strong>Fecha de lectura de la tesis:<\/strong>\u00a0 08\/02\/2001<\/li>\n<\/ul>\n<p>&nbsp;<\/p>\n<h3>Direcci\u00f3n y tribunal<\/h3>\n<ul>\n<li><strong>Director de la tesis<\/strong>\n<ul>\n<li>Javier Arnaldo Alcubilla<\/li>\n<\/ul>\n<\/li>\n<li><strong>Tribunal<\/strong>\n<ul>\n<li>Presidente del tribunal: Delf\u00edn Rodr\u00edguez Ruiz <\/li>\n<li> Raquejo Grado Mar\u00eda  Antonia (vocal)<\/li>\n<li>Juan  Antonio Ramirez Dominguez (vocal)<\/li>\n<li>  (vocal)<\/li>\n<\/ul>\n<\/li>\n<\/ul>\n<p>&nbsp;<\/p>\n","protected":false},"excerpt":{"rendered":"<p>Tesis doctoral de Armando Perez Carrasco Conun ex\u00e1men a las teor\u00edas art\u00edsticas del s. Xix, como el formalismo, la iconograf\u00eda, [&hellip;]<\/p>\n","protected":false},"author":1,"featured_media":0,"comment_status":"open","ping_status":"open","sticky":false,"template":"","format":"standard","meta":{"site-sidebar-layout":"default","site-content-layout":"","ast-site-content-layout":"","site-content-style":"default","site-sidebar-style":"default","ast-global-header-display":"","ast-banner-title-visibility":"","ast-main-header-display":"","ast-hfb-above-header-display":"","ast-hfb-below-header-display":"","ast-hfb-mobile-header-display":"","site-post-title":"","ast-breadcrumbs-content":"","ast-featured-img":"","footer-sml-layout":"","theme-transparent-header-meta":"","adv-header-id-meta":"","stick-header-meta":"","header-above-stick-meta":"","header-main-stick-meta":"","header-below-stick-meta":"","astra-migrate-meta-layouts":"default","ast-page-background-enabled":"default","ast-page-background-meta":{"desktop":{"background-color":"var(--ast-global-color-4)","background-image":"","background-repeat":"repeat","background-position":"center center","background-size":"auto","background-attachment":"scroll","background-type":"","background-media":"","overlay-type":"","overlay-color":"","overlay-gradient":""},"tablet":{"background-color":"","background-image":"","background-repeat":"repeat","background-position":"center center","background-size":"auto","background-attachment":"scroll","background-type":"","background-media":"","overlay-type":"","overlay-color":"","overlay-gradient":""},"mobile":{"background-color":"","background-image":"","background-repeat":"repeat","background-position":"center center","background-size":"auto","background-attachment":"scroll","background-type":"","background-media":"","overlay-type":"","overlay-color":"","overlay-gradient":""}},"ast-content-background-meta":{"desktop":{"background-color":"var(--ast-global-color-5)","background-image":"","background-repeat":"repeat","background-position":"center center","background-size":"auto","background-attachment":"scroll","background-type":"","background-media":"","overlay-type":"","overlay-color":"","overlay-gradient":""},"tablet":{"background-color":"var(--ast-global-color-5)","background-image":"","background-repeat":"repeat","background-position":"center center","background-size":"auto","background-attachment":"scroll","background-type":"","background-media":"","overlay-type":"","overlay-color":"","overlay-gradient":""},"mobile":{"background-color":"var(--ast-global-color-5)","background-image":"","background-repeat":"repeat","background-position":"center center","background-size":"auto","background-attachment":"scroll","background-type":"","background-media":"","overlay-type":"","overlay-color":"","overlay-gradient":""}},"footnotes":""},"categories":[104,1014,2563,222],"tags":[185067,6807,6362,13422,185068],"class_list":["post-88773","post","type-post","status-publish","format-standard","hentry","category-historia","category-historia-del-arte","category-historia-del-arte-de-los-siglos-xix-y-xx","category-historias-especializadas","tag-armando-perez-carrasco","tag-delfin-rodriguez-ruiz","tag-javier-arnaldo-alcubilla","tag-juan-antonio-ramirez-dominguez","tag-raquejo-grado-maria-antonia"],"_links":{"self":[{"href":"https:\/\/www.deberes.net\/tesis\/wp-json\/wp\/v2\/posts\/88773","targetHints":{"allow":["GET"]}}],"collection":[{"href":"https:\/\/www.deberes.net\/tesis\/wp-json\/wp\/v2\/posts"}],"about":[{"href":"https:\/\/www.deberes.net\/tesis\/wp-json\/wp\/v2\/types\/post"}],"author":[{"embeddable":true,"href":"https:\/\/www.deberes.net\/tesis\/wp-json\/wp\/v2\/users\/1"}],"replies":[{"embeddable":true,"href":"https:\/\/www.deberes.net\/tesis\/wp-json\/wp\/v2\/comments?post=88773"}],"version-history":[{"count":0,"href":"https:\/\/www.deberes.net\/tesis\/wp-json\/wp\/v2\/posts\/88773\/revisions"}],"wp:attachment":[{"href":"https:\/\/www.deberes.net\/tesis\/wp-json\/wp\/v2\/media?parent=88773"}],"wp:term":[{"taxonomy":"category","embeddable":true,"href":"https:\/\/www.deberes.net\/tesis\/wp-json\/wp\/v2\/categories?post=88773"},{"taxonomy":"post_tag","embeddable":true,"href":"https:\/\/www.deberes.net\/tesis\/wp-json\/wp\/v2\/tags?post=88773"}],"curies":[{"name":"wp","href":"https:\/\/api.w.org\/{rel}","templated":true}]}}