{"id":88791,"date":"2001-09-02T00:00:00","date_gmt":"2001-09-02T00:00:00","guid":{"rendered":"https:\/\/www.deberes.net\/tesis\/sin-categoria\/els-programes-de-diversificacio-curricular-a-laeducacio-secundaria-obligatoria-el-difa%c2%adcil-equilibri-entre-la-comprensivitat-i-laatencio-a-la-diversitat\/"},"modified":"2001-09-02T00:00:00","modified_gmt":"2001-09-02T00:00:00","slug":"els-programes-de-diversificacio-curricular-a-laeducacio-secundaria-obligatoria-el-difa%c2%adcil-equilibri-entre-la-comprensivitat-i-laatencio-a-la-diversitat","status":"publish","type":"post","link":"https:\/\/www.deberes.net\/tesis\/pedagogia\/els-programes-de-diversificacio-curricular-a-laeducacio-secundaria-obligatoria-el-difa%c2%adcil-equilibri-entre-la-comprensivitat-i-laatencio-a-la-diversitat\/","title":{"rendered":"Els programes de diversificacio curricular a l\u00c2\u00bfeducacio secundaria obligat\u00f3ria. el dif\u00edcil equilibri entre la comprensivitat i l\u00c2\u00bfatenci\u00f3 a la diversitat."},"content":{"rendered":"<h2>Tesis doctoral de <strong> Sebasti? Verger Gelabert <\/strong><\/h2>\n<p>La tesis presenta un an\u00e1lisis sobre los programas de diversificaci\u00f3n curricular que se desarrollan en los centros de secundaria de la comunidad aut\u00f3noma de las islas baleares, con la intenci\u00f3n de responder a las siguientes objetivos:  -describir el programa de diversificaci\u00f3n que se realiza en los institutos de secundaria de las islas baleares.  -comparar la realidad de los programas con las indicaciones de la normativa que los regula.  -relacionar las opiniones y valoraciones de los protagonistas de los programas con algunos de los principios psicopedag\u00f3gicos que regulan la educaci\u00f3n secundaria obligatoria.  -determinar hasta que punto los programas se usan como verdaderas medidas extraordinarias de atenci\u00f3n a la diversidad.  -detectar necesidades y aspectos que sean,globalmente, susceptibles de mejora. La investigaci\u00f3n tiene un doble planteamiento metodol\u00f3gico: en primer lugar, ante la falta de otras investigaciones sobre este tema, se ha llevado a cabo un estudio de caso con la intenci\u00f3n de conocer el programa en profundidad y conseguir informaci\u00f3n adecuada para la creaci\u00f3n de un cuestionario dirigido a toda la poblaci\u00f3n implicada con los programas en el contexto geogr\u00e1fico anteriormente descrito. En segundo lugar, se ha realizado el trabajo basado en la encuesta, la cual se ha aplicado durante el curso 99\/00 en todos los centros de secundaria de las islas baleares, a las personas m\u00e1s directamente implicadas: alumnado, profesorado de \u00e1mbito, orientadores y jefes de estudio.<\/p>\n<p>&nbsp;<\/p>\n<h3>Datos acad\u00e9micos de la tesis doctoral \u00ab<strong>Els programes de diversificacio curricular a l\u00c2\u00bfeducacio secundaria obligat\u00f3ria. el dif\u00edcil equilibri entre la comprensivitat i l\u00c2\u00bfatenci\u00f3 a la diversitat.<\/strong>\u00ab<\/h3>\n<ul>\n<li><strong>T\u00edtulo de la tesis:<\/strong>\u00a0 Els programes de diversificacio curricular a l\u00c2\u00bfeducacio secundaria obligat\u00f3ria. el dif\u00edcil equilibri entre la comprensivitat i l\u00c2\u00bfatenci\u00f3 a la diversitat. <\/li>\n<li><strong>Autor:<\/strong>\u00a0 Sebasti? Verger Gelabert <\/li>\n<li><strong>Universidad:<\/strong>\u00a0 Illes balears<\/li>\n<li><strong>Fecha de lectura de la tesis:<\/strong>\u00a0 09\/02\/2001<\/li>\n<\/ul>\n<p>&nbsp;<\/p>\n<h3>Direcci\u00f3n y tribunal<\/h3>\n<ul>\n<li><strong>Director de la tesis<\/strong>\n<ul>\n<li>espa\u00f1a Monson\u00eds Garc\u00eda<\/li>\n<\/ul>\n<\/li>\n<li><strong>Tribunal<\/strong>\n<ul>\n<li>Presidente del tribunal: eduardo Rigo carratal\u00e1 <\/li>\n<li>pilar Arnaiz sanchez (vocal)<\/li>\n<li>Francisco Jim\u00e9nez mart\u00ednez (vocal)<\/li>\n<li>pilar Sarto martin (vocal)<\/li>\n<\/ul>\n<\/li>\n<\/ul>\n<p>&nbsp;<\/p>\n","protected":false},"excerpt":{"rendered":"<p>Tesis doctoral de Sebasti? Verger Gelabert La tesis presenta un an\u00e1lisis sobre los programas de diversificaci\u00f3n curricular que se desarrollan [&hellip;]<\/p>\n","protected":false},"author":1,"featured_media":0,"comment_status":"open","ping_status":"open","sticky":false,"template":"","format":"standard","meta":{"site-sidebar-layout":"default","site-content-layout":"","ast-site-content-layout":"","site-content-style":"default","site-sidebar-style":"default","ast-global-header-display":"","ast-banner-title-visibility":"","ast-main-header-display":"","ast-hfb-above-header-display":"","ast-hfb-below-header-display":"","ast-hfb-mobile-header-display":"","site-post-title":"","ast-breadcrumbs-content":"","ast-featured-img":"","footer-sml-layout":"","theme-transparent-header-meta":"","adv-header-id-meta":"","stick-header-meta":"","header-above-stick-meta":"","header-main-stick-meta":"","header-below-stick-meta":"","astra-migrate-meta-layouts":"default","ast-page-background-enabled":"default","ast-page-background-meta":{"desktop":{"background-color":"var(--ast-global-color-4)","background-image":"","background-repeat":"repeat","background-position":"center center","background-size":"auto","background-attachment":"scroll","background-type":"","background-media":"","overlay-type":"","overlay-color":"","overlay-gradient":""},"tablet":{"background-color":"","background-image":"","background-repeat":"repeat","background-position":"center center","background-size":"auto","background-attachment":"scroll","background-type":"","background-media":"","overlay-type":"","overlay-color":"","overlay-gradient":""},"mobile":{"background-color":"","background-image":"","background-repeat":"repeat","background-position":"center center","background-size":"auto","background-attachment":"scroll","background-type":"","background-media":"","overlay-type":"","overlay-color":"","overlay-gradient":""}},"ast-content-background-meta":{"desktop":{"background-color":"var(--ast-global-color-5)","background-image":"","background-repeat":"repeat","background-position":"center center","background-size":"auto","background-attachment":"scroll","background-type":"","background-media":"","overlay-type":"","overlay-color":"","overlay-gradient":""},"tablet":{"background-color":"var(--ast-global-color-5)","background-image":"","background-repeat":"repeat","background-position":"center center","background-size":"auto","background-attachment":"scroll","background-type":"","background-media":"","overlay-type":"","overlay-color":"","overlay-gradient":""},"mobile":{"background-color":"var(--ast-global-color-5)","background-image":"","background-repeat":"repeat","background-position":"center center","background-size":"auto","background-attachment":"scroll","background-type":"","background-media":"","overlay-type":"","overlay-color":"","overlay-gradient":""}},"footnotes":""},"categories":[2623,19034,1184,1141,1340,1341],"tags":[10006,56594,14183,8593,6,143033],"class_list":["post-88791","post","type-post","status-publish","format-standard","hentry","category-educacion-basica","category-illes-balears","category-organizacion-y-planificacion-de-la-educacion","category-pedagogia","category-planes-de-estudios","category-teoria-y-metodos-educativos","tag-eduardo-rigo-carratala","tag-espana-monsonis-garcia","tag-francisco-jimenez-Martinez","tag-pilar-arnaiz-sanchez","tag-pilar-sarto-martin","tag-sebasti-verger-gelabert"],"_links":{"self":[{"href":"https:\/\/www.deberes.net\/tesis\/wp-json\/wp\/v2\/posts\/88791","targetHints":{"allow":["GET"]}}],"collection":[{"href":"https:\/\/www.deberes.net\/tesis\/wp-json\/wp\/v2\/posts"}],"about":[{"href":"https:\/\/www.deberes.net\/tesis\/wp-json\/wp\/v2\/types\/post"}],"author":[{"embeddable":true,"href":"https:\/\/www.deberes.net\/tesis\/wp-json\/wp\/v2\/users\/1"}],"replies":[{"embeddable":true,"href":"https:\/\/www.deberes.net\/tesis\/wp-json\/wp\/v2\/comments?post=88791"}],"version-history":[{"count":0,"href":"https:\/\/www.deberes.net\/tesis\/wp-json\/wp\/v2\/posts\/88791\/revisions"}],"wp:attachment":[{"href":"https:\/\/www.deberes.net\/tesis\/wp-json\/wp\/v2\/media?parent=88791"}],"wp:term":[{"taxonomy":"category","embeddable":true,"href":"https:\/\/www.deberes.net\/tesis\/wp-json\/wp\/v2\/categories?post=88791"},{"taxonomy":"post_tag","embeddable":true,"href":"https:\/\/www.deberes.net\/tesis\/wp-json\/wp\/v2\/tags?post=88791"}],"curies":[{"name":"wp","href":"https:\/\/api.w.org\/{rel}","templated":true}]}}