{"id":88814,"date":"2001-09-02T00:00:00","date_gmt":"2001-09-02T00:00:00","guid":{"rendered":"https:\/\/www.deberes.net\/tesis\/sin-categoria\/la-teoria-del-punto-fijo-en-espacios-funcionales-modulares\/"},"modified":"2001-09-02T00:00:00","modified_gmt":"2001-09-02T00:00:00","slug":"la-teoria-del-punto-fijo-en-espacios-funcionales-modulares","status":"publish","type":"post","link":"https:\/\/www.deberes.net\/tesis\/matematicas\/la-teoria-del-punto-fijo-en-espacios-funcionales-modulares\/","title":{"rendered":"La teoria del punto fijo en espacios funcionales modulares"},"content":{"rendered":"<h2>Tesis doctoral de <strong> Sedki Samadi <\/strong><\/h2>\n<p>La teor\u00eda del punto fijo ha sido extensamente desarrollada en los espacios de banach y los espacios m\u00e9tricos. Los espacios funcionales modulares no est\u00e1n incluidos en los espacios anteriores aunque el modular comparte algunas propiedades con la m\u00e9trica.  en 1990,khamsi, kozlowski y reich iniciaron la teor\u00eda del punto fijo en los espacios funcionales modulares, estudiando las aplicaciones contractivas y las aplicaciones no-expansivas.  nosotros hemos seguido esta misma v\u00eda de investigaci\u00f3n extendiendo el estudio de la teor\u00eda del punto fijo en los espacios funcionales modulares a las siguientes aplicaciones:  -las aplicaciones p-asint\u00f3maticamente regulares.  -las aplicaciones p-uniformemente lipschitzianas.  -las aplicaciones p-asint\u00f3ticamente no-expansivas.  se considera un subconjunto c convexo, cerrado, acotado y p-a.E. Secuencialmente compacto de un espacio funcional modular lp, y una aplicaci\u00f3n t: c    c de alguno de los tipos anteriores. Bajo hip\u00f3tesis muy generales probamos la existencia de un punto fijo para estas aplicaciones.  de esta forma hemos conseguido contestar a algunos problemas abiertos y al mismo tiempo hemos abierto nuevas vias de investigaci\u00f3n como por ejemplo, extender nuestros resultados a familias conmutativas de aplicaciones y a aplicaciones multivaluadas.<\/p>\n<p>&nbsp;<\/p>\n<h3>Datos acad\u00e9micos de la tesis doctoral \u00ab<strong>La teoria del punto fijo en espacios funcionales modulares<\/strong>\u00ab<\/h3>\n<ul>\n<li><strong>T\u00edtulo de la tesis:<\/strong>\u00a0 La teoria del punto fijo en espacios funcionales modulares <\/li>\n<li><strong>Autor:<\/strong>\u00a0 Sedki Samadi <\/li>\n<li><strong>Universidad:<\/strong>\u00a0 Sevilla<\/li>\n<li><strong>Fecha de lectura de la tesis:<\/strong>\u00a0 09\/02\/2001<\/li>\n<\/ul>\n<p>&nbsp;<\/p>\n<h3>Direcci\u00f3n y tribunal<\/h3>\n<ul>\n<li><strong>Director de la tesis<\/strong>\n<ul>\n<li>Tom\u00e1s Dom\u00ednguez Benavides<\/li>\n<\/ul>\n<\/li>\n<li><strong>Tribunal<\/strong>\n<ul>\n<li>Presidente del tribunal: enrique Llorens fuster <\/li>\n<li>henryk Hudzic (vocal)<\/li>\n<li>simeon Reich (vocal)<\/li>\n<li>genaro Lopez acedo (vocal)<\/li>\n<\/ul>\n<\/li>\n<\/ul>\n<p>&nbsp;<\/p>\n","protected":false},"excerpt":{"rendered":"<p>Tesis doctoral de Sedki Samadi La teor\u00eda del punto fijo ha sido extensamente desarrollada en los espacios de banach y [&hellip;]<\/p>\n","protected":false},"author":1,"featured_media":0,"comment_status":"open","ping_status":"open","sticky":false,"template":"","format":"standard","meta":{"site-sidebar-layout":"default","site-content-layout":"","ast-site-content-layout":"","site-content-style":"default","site-sidebar-style":"default","ast-global-header-display":"","ast-banner-title-visibility":"","ast-main-header-display":"","ast-hfb-above-header-display":"","ast-hfb-below-header-display":"","ast-hfb-mobile-header-display":"","site-post-title":"","ast-breadcrumbs-content":"","ast-featured-img":"","footer-sml-layout":"","theme-transparent-header-meta":"","adv-header-id-meta":"","stick-header-meta":"","header-above-stick-meta":"","header-main-stick-meta":"","header-below-stick-meta":"","astra-migrate-meta-layouts":"default","ast-page-background-enabled":"default","ast-page-background-meta":{"desktop":{"background-color":"var(--ast-global-color-4)","background-image":"","background-repeat":"repeat","background-position":"center center","background-size":"auto","background-attachment":"scroll","background-type":"","background-media":"","overlay-type":"","overlay-color":"","overlay-gradient":""},"tablet":{"background-color":"","background-image":"","background-repeat":"repeat","background-position":"center center","background-size":"auto","background-attachment":"scroll","background-type":"","background-media":"","overlay-type":"","overlay-color":"","overlay-gradient":""},"mobile":{"background-color":"","background-image":"","background-repeat":"repeat","background-position":"center center","background-size":"auto","background-attachment":"scroll","background-type":"","background-media":"","overlay-type":"","overlay-color":"","overlay-gradient":""}},"ast-content-background-meta":{"desktop":{"background-color":"var(--ast-global-color-5)","background-image":"","background-repeat":"repeat","background-position":"center center","background-size":"auto","background-attachment":"scroll","background-type":"","background-media":"","overlay-type":"","overlay-color":"","overlay-gradient":""},"tablet":{"background-color":"var(--ast-global-color-5)","background-image":"","background-repeat":"repeat","background-position":"center center","background-size":"auto","background-attachment":"scroll","background-type":"","background-media":"","overlay-type":"","overlay-color":"","overlay-gradient":""},"mobile":{"background-color":"var(--ast-global-color-5)","background-image":"","background-repeat":"repeat","background-position":"center center","background-size":"auto","background-attachment":"scroll","background-type":"","background-media":"","overlay-type":"","overlay-color":"","overlay-gradient":""}},"footnotes":""},"categories":[3183,126,10715],"tags":[57642,74899,185133,185132,185134,33014],"class_list":["post-88814","post","type-post","status-publish","format-standard","hentry","category-analisis-y-analisis-funcional","category-matematicas","category-sevilla","tag-enrique-llorens-fuster","tag-genaro-lopez-acedo","tag-henryk-hudzic","tag-sedki-samadi","tag-simeon-reich","tag-tomas-dominguez-benavides"],"_links":{"self":[{"href":"https:\/\/www.deberes.net\/tesis\/wp-json\/wp\/v2\/posts\/88814","targetHints":{"allow":["GET"]}}],"collection":[{"href":"https:\/\/www.deberes.net\/tesis\/wp-json\/wp\/v2\/posts"}],"about":[{"href":"https:\/\/www.deberes.net\/tesis\/wp-json\/wp\/v2\/types\/post"}],"author":[{"embeddable":true,"href":"https:\/\/www.deberes.net\/tesis\/wp-json\/wp\/v2\/users\/1"}],"replies":[{"embeddable":true,"href":"https:\/\/www.deberes.net\/tesis\/wp-json\/wp\/v2\/comments?post=88814"}],"version-history":[{"count":0,"href":"https:\/\/www.deberes.net\/tesis\/wp-json\/wp\/v2\/posts\/88814\/revisions"}],"wp:attachment":[{"href":"https:\/\/www.deberes.net\/tesis\/wp-json\/wp\/v2\/media?parent=88814"}],"wp:term":[{"taxonomy":"category","embeddable":true,"href":"https:\/\/www.deberes.net\/tesis\/wp-json\/wp\/v2\/categories?post=88814"},{"taxonomy":"post_tag","embeddable":true,"href":"https:\/\/www.deberes.net\/tesis\/wp-json\/wp\/v2\/tags?post=88814"}],"curies":[{"name":"wp","href":"https:\/\/api.w.org\/{rel}","templated":true}]}}