{"id":88839,"date":"2001-12-02T00:00:00","date_gmt":"2001-12-02T00:00:00","guid":{"rendered":"https:\/\/www.deberes.net\/tesis\/sin-categoria\/ansiedad-en-la-vejez-prevalencia-y-caracterizacion-del-fenomeno-de-las-preocupaciones\/"},"modified":"2001-12-02T00:00:00","modified_gmt":"2001-12-02T00:00:00","slug":"ansiedad-en-la-vejez-prevalencia-y-caracterizacion-del-fenomeno-de-las-preocupaciones","status":"publish","type":"post","link":"https:\/\/www.deberes.net\/tesis\/psicologia\/ansiedad-en-la-vejez-prevalencia-y-caracterizacion-del-fenomeno-de-las-preocupaciones\/","title":{"rendered":"Ansiedad en la vejez. preValencia y caracterizaci\u00f3n del fen\u00f3meno de las preocupaciones"},"content":{"rendered":"<h2>Tesis doctoral de <strong> Roberto Nuevo Ben\u00edtez <\/strong><\/h2>\n<p>Esta tesis doctoral, enmarcada en el \u00e1mbito general de la ansiedad en la vejez, se articula sobre dos objetivos generales: establecer la importancia y relevancia cl\u00ednica en la vejez de los trastornos asociados a la ansiedad y la preocupaci\u00f3n excesiva, establecidas a partir de su preValencia puntual y, en segundo lugar, caracterizar y describir el fen\u00f3meno de las preocupaciones en la poblaci\u00f3n mayor espa\u00f1ola. El trabajo emp\u00edrico recoge informaci\u00f3n mediante muestreo aleatorio estratificado proporcional (en funci\u00f3n de la edad y el g\u00e9nero), a partir del censo de una localidad urbana cercana a Madrid, sobre personas mayores de 65 a\u00f1os y no institucionalizadas. El estudio contrasta la relevancia en personas mayores de problemas cl\u00ednicos relacionados con la preocupaci\u00f3n y la ansiedad, determina los contenidos de las preocupaciones habituales en esta edad, su orientaci\u00f3n temporal y otros aspectos de su fenomenolog\u00eda. El an\u00e1lisis de las caracter\u00edsticas de la preocupaci\u00f3n se realiza, adicionalmente a la descripci\u00f3n general, desde un doble criterio: la categor\u00eda diagn\u00f3stica y el nivel de severidad de la preocupaci\u00f3n-rasgo. Adem\u00e1s, el estudio valida para este grupo de edad diversos instrumentos de evaluaci\u00f3n de la preocupaci\u00f3n y la ansiedad y, finalmente, contrasta preliminarmente la utilidad del modelo cognitivo de a. Wells 1995 para explicar la presencia en esta poblaci\u00f3n de los niveles cl\u00ednicos de ansiedad y preocupaci\u00f3n que caracterizan el trastorno de ansiedad generalizada.<\/p>\n<p>&nbsp;<\/p>\n<h3>Datos acad\u00e9micos de la tesis doctoral \u00ab<strong>Ansiedad en la vejez. preValencia y caracterizaci\u00f3n del fen\u00f3meno de las preocupaciones<\/strong>\u00ab<\/h3>\n<ul>\n<li><strong>T\u00edtulo de la tesis:<\/strong>\u00a0 Ansiedad en la vejez. preValencia y caracterizaci\u00f3n del fen\u00f3meno de las preocupaciones <\/li>\n<li><strong>Autor:<\/strong>\u00a0 Roberto Nuevo Ben\u00edtez <\/li>\n<li><strong>Universidad:<\/strong>\u00a0 Aut\u00f3noma de Madrid<\/li>\n<li><strong>Fecha de lectura de la tesis:<\/strong>\u00a0 12\/02\/2001<\/li>\n<\/ul>\n<p>&nbsp;<\/p>\n<h3>Direcci\u00f3n y tribunal<\/h3>\n<ul>\n<li><strong>Director de la tesis<\/strong>\n<ul>\n<li>Ignacio Mar\u00eda Montorio Cerrato<\/li>\n<\/ul>\n<\/li>\n<li><strong>Tribunal<\/strong>\n<ul>\n<li>Presidente del tribunal: Jos\u00e9 Antonio Carrobles isabel <\/li>\n<li> P\u00e9rez pareja Francisco Javier (vocal)<\/li>\n<li>Rafael San martin castellanos (vocal)<\/li>\n<li>Antonio Cano vindel (vocal)<\/li>\n<\/ul>\n<\/li>\n<\/ul>\n<p>&nbsp;<\/p>\n","protected":false},"excerpt":{"rendered":"<p>Tesis doctoral de Roberto Nuevo Ben\u00edtez Esta tesis doctoral, enmarcada en el \u00e1mbito general de la ansiedad en la vejez, [&hellip;]<\/p>\n","protected":false},"author":1,"featured_media":0,"comment_status":"open","ping_status":"open","sticky":false,"template":"","format":"standard","meta":{"site-sidebar-layout":"default","site-content-layout":"","ast-site-content-layout":"","site-content-style":"default","site-sidebar-style":"default","ast-global-header-display":"","ast-banner-title-visibility":"","ast-main-header-display":"","ast-hfb-above-header-display":"","ast-hfb-below-header-display":"","ast-hfb-mobile-header-display":"","site-post-title":"","ast-breadcrumbs-content":"","ast-featured-img":"","footer-sml-layout":"","theme-transparent-header-meta":"","adv-header-id-meta":"","stick-header-meta":"","header-above-stick-meta":"","header-main-stick-meta":"","header-below-stick-meta":"","astra-migrate-meta-layouts":"default","ast-page-background-enabled":"default","ast-page-background-meta":{"desktop":{"background-color":"var(--ast-global-color-4)","background-image":"","background-repeat":"repeat","background-position":"center center","background-size":"auto","background-attachment":"scroll","background-type":"","background-media":"","overlay-type":"","overlay-color":"","overlay-gradient":""},"tablet":{"background-color":"","background-image":"","background-repeat":"repeat","background-position":"center center","background-size":"auto","background-attachment":"scroll","background-type":"","background-media":"","overlay-type":"","overlay-color":"","overlay-gradient":""},"mobile":{"background-color":"","background-image":"","background-repeat":"repeat","background-position":"center center","background-size":"auto","background-attachment":"scroll","background-type":"","background-media":"","overlay-type":"","overlay-color":"","overlay-gradient":""}},"ast-content-background-meta":{"desktop":{"background-color":"var(--ast-global-color-5)","background-image":"","background-repeat":"repeat","background-position":"center center","background-size":"auto","background-attachment":"scroll","background-type":"","background-media":"","overlay-type":"","overlay-color":"","overlay-gradient":""},"tablet":{"background-color":"var(--ast-global-color-5)","background-image":"","background-repeat":"repeat","background-position":"center center","background-size":"auto","background-attachment":"scroll","background-type":"","background-media":"","overlay-type":"","overlay-color":"","overlay-gradient":""},"mobile":{"background-color":"var(--ast-global-color-5)","background-image":"","background-repeat":"repeat","background-position":"center center","background-size":"auto","background-attachment":"scroll","background-type":"","background-media":"","overlay-type":"","overlay-color":"","overlay-gradient":""}},"footnotes":""},"categories":[1175,324,961,5774,325,4128],"tags":[5268,73902,6689,36666,4132,151888],"class_list":["post-88839","post","type-post","status-publish","format-standard","hentry","category-evaluacion-y-diagnostico-en-psicologia","category-psicologia","category-psicologia-de-la-anormalidad","category-psicologia-geriatrica","category-psicopatologia","category-validacion-del-test","tag-antonio-cano-vindel","tag-ignacio-maria-montorio-cerrato","tag-jose-antonio-carrobles-isabel","tag-perez-pareja-francisco-javier","tag-rafael-san-martin-castellanos","tag-roberto-nuevo-benitez"],"_links":{"self":[{"href":"https:\/\/www.deberes.net\/tesis\/wp-json\/wp\/v2\/posts\/88839","targetHints":{"allow":["GET"]}}],"collection":[{"href":"https:\/\/www.deberes.net\/tesis\/wp-json\/wp\/v2\/posts"}],"about":[{"href":"https:\/\/www.deberes.net\/tesis\/wp-json\/wp\/v2\/types\/post"}],"author":[{"embeddable":true,"href":"https:\/\/www.deberes.net\/tesis\/wp-json\/wp\/v2\/users\/1"}],"replies":[{"embeddable":true,"href":"https:\/\/www.deberes.net\/tesis\/wp-json\/wp\/v2\/comments?post=88839"}],"version-history":[{"count":0,"href":"https:\/\/www.deberes.net\/tesis\/wp-json\/wp\/v2\/posts\/88839\/revisions"}],"wp:attachment":[{"href":"https:\/\/www.deberes.net\/tesis\/wp-json\/wp\/v2\/media?parent=88839"}],"wp:term":[{"taxonomy":"category","embeddable":true,"href":"https:\/\/www.deberes.net\/tesis\/wp-json\/wp\/v2\/categories?post=88839"},{"taxonomy":"post_tag","embeddable":true,"href":"https:\/\/www.deberes.net\/tesis\/wp-json\/wp\/v2\/tags?post=88839"}],"curies":[{"name":"wp","href":"https:\/\/api.w.org\/{rel}","templated":true}]}}