{"id":88876,"date":"2018-03-10T00:13:55","date_gmt":"2018-03-10T00:13:55","guid":{"rendered":"https:\/\/www.deberes.net\/tesis\/sin-categoria\/infeccion-por-vih-y-sida-caractera%c2%adsticas-psicologicas-y-adhesion-al-tratamiento\/"},"modified":"2018-03-10T00:13:55","modified_gmt":"2018-03-10T00:13:55","slug":"infeccion-por-vih-y-sida-caractera%c2%adsticas-psicologicas-y-adhesion-al-tratamiento","status":"publish","type":"post","link":"https:\/\/www.deberes.net\/tesis\/psicologia\/infeccion-por-vih-y-sida-caractera%c2%adsticas-psicologicas-y-adhesion-al-tratamiento\/","title":{"rendered":"Infecci\u00f3n por vih y sida: caracter\u00edsticas psicol\u00f3gicas y adhesi\u00f3n al tratamiento"},"content":{"rendered":"<h2>Tesis doctoral de <strong> Augusto Remor Eduardo <\/strong><\/h2>\n<p>Esta tesis doctoral aborda el tema de la infecci\u00f3n por vih\/sida desde una perspectiva psicol\u00f3gica, utilizando como marco de trabajo la psicolog\u00eda de la salud.  el objetivo central de esta tesis es, por una parte, conocer c\u00f3mo se relacionan los factores psicol\u00f3gicos con la evoluci\u00f3n y progresi\u00f3n de la infecci\u00f3n por vih, y la calidad de vida de las personas vih+ bajo tratamiento de los nuevos f\u00e1rmacos antirretrovirales. Y por otra, evaluar el nivel de adhesi\u00f3n terap\u00e9utica al tratamiento farmacol\u00f3gico, pretendiendo describir aquellos factores psicol\u00f3gicos que podr\u00edan actuar como predictores de la adhesi\u00f3n. Para ello se dividi\u00f3 el trabajo en dos partes.  en la primera parte, se hace una revisi\u00f3n te\u00f3rica sobre los distintos temas relacionados con la infecci\u00f3n por vih que podr\u00edan estar relacionados con los objetivos.  en la segunda parte, se describen las tres investigaciones efectuadas para lograr los objetivos, detallado el m\u00e9todo, instrumentos, procedimientos, los resultados obtenidos, y la discusi\u00f3n.  por \u00faltimo se presentan las conclusiones generales. La investigaci\u00f3n comprendi\u00f3 la evaluaci\u00f3n de 100 sujetos vih+ en distintas etapas de la infecci\u00f3n por vih, con edades comprendidas entre los 24 y 69 a\u00f1os, los sujetos proceden del servicio de medicina interna, unidad vih del hospital u. La paz.  en concreto, el estudio 1 presentado en esta tesis, hace referencia al perfil sociodemogr\u00e1fico, cl\u00ednico y psicol\u00f3gico de una muestra de sujetos vih+ y las relaciones subyacentes entre estas variables, pretendiendo ahondar en las relaciones entre tales variables, las etapas de la enfermedad y la calildad de vida relacionada con la salud. El estudio 2 presentan la relaci\u00f3n entre variables psicol\u00f3gicas, el tiempo de infecci\u00f3n y el deterioro inmunol\u00f3gico teniendo en cuenta una segunda evaluaci\u00f3n del estado cl\u00ednico de los sujetos, a los seis meses de seguimiento y, pretendiendo discutir los aspectos relacionados a<\/p>\n<p>&nbsp;<\/p>\n<h3>Datos acad\u00e9micos de la tesis doctoral \u00ab<strong>Infecci\u00f3n por vih y sida: caracter\u00edsticas psicol\u00f3gicas y adhesi\u00f3n al tratamiento<\/strong>\u00ab<\/h3>\n<ul>\n<li><strong>T\u00edtulo de la tesis:<\/strong>\u00a0 Infecci\u00f3n por vih y sida: caracter\u00edsticas psicol\u00f3gicas y adhesi\u00f3n al tratamiento <\/li>\n<li><strong>Autor:<\/strong>\u00a0 Augusto Remor Eduardo <\/li>\n<li><strong>Universidad:<\/strong>\u00a0 Aut\u00f3noma de Madrid<\/li>\n<li><strong>Fecha de lectura de la tesis:<\/strong>\u00a0 15\/02\/2001<\/li>\n<\/ul>\n<p>&nbsp;<\/p>\n<h3>Direcci\u00f3n y tribunal<\/h3>\n<ul>\n<li><strong>Director de la tesis<\/strong>\n<ul>\n<li>Jos\u00e9 Antonio Carrobles Isabel<\/li>\n<\/ul>\n<\/li>\n<li><strong>Tribunal<\/strong>\n<ul>\n<li>Presidente del tribunal: ram\u00f3n Bay\u00e9s <\/li>\n<li> Arranz carrillo de albornoz pilar (vocal)<\/li>\n<li>Juan  Francisco Godoy Garc\u00eda (vocal)<\/li>\n<li>Jos\u00e9 Mar\u00eda Pe\u00f1a  sanchez de rivera (vocal)<\/li>\n<\/ul>\n<\/li>\n<\/ul>\n<p>&nbsp;<\/p>\n","protected":false},"excerpt":{"rendered":"<p>Tesis doctoral de Augusto Remor Eduardo Esta tesis doctoral aborda el tema de la infecci\u00f3n por vih\/sida desde una perspectiva [&hellip;]<\/p>\n","protected":false},"author":1,"featured_media":0,"comment_status":"open","ping_status":"open","sticky":false,"template":"","format":"standard","meta":{"site-sidebar-layout":"default","site-content-layout":"","ast-site-content-layout":"","site-content-style":"default","site-sidebar-style":"default","ast-global-header-display":"","ast-banner-title-visibility":"","ast-main-header-display":"","ast-hfb-above-header-display":"","ast-hfb-below-header-display":"","ast-hfb-mobile-header-display":"","site-post-title":"","ast-breadcrumbs-content":"","ast-featured-img":"","footer-sml-layout":"","theme-transparent-header-meta":"","adv-header-id-meta":"","stick-header-meta":"","header-above-stick-meta":"","header-main-stick-meta":"","header-below-stick-meta":"","astra-migrate-meta-layouts":"default","ast-page-background-enabled":"default","ast-page-background-meta":{"desktop":{"background-color":"var(--ast-global-color-4)","background-image":"","background-repeat":"repeat","background-position":"center center","background-size":"auto","background-attachment":"scroll","background-type":"","background-media":"","overlay-type":"","overlay-color":"","overlay-gradient":""},"tablet":{"background-color":"","background-image":"","background-repeat":"repeat","background-position":"center center","background-size":"auto","background-attachment":"scroll","background-type":"","background-media":"","overlay-type":"","overlay-color":"","overlay-gradient":""},"mobile":{"background-color":"","background-image":"","background-repeat":"repeat","background-position":"center center","background-size":"auto","background-attachment":"scroll","background-type":"","background-media":"","overlay-type":"","overlay-color":"","overlay-gradient":""}},"ast-content-background-meta":{"desktop":{"background-color":"var(--ast-global-color-5)","background-image":"","background-repeat":"repeat","background-position":"center center","background-size":"auto","background-attachment":"scroll","background-type":"","background-media":"","overlay-type":"","overlay-color":"","overlay-gradient":""},"tablet":{"background-color":"var(--ast-global-color-5)","background-image":"","background-repeat":"repeat","background-position":"center center","background-size":"auto","background-attachment":"scroll","background-type":"","background-media":"","overlay-type":"","overlay-color":"","overlay-gradient":""},"mobile":{"background-color":"var(--ast-global-color-5)","background-image":"","background-repeat":"repeat","background-position":"center center","background-size":"auto","background-attachment":"scroll","background-type":"","background-media":"","overlay-type":"","overlay-color":"","overlay-gradient":""}},"footnotes":""},"categories":[41497,4264,324,9116],"tags":[46432,185238,6689,15497,4124,185239],"class_list":["post-88876","post","type-post","status-publish","format-standard","hentry","category-afrontamiento-de-la-enfermedad","category-asesoramiento-y-orientacion-psicologicas","category-psicologia","category-psicoterapia","tag-arranz-carrillo-de-albornoz-pilar","tag-augusto-remor-eduardo","tag-jose-antonio-carrobles-isabel","tag-jose-maria-pena-sanchez-de-rivera","tag-juan-francisco-godoy-garcia","tag-ramon-bayes"],"_links":{"self":[{"href":"https:\/\/www.deberes.net\/tesis\/wp-json\/wp\/v2\/posts\/88876","targetHints":{"allow":["GET"]}}],"collection":[{"href":"https:\/\/www.deberes.net\/tesis\/wp-json\/wp\/v2\/posts"}],"about":[{"href":"https:\/\/www.deberes.net\/tesis\/wp-json\/wp\/v2\/types\/post"}],"author":[{"embeddable":true,"href":"https:\/\/www.deberes.net\/tesis\/wp-json\/wp\/v2\/users\/1"}],"replies":[{"embeddable":true,"href":"https:\/\/www.deberes.net\/tesis\/wp-json\/wp\/v2\/comments?post=88876"}],"version-history":[{"count":0,"href":"https:\/\/www.deberes.net\/tesis\/wp-json\/wp\/v2\/posts\/88876\/revisions"}],"wp:attachment":[{"href":"https:\/\/www.deberes.net\/tesis\/wp-json\/wp\/v2\/media?parent=88876"}],"wp:term":[{"taxonomy":"category","embeddable":true,"href":"https:\/\/www.deberes.net\/tesis\/wp-json\/wp\/v2\/categories?post=88876"},{"taxonomy":"post_tag","embeddable":true,"href":"https:\/\/www.deberes.net\/tesis\/wp-json\/wp\/v2\/tags?post=88876"}],"curies":[{"name":"wp","href":"https:\/\/api.w.org\/{rel}","templated":true}]}}