{"id":88978,"date":"2018-03-10T00:14:03","date_gmt":"2018-03-10T00:14:03","guid":{"rendered":"https:\/\/www.deberes.net\/tesis\/sin-categoria\/trascendental-y-trascendencia-en-heidegger\/"},"modified":"2018-03-10T00:14:03","modified_gmt":"2018-03-10T00:14:03","slug":"trascendental-y-trascendencia-en-heidegger","status":"publish","type":"post","link":"https:\/\/www.deberes.net\/tesis\/filosofia\/trascendental-y-trascendencia-en-heidegger\/","title":{"rendered":"\u00abtrascendental y trascendencia en heidegger\u00bb"},"content":{"rendered":"<h2>Tesis doctoral de <strong> Mar\u00eda \u00e1guila Sola D\u00edaz <\/strong><\/h2>\n<p>La tesis aborda el problema de la experiencia trascendental del ser en heidegger y la posiblidad de que precise o no una apertura a la trascendencia. para ello se parte de la r\u00ed\u00bcckfrage husserliana, interpretada como la \u00abpregunta originaria\u00bb, como el tratamiento ontol\u00f3gico previo a toda metafisica, aplic\u00e1ndola a la seinsfrage heideggeriana.  el hilo conductor surge de analizar la diferencia ontol\u00f3gica y el problema del fundamento. Ambos muestran a lo ereignis como la noci\u00f3n fundamental de heidegger y su modo definitivo de localizar la pregunta originaria por el ser.  posteriormente se plantean estas dos cuestiones desde el hombre, es decir, c\u00f3mo comprende el hombre el ser y el fundamento en su doble aspecto trascendental y de apertura o no a la trascendente. Se muestra que hombre y ser est\u00e1n para heidegger en una relaci\u00f3n esencial de \u00abcopertenencia\u00bb o \u00abmutua pertenencia\u00bb en la que propiamente  no hay miembros, sino \u00abapertura\u00bb, posibilidad, en definitiva: libertad. Esta \u00abmutua pertenencia\u00bb no est\u00e1 a\u00fan lograda; es la actitud ontol\u00f3gica de la \u00abserenidad\u00bb la que puede propiciar hoy, la \u00e9poca de los \u00abdioses huidos\u00bb y del \u00abolvido del ser\u00bb, un nuevo arraigo para el hombre.  finalmente se problematiza la remisi\u00f3n a lo ereignis como \u00faltimo sentido para el hombre planteando como r\u00ed\u00bcckfrage radical una \u00abapertura a lo trascendente\u00bb desde la actitud ontol\u00f3gica de la \u00abdisposici\u00f3n a la trascendencia\u00bb.<\/p>\n<p>&nbsp;<\/p>\n<h3>Datos acad\u00e9micos de la tesis doctoral \u00ab<strong>\u00abtrascendental y trascendencia en heidegger\u00bb<\/strong>\u00ab<\/h3>\n<ul>\n<li><strong>T\u00edtulo de la tesis:<\/strong>\u00a0 \u00abtrascendental y trascendencia en heidegger\u00bb <\/li>\n<li><strong>Autor:<\/strong>\u00a0 Mar\u00eda \u00e1guila Sola D\u00edaz <\/li>\n<li><strong>Universidad:<\/strong>\u00a0 Sevilla<\/li>\n<li><strong>Fecha de lectura de la tesis:<\/strong>\u00a0 22\/02\/2001<\/li>\n<\/ul>\n<p>&nbsp;<\/p>\n<h3>Direcci\u00f3n y tribunal<\/h3>\n<ul>\n<li><strong>Director de la tesis<\/strong>\n<ul>\n<li>Jose Villalobos Dominguez<\/li>\n<\/ul>\n<\/li>\n<li><strong>Tribunal<\/strong>\n<ul>\n<li>Presidente del tribunal: modesto Berciano villalibre <\/li>\n<li>Juan  Fernando Ortega mu\u00f1oz (vocal)<\/li>\n<li> Lopez lopez Jos\u00e9 Luis (vocal)<\/li>\n<li>gaspar Garcia abril (vocal)<\/li>\n<\/ul>\n<\/li>\n<\/ul>\n<p>&nbsp;<\/p>\n","protected":false},"excerpt":{"rendered":"<p>Tesis doctoral de Mar\u00eda \u00e1guila Sola D\u00edaz La tesis aborda el problema de la experiencia trascendental del ser en heidegger [&hellip;]<\/p>\n","protected":false},"author":1,"featured_media":0,"comment_status":"open","ping_status":"open","sticky":false,"template":"","format":"standard","meta":{"site-sidebar-layout":"default","site-content-layout":"","ast-site-content-layout":"","site-content-style":"default","site-sidebar-style":"default","ast-global-header-display":"","ast-banner-title-visibility":"","ast-main-header-display":"","ast-hfb-above-header-display":"","ast-hfb-below-header-display":"","ast-hfb-mobile-header-display":"","site-post-title":"","ast-breadcrumbs-content":"","ast-featured-img":"","footer-sml-layout":"","theme-transparent-header-meta":"","adv-header-id-meta":"","stick-header-meta":"","header-above-stick-meta":"","header-main-stick-meta":"","header-below-stick-meta":"","astra-migrate-meta-layouts":"default","ast-page-background-enabled":"default","ast-page-background-meta":{"desktop":{"background-color":"var(--ast-global-color-4)","background-image":"","background-repeat":"repeat","background-position":"center center","background-size":"auto","background-attachment":"scroll","background-type":"","background-media":"","overlay-type":"","overlay-color":"","overlay-gradient":""},"tablet":{"background-color":"","background-image":"","background-repeat":"repeat","background-position":"center center","background-size":"auto","background-attachment":"scroll","background-type":"","background-media":"","overlay-type":"","overlay-color":"","overlay-gradient":""},"mobile":{"background-color":"","background-image":"","background-repeat":"repeat","background-position":"center center","background-size":"auto","background-attachment":"scroll","background-type":"","background-media":"","overlay-type":"","overlay-color":"","overlay-gradient":""}},"ast-content-background-meta":{"desktop":{"background-color":"var(--ast-global-color-5)","background-image":"","background-repeat":"repeat","background-position":"center center","background-size":"auto","background-attachment":"scroll","background-type":"","background-media":"","overlay-type":"","overlay-color":"","overlay-gradient":""},"tablet":{"background-color":"var(--ast-global-color-5)","background-image":"","background-repeat":"repeat","background-position":"center center","background-size":"auto","background-attachment":"scroll","background-type":"","background-media":"","overlay-type":"","overlay-color":"","overlay-gradient":""},"mobile":{"background-color":"var(--ast-global-color-5)","background-image":"","background-repeat":"repeat","background-position":"center center","background-size":"auto","background-attachment":"scroll","background-type":"","background-media":"","overlay-type":"","overlay-color":"","overlay-gradient":""}},"footnotes":""},"categories":[165,8535,5342,6428,10715,990],"tags":[32010,11172,11174,11173,185410,9814],"class_list":["post-88978","post","type-post","status-publish","format-standard","hentry","category-filosofia","category-filosofia-actual","category-filosofia-general","category-metafisica-y-ontologia","category-sevilla","category-sistemas-filosoficos","tag-gaspar-garcia-abril","tag-jose-villalobos-dominguez","tag-juan-fernando-ortega-munoz","tag-lopez-lopez-jose-luis","tag-maria-aguila-sola-diaz","tag-modesto-berciano-villalibre"],"_links":{"self":[{"href":"https:\/\/www.deberes.net\/tesis\/wp-json\/wp\/v2\/posts\/88978","targetHints":{"allow":["GET"]}}],"collection":[{"href":"https:\/\/www.deberes.net\/tesis\/wp-json\/wp\/v2\/posts"}],"about":[{"href":"https:\/\/www.deberes.net\/tesis\/wp-json\/wp\/v2\/types\/post"}],"author":[{"embeddable":true,"href":"https:\/\/www.deberes.net\/tesis\/wp-json\/wp\/v2\/users\/1"}],"replies":[{"embeddable":true,"href":"https:\/\/www.deberes.net\/tesis\/wp-json\/wp\/v2\/comments?post=88978"}],"version-history":[{"count":0,"href":"https:\/\/www.deberes.net\/tesis\/wp-json\/wp\/v2\/posts\/88978\/revisions"}],"wp:attachment":[{"href":"https:\/\/www.deberes.net\/tesis\/wp-json\/wp\/v2\/media?parent=88978"}],"wp:term":[{"taxonomy":"category","embeddable":true,"href":"https:\/\/www.deberes.net\/tesis\/wp-json\/wp\/v2\/categories?post=88978"},{"taxonomy":"post_tag","embeddable":true,"href":"https:\/\/www.deberes.net\/tesis\/wp-json\/wp\/v2\/tags?post=88978"}],"curies":[{"name":"wp","href":"https:\/\/api.w.org\/{rel}","templated":true}]}}