{"id":89010,"date":"2018-03-10T00:14:07","date_gmt":"2018-03-10T00:14:07","guid":{"rendered":"https:\/\/www.deberes.net\/tesis\/sin-categoria\/programa-de-formacion-ocupacional-para-la-integracion-laboral-y-social-de-personas-con-retraso-mentaldiseno-curricular-de-un-centro-ocupacional\/"},"modified":"2018-03-10T00:14:07","modified_gmt":"2018-03-10T00:14:07","slug":"programa-de-formacion-ocupacional-para-la-integracion-laboral-y-social-de-personas-con-retraso-mentaldiseno-curricular-de-un-centro-ocupacional","status":"publish","type":"post","link":"https:\/\/www.deberes.net\/tesis\/psicologia\/programa-de-formacion-ocupacional-para-la-integracion-laboral-y-social-de-personas-con-retraso-mentaldiseno-curricular-de-un-centro-ocupacional\/","title":{"rendered":"Programa de formacion ocupacional para la integracion laboral y social de personas con retraso mental(dise\u00f1o curricular de un centro ocupacional)"},"content":{"rendered":"<h2>Tesis doctoral de <strong> Hilario Castresana Estrada <\/strong><\/h2>\n<p>Los centros ocupacionales para personas adultas con retraso mental nacen en espa\u00f1a durante los a\u00f1os 70. La ley de integracion social de los minusvalidos-lismi- de 1982 refrenda y da cuerpo legal a estos centros que han proliferado por todo el pais.  los centros ocupacionales los plantea lismi como servicios sociales para la formaci\u00f3n de personas con retraso mental con el fin que alcancen su mayor desarrollo personal e integracion social y laboral.  el presente trabajo de investigaci\u00f3n actualiza la figura de los centros ocupacionales a partir de los nuevos conceptos que se han desarrollado en los \u00faltimos a\u00f1os sobre el retraso mental y la integracion laboral y social de las personas con retraso mental.  en este trabajo se dise\u00f1a el curriculum de un centro ocupacional espa\u00f1ol partiendo de la ordenacion legislativa de nuestro pais y teniendo en cuenta los paradigmas del concepto de retraso mental de la aamr (1992), del modelo de calidad de vida de robert schalock, la perspectiva de un servicio orientado al cliente y la concepcion de la actividad laboral como la principal herramienta para la integracion social y el desarrollo adaptativo de personas adultas con retraso mental.  el dise\u00f1o curricular que aqu\u00ed se presenta ha sido elaborado e implementado durante los a\u00f1os 1994-1999 en el centro ocupacional de ampros en cantabria y ha sido enriquecido por la experiencia practica que ello supone.  el trabajo aporta documentacion elaborada en el transcurso de la implementacion del programa y un estudio de la poblacion a la que va dirigido.<\/p>\n<p>&nbsp;<\/p>\n<h3>Datos acad\u00e9micos de la tesis doctoral \u00ab<strong>Programa de formacion ocupacional para la integracion laboral y social de personas con retraso mental(dise\u00f1o curricular de un centro ocupacional)<\/strong>\u00ab<\/h3>\n<ul>\n<li><strong>T\u00edtulo de la tesis:<\/strong>\u00a0 Programa de formacion ocupacional para la integracion laboral y social de personas con retraso mental(dise\u00f1o curricular de un centro ocupacional) <\/li>\n<li><strong>Autor:<\/strong>\u00a0 Hilario Castresana Estrada <\/li>\n<li><strong>Universidad:<\/strong>\u00a0 Oviedo<\/li>\n<li><strong>Fecha de lectura de la tesis:<\/strong>\u00a0 23\/02\/2001<\/li>\n<\/ul>\n<p>&nbsp;<\/p>\n<h3>Direcci\u00f3n y tribunal<\/h3>\n<ul>\n<li><strong>Director de la tesis<\/strong>\n<ul>\n<li>Jos\u00e9 Antonio Del Barrio Del Campo<\/li>\n<\/ul>\n<\/li>\n<li><strong>Tribunal<\/strong>\n<ul>\n<li>Presidente del tribunal: samuel Fern\u00e1ndez fern\u00e1ndez <\/li>\n<li>pilar Arnaiz sanchez (vocal)<\/li>\n<li> Osoro sierra Jos\u00e9 Manuel (vocal)<\/li>\n<li>teresa Susinos rada (vocal)<\/li>\n<\/ul>\n<\/li>\n<\/ul>\n<p>&nbsp;<\/p>\n","protected":false},"excerpt":{"rendered":"<p>Tesis doctoral de Hilario Castresana Estrada Los centros ocupacionales para personas adultas con retraso mental nacen en espa\u00f1a durante los [&hellip;]<\/p>\n","protected":false},"author":1,"featured_media":0,"comment_status":"open","ping_status":"open","sticky":false,"template":"","format":"standard","meta":{"site-sidebar-layout":"default","site-content-layout":"","ast-site-content-layout":"","site-content-style":"default","site-sidebar-style":"default","ast-global-header-display":"","ast-banner-title-visibility":"","ast-main-header-display":"","ast-hfb-above-header-display":"","ast-hfb-below-header-display":"","ast-hfb-mobile-header-display":"","site-post-title":"","ast-breadcrumbs-content":"","ast-featured-img":"","footer-sml-layout":"","theme-transparent-header-meta":"","adv-header-id-meta":"","stick-header-meta":"","header-above-stick-meta":"","header-main-stick-meta":"","header-below-stick-meta":"","astra-migrate-meta-layouts":"default","ast-page-background-enabled":"default","ast-page-background-meta":{"desktop":{"background-color":"var(--ast-global-color-4)","background-image":"","background-repeat":"repeat","background-position":"center center","background-size":"auto","background-attachment":"scroll","background-type":"","background-media":"","overlay-type":"","overlay-color":"","overlay-gradient":""},"tablet":{"background-color":"","background-image":"","background-repeat":"repeat","background-position":"center center","background-size":"auto","background-attachment":"scroll","background-type":"","background-media":"","overlay-type":"","overlay-color":"","overlay-gradient":""},"mobile":{"background-color":"","background-image":"","background-repeat":"repeat","background-position":"center center","background-size":"auto","background-attachment":"scroll","background-type":"","background-media":"","overlay-type":"","overlay-color":"","overlay-gradient":""}},"ast-content-background-meta":{"desktop":{"background-color":"var(--ast-global-color-5)","background-image":"","background-repeat":"repeat","background-position":"center center","background-size":"auto","background-attachment":"scroll","background-type":"","background-media":"","overlay-type":"","overlay-color":"","overlay-gradient":""},"tablet":{"background-color":"var(--ast-global-color-5)","background-image":"","background-repeat":"repeat","background-position":"center center","background-size":"auto","background-attachment":"scroll","background-type":"","background-media":"","overlay-type":"","overlay-color":"","overlay-gradient":""},"mobile":{"background-color":"var(--ast-global-color-5)","background-image":"","background-repeat":"repeat","background-position":"center center","background-size":"auto","background-attachment":"scroll","background-type":"","background-media":"","overlay-type":"","overlay-color":"","overlay-gradient":""}},"footnotes":""},"categories":[4264,6222,1183,1184,8846,1141,1340,324,1341,11995],"tags":[185450,25515,9286,8593,25384,52193],"class_list":["post-89010","post","type-post","status-publish","format-standard","hentry","category-asesoramiento-y-orientacion-psicologicas","category-educacion-especial","category-formacion-profesional","category-organizacion-y-planificacion-de-la-educacion","category-oviedo","category-pedagogia","category-planes-de-estudios","category-psicologia","category-teoria-y-metodos-educativos","category-tratamiento-psicologico-de-la-deficiencia-mental","tag-hilario-castresana-estrada","tag-jose-antonio-del-barrio-del-campo","tag-osoro-sierra-jose-manuel","tag-pilar-arnaiz-sanchez","tag-samuel-fernandez-fernandez","tag-teresa-susinos-rada"],"_links":{"self":[{"href":"https:\/\/www.deberes.net\/tesis\/wp-json\/wp\/v2\/posts\/89010","targetHints":{"allow":["GET"]}}],"collection":[{"href":"https:\/\/www.deberes.net\/tesis\/wp-json\/wp\/v2\/posts"}],"about":[{"href":"https:\/\/www.deberes.net\/tesis\/wp-json\/wp\/v2\/types\/post"}],"author":[{"embeddable":true,"href":"https:\/\/www.deberes.net\/tesis\/wp-json\/wp\/v2\/users\/1"}],"replies":[{"embeddable":true,"href":"https:\/\/www.deberes.net\/tesis\/wp-json\/wp\/v2\/comments?post=89010"}],"version-history":[{"count":0,"href":"https:\/\/www.deberes.net\/tesis\/wp-json\/wp\/v2\/posts\/89010\/revisions"}],"wp:attachment":[{"href":"https:\/\/www.deberes.net\/tesis\/wp-json\/wp\/v2\/media?parent=89010"}],"wp:term":[{"taxonomy":"category","embeddable":true,"href":"https:\/\/www.deberes.net\/tesis\/wp-json\/wp\/v2\/categories?post=89010"},{"taxonomy":"post_tag","embeddable":true,"href":"https:\/\/www.deberes.net\/tesis\/wp-json\/wp\/v2\/tags?post=89010"}],"curies":[{"name":"wp","href":"https:\/\/api.w.org\/{rel}","templated":true}]}}