{"id":89021,"date":"2018-03-10T00:14:07","date_gmt":"2018-03-10T00:14:07","guid":{"rendered":"https:\/\/www.deberes.net\/tesis\/sin-categoria\/evaluacion-de-los-efectos-de-un-programa-de-educacion-artistica-en-la-creatividad-y-en-otras-variables-del-desarrollo-infantil\/"},"modified":"2018-03-10T00:14:07","modified_gmt":"2018-03-10T00:14:07","slug":"evaluacion-de-los-efectos-de-un-programa-de-educacion-artistica-en-la-creatividad-y-en-otras-variables-del-desarrollo-infantil","status":"publish","type":"post","link":"https:\/\/www.deberes.net\/tesis\/psicologia\/evaluacion-de-los-efectos-de-un-programa-de-educacion-artistica-en-la-creatividad-y-en-otras-variables-del-desarrollo-infantil\/","title":{"rendered":"Evaluacion de los efectos de un programa de educacion artistica en la creatividad y en otras variables del desarrollo infantil."},"content":{"rendered":"<h2>Tesis doctoral de <strong> Jos\u00e9 Ignacio Perez Fernandez <\/strong><\/h2>\n<p>Esta investigaci\u00f3n tiene como objetivo principal evaluar el impacto de un programa de educacion artistica realizado con ni\u00f1os de 6-7 a\u00f1os en distintos tipos de creatividad (grafico-figurativa, verbal, motriz, sonoro-musical) y en otras variables del desarrollo infantil tales como inteligencia, aptitudes perceptivo-motrices, autoconcepto, conducta social&#8230; Se utiliza un dise\u00f1o experimental de comparacion de grupos son medidas pretest y postest, con una muestra de 135 sujetos de primer curso de educacion primaria (89 experimentales y 46 de control). La intervencion, en la que se trabajan distintos lenguajes artisticos de manera interrelacionada, se compone de 21 sesiones de 90 minutos de duracion. Antes y despues de la misma se administra una bateria de evaluacion para explorar las variables dependientes. Los resultados de los analisis de varianza permiten observar un importante impacto del programa den la creatividad infantil (creatividad verbal, motriz y rendimiento grafico-creativo), asi como en el desarrollo perceptivo-motriz y en la conducta social escolar. Como objetivo complementario se analizan tambien las relaciones existentes entre los distintos ambitos creativos evaluados y el resto de las variables objeto de estudio.<\/p>\n<p>&nbsp;<\/p>\n<h3>Datos acad\u00e9micos de la tesis doctoral \u00ab<strong>Evaluacion de los efectos de un programa de educacion artistica en la creatividad y en otras variables del desarrollo infantil.<\/strong>\u00ab<\/h3>\n<ul>\n<li><strong>T\u00edtulo de la tesis:<\/strong>\u00a0 Evaluacion de los efectos de un programa de educacion artistica en la creatividad y en otras variables del desarrollo infantil. <\/li>\n<li><strong>Autor:<\/strong>\u00a0 Jos\u00e9 Ignacio Perez Fernandez <\/li>\n<li><strong>Universidad:<\/strong>\u00a0 Pa\u00eds vasco\/euskal herriko unibertsitatea<\/li>\n<li><strong>Fecha de lectura de la tesis:<\/strong>\u00a0 23\/02\/2001<\/li>\n<\/ul>\n<p>&nbsp;<\/p>\n<h3>Direcci\u00f3n y tribunal<\/h3>\n<ul>\n<li><strong>Director de la tesis<\/strong>\n<ul>\n<li>Maite Garaigordobil Landazabal<\/li>\n<\/ul>\n<\/li>\n<li><strong>Tribunal<\/strong>\n<ul>\n<li>Presidente del tribunal: sabino Ayestar\u00e1n etxebarria <\/li>\n<li>Mar\u00eda Forns santacana (vocal)<\/li>\n<li>saturnino Torre de la torre (vocal)<\/li>\n<li>Mar\u00eda  del remedio Gonz\u00e1lez barron (vocal)<\/li>\n<\/ul>\n<\/li>\n<\/ul>\n<p>&nbsp;<\/p>\n","protected":false},"excerpt":{"rendered":"<p>Tesis doctoral de Jos\u00e9 Ignacio Perez Fernandez Esta investigaci\u00f3n tiene como objetivo principal evaluar el impacto de un programa de [&hellip;]<\/p>\n","protected":false},"author":1,"featured_media":0,"comment_status":"open","ping_status":"open","sticky":false,"template":"","format":"standard","meta":{"site-sidebar-layout":"default","site-content-layout":"","ast-site-content-layout":"","site-content-style":"default","site-sidebar-style":"default","ast-global-header-display":"","ast-banner-title-visibility":"","ast-main-header-display":"","ast-hfb-above-header-display":"","ast-hfb-below-header-display":"","ast-hfb-mobile-header-display":"","site-post-title":"","ast-breadcrumbs-content":"","ast-featured-img":"","footer-sml-layout":"","theme-transparent-header-meta":"","adv-header-id-meta":"","stick-header-meta":"","header-above-stick-meta":"","header-main-stick-meta":"","header-below-stick-meta":"","astra-migrate-meta-layouts":"default","ast-page-background-enabled":"default","ast-page-background-meta":{"desktop":{"background-color":"var(--ast-global-color-4)","background-image":"","background-repeat":"repeat","background-position":"center center","background-size":"auto","background-attachment":"scroll","background-type":"","background-media":"","overlay-type":"","overlay-color":"","overlay-gradient":""},"tablet":{"background-color":"","background-image":"","background-repeat":"repeat","background-position":"center center","background-size":"auto","background-attachment":"scroll","background-type":"","background-media":"","overlay-type":"","overlay-color":"","overlay-gradient":""},"mobile":{"background-color":"","background-image":"","background-repeat":"repeat","background-position":"center center","background-size":"auto","background-attachment":"scroll","background-type":"","background-media":"","overlay-type":"","overlay-color":"","overlay-gradient":""}},"ast-content-background-meta":{"desktop":{"background-color":"var(--ast-global-color-5)","background-image":"","background-repeat":"repeat","background-position":"center center","background-size":"auto","background-attachment":"scroll","background-type":"","background-media":"","overlay-type":"","overlay-color":"","overlay-gradient":""},"tablet":{"background-color":"var(--ast-global-color-5)","background-image":"","background-repeat":"repeat","background-position":"center center","background-size":"auto","background-attachment":"scroll","background-type":"","background-media":"","overlay-type":"","overlay-color":"","overlay-gradient":""},"mobile":{"background-color":"var(--ast-global-color-5)","background-image":"","background-repeat":"repeat","background-position":"center center","background-size":"auto","background-attachment":"scroll","background-type":"","background-media":"","overlay-type":"","overlay-color":"","overlay-gradient":""}},"footnotes":""},"categories":[28973,32400,6893,12909,6894,324,970,2758],"tags":[185465,129352,40514,22257,26788,1187],"class_list":["post-89021","post","type-post","status-publish","format-standard","hentry","category-creatividad","category-desarrollo-de-la-personalidad","category-medida-de-la-personalidad","category-pais-vasco-euskal-herriko-unibertsitatea","category-personalidad","category-psicologia","category-psicologia-del-nino-y-del-adolescente","category-psicologia-evolutiva","tag-jose-ignacio-perez-fernandez","tag-maite-garaigordobil-landazabal","tag-maria-del-remedio-gonzalez-barron","tag-maria-forns-santacana","tag-sabino-ayestaran-etxebarria","tag-saturnino-torre-de-la-torre"],"_links":{"self":[{"href":"https:\/\/www.deberes.net\/tesis\/wp-json\/wp\/v2\/posts\/89021","targetHints":{"allow":["GET"]}}],"collection":[{"href":"https:\/\/www.deberes.net\/tesis\/wp-json\/wp\/v2\/posts"}],"about":[{"href":"https:\/\/www.deberes.net\/tesis\/wp-json\/wp\/v2\/types\/post"}],"author":[{"embeddable":true,"href":"https:\/\/www.deberes.net\/tesis\/wp-json\/wp\/v2\/users\/1"}],"replies":[{"embeddable":true,"href":"https:\/\/www.deberes.net\/tesis\/wp-json\/wp\/v2\/comments?post=89021"}],"version-history":[{"count":0,"href":"https:\/\/www.deberes.net\/tesis\/wp-json\/wp\/v2\/posts\/89021\/revisions"}],"wp:attachment":[{"href":"https:\/\/www.deberes.net\/tesis\/wp-json\/wp\/v2\/media?parent=89021"}],"wp:term":[{"taxonomy":"category","embeddable":true,"href":"https:\/\/www.deberes.net\/tesis\/wp-json\/wp\/v2\/categories?post=89021"},{"taxonomy":"post_tag","embeddable":true,"href":"https:\/\/www.deberes.net\/tesis\/wp-json\/wp\/v2\/tags?post=89021"}],"curies":[{"name":"wp","href":"https:\/\/api.w.org\/{rel}","templated":true}]}}