{"id":89054,"date":"2018-03-10T00:14:07","date_gmt":"2018-03-10T00:14:07","guid":{"rendered":"https:\/\/www.deberes.net\/tesis\/sin-categoria\/el-caso-de-brasil-en-la-historiografia-de-la-arquitectura-moderna-1936-1955\/"},"modified":"2018-03-10T00:14:07","modified_gmt":"2018-03-10T00:14:07","slug":"el-caso-de-brasil-en-la-historiografia-de-la-arquitectura-moderna-1936-1955","status":"publish","type":"post","link":"https:\/\/www.deberes.net\/tesis\/historia\/el-caso-de-brasil-en-la-historiografia-de-la-arquitectura-moderna-1936-1955\/","title":{"rendered":"El caso de brasil en la historiografia de la arquitectura moderna, 1936-1955 &#8230;"},"content":{"rendered":"<h2>Tesis doctoral de <strong> Nelci Tinem <\/strong><\/h2>\n<p>La cuesti\u00f3n fundamental de esta investigaci\u00f3n es la forma en la que se constituye y se consolida la historia de la arquitectura moderna brasile\u00f1a en us periodo inicial, entre 1936 y 1955, respectivamente las fechas de la elaboraci\u00f3n del proyecto del ministerio de educaci\u00f3n, edidficio considerado el marco inicial de esta producci\u00f3n y de la publicaci\u00f3n de la convocatoria del concurso para el plano piloto de brasilia, que inicia una nueva etapa en la arquitectura brasile\u00f1a. Es precisamente la construcci\u00f3n de esa historia, que trata de la relaci\u00f3n entre la producci\u00f3n brasile\u00f1a y el movimiento moderno, advertida en las revistas de arquitectura, en las exposiciones y en las impresiones de los visitantes veh\u00edculos de difusi\u00f3n, afirmada en los escritos monogr\u00e1ficos versiones historiogr\u00e1ficas tempranas, y consolidada en los llamados manuales de historia de la arquitectura moderna verisiones can\u00f3nicas, lo que nos interesa investigar. Esa historia que result\u00f3 en una \u00fanica versi\u00f3n de acontecimientos que permitir\u00e1n innumerbles lecturas es el punto inicial para la investigaci\u00f3n de los tres tipos de documentos analizados en este trabajo:  a,- las revistas de arquitectura de difusi\u00f3n internacional.  b,- los estudios monogr\u00e1ficos sobre el tema.  c,- los manuales de historia de la arquitectura moderna.<\/p>\n<p>&nbsp;<\/p>\n<h3>Datos acad\u00e9micos de la tesis doctoral \u00ab<strong>El caso de brasil en la historiografia de la arquitectura moderna, 1936-1955 &#8230;<\/strong>\u00ab<\/h3>\n<ul>\n<li><strong>T\u00edtulo de la tesis:<\/strong>\u00a0 El caso de brasil en la historiografia de la arquitectura moderna, 1936-1955 &#8230; <\/li>\n<li><strong>Autor:<\/strong>\u00a0 Nelci Tinem <\/li>\n<li><strong>Universidad:<\/strong>\u00a0 Polit\u00e9cnica de catalunya<\/li>\n<li><strong>Fecha de lectura de la tesis:<\/strong>\u00a0 26\/02\/2001<\/li>\n<\/ul>\n<p>&nbsp;<\/p>\n<h3>Direcci\u00f3n y tribunal<\/h3>\n<ul>\n<li><strong>Director de la tesis<\/strong>\n<ul>\n<li>Fernando \u00e1lvarez Prozorovich<\/li>\n<\/ul>\n<\/li>\n<li><strong>Tribunal<\/strong>\n<ul>\n<li>Presidente del tribunal: cesar Portela <\/li>\n<li>victor Perez escolano (vocal)<\/li>\n<li>Carlos Marti aris (vocal)<\/li>\n<li>  (vocal)<\/li>\n<\/ul>\n<\/li>\n<\/ul>\n<p>&nbsp;<\/p>\n","protected":false},"excerpt":{"rendered":"<p>Tesis doctoral de Nelci Tinem La cuesti\u00f3n fundamental de esta investigaci\u00f3n es la forma en la que se constituye y [&hellip;]<\/p>\n","protected":false},"author":1,"featured_media":0,"comment_status":"open","ping_status":"open","sticky":false,"template":"","format":"standard","meta":{"site-sidebar-layout":"default","site-content-layout":"","ast-site-content-layout":"","site-content-style":"default","site-sidebar-style":"default","ast-global-header-display":"","ast-banner-title-visibility":"","ast-main-header-display":"","ast-hfb-above-header-display":"","ast-hfb-below-header-display":"","ast-hfb-mobile-header-display":"","site-post-title":"","ast-breadcrumbs-content":"","ast-featured-img":"","footer-sml-layout":"","theme-transparent-header-meta":"","adv-header-id-meta":"","stick-header-meta":"","header-above-stick-meta":"","header-main-stick-meta":"","header-below-stick-meta":"","astra-migrate-meta-layouts":"default","ast-page-background-enabled":"default","ast-page-background-meta":{"desktop":{"background-color":"var(--ast-global-color-4)","background-image":"","background-repeat":"repeat","background-position":"center center","background-size":"auto","background-attachment":"scroll","background-type":"","background-media":"","overlay-type":"","overlay-color":"","overlay-gradient":""},"tablet":{"background-color":"","background-image":"","background-repeat":"repeat","background-position":"center center","background-size":"auto","background-attachment":"scroll","background-type":"","background-media":"","overlay-type":"","overlay-color":"","overlay-gradient":""},"mobile":{"background-color":"","background-image":"","background-repeat":"repeat","background-position":"center center","background-size":"auto","background-attachment":"scroll","background-type":"","background-media":"","overlay-type":"","overlay-color":"","overlay-gradient":""}},"ast-content-background-meta":{"desktop":{"background-color":"var(--ast-global-color-5)","background-image":"","background-repeat":"repeat","background-position":"center center","background-size":"auto","background-attachment":"scroll","background-type":"","background-media":"","overlay-type":"","overlay-color":"","overlay-gradient":""},"tablet":{"background-color":"var(--ast-global-color-5)","background-image":"","background-repeat":"repeat","background-position":"center center","background-size":"auto","background-attachment":"scroll","background-type":"","background-media":"","overlay-type":"","overlay-color":"","overlay-gradient":""},"mobile":{"background-color":"var(--ast-global-color-5)","background-image":"","background-repeat":"repeat","background-position":"center center","background-size":"auto","background-attachment":"scroll","background-type":"","background-media":"","overlay-type":"","overlay-color":"","overlay-gradient":""}},"footnotes":""},"categories":[4509,147,104,1745,222,15596],"tags":[32205,49016,49013,185520,11230],"class_list":["post-89054","post","type-post","status-publish","format-standard","hentry","category-arquitectura","category-ciencias-de-las-artes-y-las-letras","category-historia","category-historia-de-la-arquitectura","category-historias-especializadas","category-politecnica-de-catalunya","tag-carlos-marti-aris","tag-cesar-portela","tag-fernando-alvarez-prozorovich","tag-nelci-tinem","tag-victor-perez-escolano"],"_links":{"self":[{"href":"https:\/\/www.deberes.net\/tesis\/wp-json\/wp\/v2\/posts\/89054","targetHints":{"allow":["GET"]}}],"collection":[{"href":"https:\/\/www.deberes.net\/tesis\/wp-json\/wp\/v2\/posts"}],"about":[{"href":"https:\/\/www.deberes.net\/tesis\/wp-json\/wp\/v2\/types\/post"}],"author":[{"embeddable":true,"href":"https:\/\/www.deberes.net\/tesis\/wp-json\/wp\/v2\/users\/1"}],"replies":[{"embeddable":true,"href":"https:\/\/www.deberes.net\/tesis\/wp-json\/wp\/v2\/comments?post=89054"}],"version-history":[{"count":0,"href":"https:\/\/www.deberes.net\/tesis\/wp-json\/wp\/v2\/posts\/89054\/revisions"}],"wp:attachment":[{"href":"https:\/\/www.deberes.net\/tesis\/wp-json\/wp\/v2\/media?parent=89054"}],"wp:term":[{"taxonomy":"category","embeddable":true,"href":"https:\/\/www.deberes.net\/tesis\/wp-json\/wp\/v2\/categories?post=89054"},{"taxonomy":"post_tag","embeddable":true,"href":"https:\/\/www.deberes.net\/tesis\/wp-json\/wp\/v2\/tags?post=89054"}],"curies":[{"name":"wp","href":"https:\/\/api.w.org\/{rel}","templated":true}]}}