{"id":89060,"date":"2018-03-10T00:14:07","date_gmt":"2018-03-10T00:14:07","guid":{"rendered":"https:\/\/www.deberes.net\/tesis\/sin-categoria\/perfiles-neuropsicologicos-de-la-paralisis-cerebral-espastica-y-discinetica-bilateral\/"},"modified":"2018-03-10T00:14:07","modified_gmt":"2018-03-10T00:14:07","slug":"perfiles-neuropsicologicos-de-la-paralisis-cerebral-espastica-y-discinetica-bilateral","status":"publish","type":"post","link":"https:\/\/www.deberes.net\/tesis\/ciencias-medicas\/perfiles-neuropsicologicos-de-la-paralisis-cerebral-espastica-y-discinetica-bilateral\/","title":{"rendered":"Perfiles neuropsicol\u00f3gicos de la par\u00e1lisis cerebral esp\u00e1stica y discin\u00e9tica bilateral"},"content":{"rendered":"<h2>Tesis doctoral de <strong> Roser Pueyo Benito <\/strong><\/h2>\n<p>Los estudios sobre el rendimiento cognitivo de la par\u00e1lisis cerebral (pc) son escasos y se refieren fundamentalmente al rendimiento cognitivo general. El principal objetivo de este trabajo es analizar el rendimiento neuropsicol\u00f3gico de la pc esp\u00e1stica, discin\u00e9tica y mixta mediante una amplia evaluaci\u00f3n neuropsicol\u00f3gica.  la muestra esta compuesta por 40 sujetos de 6 a 38 a\u00f1os relativamente homog\u00e9neos en gravedad motora, dado que todos necesitaban de silla de ruedas para desplazarse. Las funciones evaluadas fueron: rendimiento cognitivo general (matrices progresivas de raven-color), lenguage (peabody picture vocabulary test-revised, token test y screening test of spanish grammar), funci\u00f3n visoperceptiva (facial recognition test, judgment of line orientation test, cubos) memoria (d\u00edgitos, corsi blocks, recognition memory test), atenci\u00f3n (continuous performance test), praxias y funci\u00f3n frontal (wisconsin card sorting test).  se hall\u00f3 que la comprensi\u00f3n gramatical estaba preservada en la mayor\u00eda de sujetos (87%) en contraste con las habilidades visoespaciales (10%). cuando se agruparon los sujetos en funci\u00f3n del rendimento neuropsicol\u00f3gico no s\u00f3lo se evidenci\u00f3 la existencia de personas con un rendimiento alto, medio o bajo sino que se observaron discrepancias en las habilidades visoperceptivas y la funci\u00f3n frontal. En esta muestra, la puntuaci\u00f3n de les matrices progresivas de raven-color no era representativa del rendimiento general dado que no correlacionaba con la funci\u00f3n frontal. Exist\u00edan diferencias en la comprensi\u00f3n de vocabulario y gramatical en funci\u00f3n de la habilidad para expresarse mediante la escritura pero no en funci\u00f3n de la expresi\u00f3n oral. Tambi\u00e9n se obtuvieron diferencias en la comprensi\u00f3n de las praxias seg\u00fan fuese la eficacia de ejecuci\u00f3n pr\u00e1xica. Se observ\u00f3 la disociaci\u00f3n entre la memoria de trabajo (asociada al c\u00f3rtex anterior) y la memoria declarativa (asociada al c\u00f3rtex posterior). Con<\/p>\n<p>&nbsp;<\/p>\n<h3>Datos acad\u00e9micos de la tesis doctoral \u00ab<strong>Perfiles neuropsicol\u00f3gicos de la par\u00e1lisis cerebral esp\u00e1stica y discin\u00e9tica bilateral<\/strong>\u00ab<\/h3>\n<ul>\n<li><strong>T\u00edtulo de la tesis:<\/strong>\u00a0 Perfiles neuropsicol\u00f3gicos de la par\u00e1lisis cerebral esp\u00e1stica y discin\u00e9tica bilateral <\/li>\n<li><strong>Autor:<\/strong>\u00a0 Roser Pueyo Benito <\/li>\n<li><strong>Universidad:<\/strong>\u00a0 Barcelona<\/li>\n<li><strong>Fecha de lectura de la tesis:<\/strong>\u00a0 27\/02\/2001<\/li>\n<\/ul>\n<p>&nbsp;<\/p>\n<h3>Direcci\u00f3n y tribunal<\/h3>\n<ul>\n<li><strong>Director de la tesis<\/strong>\n<ul>\n<li>Pere Vendrell G\u00f3mez<\/li>\n<\/ul>\n<\/li>\n<li><strong>Tribunal<\/strong>\n<ul>\n<li>Presidente del tribunal: Miguel S\u00e1nchez turet <\/li>\n<li>Miguel Puyuelo sanclemente (vocal)<\/li>\n<li>carmen Basil almirall (vocal)<\/li>\n<li>Francisco Roman lapuente (vocal)<\/li>\n<\/ul>\n<\/li>\n<\/ul>\n<p>&nbsp;<\/p>\n","protected":false},"excerpt":{"rendered":"<p>Tesis doctoral de Roser Pueyo Benito Los estudios sobre el rendimiento cognitivo de la par\u00e1lisis cerebral (pc) son escasos y [&hellip;]<\/p>\n","protected":false},"author":1,"featured_media":0,"comment_status":"open","ping_status":"open","sticky":false,"template":"","format":"standard","meta":{"site-sidebar-layout":"default","site-content-layout":"","ast-site-content-layout":"","site-content-style":"default","site-sidebar-style":"default","ast-global-header-display":"","ast-banner-title-visibility":"","ast-main-header-display":"","ast-hfb-above-header-display":"","ast-hfb-below-header-display":"","ast-hfb-mobile-header-display":"","site-post-title":"","ast-breadcrumbs-content":"","ast-featured-img":"","footer-sml-layout":"","theme-transparent-header-meta":"","adv-header-id-meta":"","stick-header-meta":"","header-above-stick-meta":"","header-main-stick-meta":"","header-below-stick-meta":"","astra-migrate-meta-layouts":"default","ast-page-background-enabled":"default","ast-page-background-meta":{"desktop":{"background-color":"var(--ast-global-color-4)","background-image":"","background-repeat":"repeat","background-position":"center center","background-size":"auto","background-attachment":"scroll","background-type":"","background-media":"","overlay-type":"","overlay-color":"","overlay-gradient":""},"tablet":{"background-color":"","background-image":"","background-repeat":"repeat","background-position":"center center","background-size":"auto","background-attachment":"scroll","background-type":"","background-media":"","overlay-type":"","overlay-color":"","overlay-gradient":""},"mobile":{"background-color":"","background-image":"","background-repeat":"repeat","background-position":"center center","background-size":"auto","background-attachment":"scroll","background-type":"","background-media":"","overlay-type":"","overlay-color":"","overlay-gradient":""}},"ast-content-background-meta":{"desktop":{"background-color":"var(--ast-global-color-5)","background-image":"","background-repeat":"repeat","background-position":"center center","background-size":"auto","background-attachment":"scroll","background-type":"","background-media":"","overlay-type":"","overlay-color":"","overlay-gradient":""},"tablet":{"background-color":"var(--ast-global-color-5)","background-image":"","background-repeat":"repeat","background-position":"center center","background-size":"auto","background-attachment":"scroll","background-type":"","background-media":"","overlay-type":"","overlay-color":"","overlay-gradient":""},"mobile":{"background-color":"var(--ast-global-color-5)","background-image":"","background-repeat":"repeat","background-position":"center center","background-size":"auto","background-attachment":"scroll","background-type":"","background-media":"","overlay-type":"","overlay-color":"","overlay-gradient":""}},"footnotes":""},"categories":[951,155,9,324,487,970],"tags":[70165,10191,14136,6691,33979,185528],"class_list":["post-89060","post","type-post","status-publish","format-standard","hentry","category-barcelona","category-ciencias-clinicas","category-ciencias-medicas","category-psicologia","category-psicologia-clinica","category-psicologia-del-nino-y-del-adolescente","tag-carmen-basil-almirall","tag-francisco-roman-lapuente","tag-miguel-puyuelo-sanclemente","tag-miguel-sanchez-turet","tag-pere-vendrell-gomez","tag-roser-pueyo-benito"],"_links":{"self":[{"href":"https:\/\/www.deberes.net\/tesis\/wp-json\/wp\/v2\/posts\/89060","targetHints":{"allow":["GET"]}}],"collection":[{"href":"https:\/\/www.deberes.net\/tesis\/wp-json\/wp\/v2\/posts"}],"about":[{"href":"https:\/\/www.deberes.net\/tesis\/wp-json\/wp\/v2\/types\/post"}],"author":[{"embeddable":true,"href":"https:\/\/www.deberes.net\/tesis\/wp-json\/wp\/v2\/users\/1"}],"replies":[{"embeddable":true,"href":"https:\/\/www.deberes.net\/tesis\/wp-json\/wp\/v2\/comments?post=89060"}],"version-history":[{"count":0,"href":"https:\/\/www.deberes.net\/tesis\/wp-json\/wp\/v2\/posts\/89060\/revisions"}],"wp:attachment":[{"href":"https:\/\/www.deberes.net\/tesis\/wp-json\/wp\/v2\/media?parent=89060"}],"wp:term":[{"taxonomy":"category","embeddable":true,"href":"https:\/\/www.deberes.net\/tesis\/wp-json\/wp\/v2\/categories?post=89060"},{"taxonomy":"post_tag","embeddable":true,"href":"https:\/\/www.deberes.net\/tesis\/wp-json\/wp\/v2\/tags?post=89060"}],"curies":[{"name":"wp","href":"https:\/\/api.w.org\/{rel}","templated":true}]}}