{"id":89090,"date":"2001-01-03T00:00:00","date_gmt":"2001-01-03T00:00:00","guid":{"rendered":"https:\/\/www.deberes.net\/tesis\/sin-categoria\/competencia-de-datura-stramonium-l-y-echinochloa-curs-galli-l-beauv-con-tomate-y-pimiento\/"},"modified":"2001-01-03T00:00:00","modified_gmt":"2001-01-03T00:00:00","slug":"competencia-de-datura-stramonium-l-y-echinochloa-curs-galli-l-beauv-con-tomate-y-pimiento","status":"publish","type":"post","link":"https:\/\/www.deberes.net\/tesis\/ciencias-de-la-vida\/competencia-de-datura-stramonium-l-y-echinochloa-curs-galli-l-beauv-con-tomate-y-pimiento\/","title":{"rendered":"Competencia de datura stramonium l. y echinochloa curs-galli (l.) beauv. con tomate y pimiento"},"content":{"rendered":"<h2>Tesis doctoral de <strong>  Sant\u00edn Montany\u00e1 M. In\u00e9s <\/strong><\/h2>\n<p>En condiciones de invernadero y en tiestos con 9 kgs., De suelo, se afront\u00f3 un estudio sobre la competencia diferencial que ejerc\u00edan en los cultivos de tomate y pimiento dos especies de malas hierbas de verano. Las especies fueron datura stramonium l., Y echinochloa crus-galli l. Beauv.; Pertenecientes a familias muy diferentes y citadas frecuentemente como infestantes t\u00edpicas de estos cultivos.  nos propusimos determinar qu\u00e9 factores eran los responsables de la competencia ejercida por las malas hierbas con estos cultivos, y si el nitr\u00f3geno ten\u00eda una especial significaci\u00f3n en dicha competencia.  adem\u00e1s de intentar dilucidar la diferente competitividad de las malas hierbas con ambos cultivos, en posibles situaciones de siembra directa \u00f3 trasplante en campo. As\u00ed como esclarecer, en base a los estados fenol\u00f3gicos de los cultivos, los periodos de competencia de cada una de las especies de malas hierbas, con el prop\u00f3sito de poderlas controlar.  la competencia de las malas hierbas se valor\u00f3 a trav\u00e9s  de cuatro ensayos con distintos tiempos de permanencia de \u00e9stas en los cultivos. En dos de los ensayos, las especies de malas hierbas crecieron con los cultivos desde su emergencia en distintos estados del crecimiento de los cultivos hasta la maduraci\u00f3n de los frutos, asimil\u00e1ndose a una competencia tard\u00eda de estas especies. En los otros dos ensayos, las malas hierbas crecieron con los cultivos desde su emergencia simult\u00e1nea hastas diversos estados de crecimiento del cultivo, en los cuales se extirparon y a paritr de los cuales los cultivos crecieron solos. Esta \u00faltima sirvi\u00f3 de estima de una competencia temprana de las malas hierbas.  tanto tomate y mucho m\u00e1s el pimiento fueron muy sensibles en su crecimiento y rendimiento de frutos a la presencia de las malas hierbas, siendo el nitr\u00f3geno un factor decisivo de competencia. De las dos especies de malas hierbas, datura stramonium fue la m\u00e1s da\u00f1ina en ambos cultivos, pues<\/p>\n<p>&nbsp;<\/p>\n<h3>Datos acad\u00e9micos de la tesis doctoral \u00ab<strong>Competencia de datura stramonium l. y echinochloa curs-galli (l.) beauv. con tomate y pimiento<\/strong>\u00ab<\/h3>\n<ul>\n<li><strong>T\u00edtulo de la tesis:<\/strong>\u00a0 Competencia de datura stramonium l. y echinochloa curs-galli (l.) beauv. con tomate y pimiento <\/li>\n<li><strong>Autor:<\/strong>\u00a0  Sant\u00edn Montany\u00e1 M. In\u00e9s <\/li>\n<li><strong>Universidad:<\/strong>\u00a0 Polit\u00e9cnica de Madrid<\/li>\n<li><strong>Fecha de lectura de la tesis:<\/strong>\u00a0 01\/03\/2001<\/li>\n<\/ul>\n<p>&nbsp;<\/p>\n<h3>Direcci\u00f3n y tribunal<\/h3>\n<ul>\n<li><strong>Director de la tesis<\/strong>\n<ul>\n<li>Ricardo Gonz\u00e1lez Ponce<\/li>\n<\/ul>\n<\/li>\n<li><strong>Tribunal<\/strong>\n<ul>\n<li>Presidente del tribunal:  Monte d\u00edaz de guere\u00f1u Juan  pablo del <\/li>\n<li>Carlos Zaragoza larios (vocal)<\/li>\n<li>Carlos Cadahia lopez (vocal)<\/li>\n<li>alfonso Pardo iglesias (vocal)<\/li>\n<\/ul>\n<\/li>\n<\/ul>\n<p>&nbsp;<\/p>\n","protected":false},"excerpt":{"rendered":"<p>Tesis doctoral de Sant\u00edn Montany\u00e1 M. In\u00e9s En condiciones de invernadero y en tiestos con 9 kgs., De suelo, se [&hellip;]<\/p>\n","protected":false},"author":1,"featured_media":0,"comment_status":"open","ping_status":"open","sticky":false,"template":"","format":"standard","meta":{"site-sidebar-layout":"default","site-content-layout":"","ast-site-content-layout":"","site-content-style":"default","site-sidebar-style":"default","ast-global-header-display":"","ast-banner-title-visibility":"","ast-main-header-display":"","ast-hfb-above-header-display":"","ast-hfb-below-header-display":"","ast-hfb-mobile-header-display":"","site-post-title":"","ast-breadcrumbs-content":"","ast-featured-img":"","footer-sml-layout":"","theme-transparent-header-meta":"","adv-header-id-meta":"","stick-header-meta":"","header-above-stick-meta":"","header-main-stick-meta":"","header-below-stick-meta":"","astra-migrate-meta-layouts":"default","ast-page-background-enabled":"default","ast-page-background-meta":{"desktop":{"background-color":"var(--ast-global-color-4)","background-image":"","background-repeat":"repeat","background-position":"center center","background-size":"auto","background-attachment":"scroll","background-type":"","background-media":"","overlay-type":"","overlay-color":"","overlay-gradient":""},"tablet":{"background-color":"","background-image":"","background-repeat":"repeat","background-position":"center center","background-size":"auto","background-attachment":"scroll","background-type":"","background-media":"","overlay-type":"","overlay-color":"","overlay-gradient":""},"mobile":{"background-color":"","background-image":"","background-repeat":"repeat","background-position":"center center","background-size":"auto","background-attachment":"scroll","background-type":"","background-media":"","overlay-type":"","overlay-color":"","overlay-gradient":""}},"ast-content-background-meta":{"desktop":{"background-color":"var(--ast-global-color-5)","background-image":"","background-repeat":"repeat","background-position":"center center","background-size":"auto","background-attachment":"scroll","background-type":"","background-media":"","overlay-type":"","overlay-color":"","overlay-gradient":""},"tablet":{"background-color":"var(--ast-global-color-5)","background-image":"","background-repeat":"repeat","background-position":"center center","background-size":"auto","background-attachment":"scroll","background-type":"","background-media":"","overlay-type":"","overlay-color":"","overlay-gradient":""},"mobile":{"background-color":"var(--ast-global-color-5)","background-image":"","background-repeat":"repeat","background-position":"center center","background-size":"auto","background-attachment":"scroll","background-type":"","background-media":"","overlay-type":"","overlay-color":"","overlay-gradient":""}},"footnotes":""},"categories":[509,972,494,35,2198,2309,16008],"tags":[32812,8381,28841,88652,76816,185573],"class_list":["post-89090","post","type-post","status-publish","format-standard","hentry","category-agronomia","category-botanica","category-ciencias-agrarias","category-ciencias-de-la-vida","category-control-de-malezas","category-nutricion-vegetal","category-politecnica-de-madrid","tag-alfonso-pardo-iglesias","tag-carlos-cadahia-lopez","tag-carlos-zaragoza-larios","tag-monte-diaz-de-guerenu-juan-pablo-del","tag-ricardo-gonzalez-ponce","tag-santin-montanya-m-ines"],"_links":{"self":[{"href":"https:\/\/www.deberes.net\/tesis\/wp-json\/wp\/v2\/posts\/89090","targetHints":{"allow":["GET"]}}],"collection":[{"href":"https:\/\/www.deberes.net\/tesis\/wp-json\/wp\/v2\/posts"}],"about":[{"href":"https:\/\/www.deberes.net\/tesis\/wp-json\/wp\/v2\/types\/post"}],"author":[{"embeddable":true,"href":"https:\/\/www.deberes.net\/tesis\/wp-json\/wp\/v2\/users\/1"}],"replies":[{"embeddable":true,"href":"https:\/\/www.deberes.net\/tesis\/wp-json\/wp\/v2\/comments?post=89090"}],"version-history":[{"count":0,"href":"https:\/\/www.deberes.net\/tesis\/wp-json\/wp\/v2\/posts\/89090\/revisions"}],"wp:attachment":[{"href":"https:\/\/www.deberes.net\/tesis\/wp-json\/wp\/v2\/media?parent=89090"}],"wp:term":[{"taxonomy":"category","embeddable":true,"href":"https:\/\/www.deberes.net\/tesis\/wp-json\/wp\/v2\/categories?post=89090"},{"taxonomy":"post_tag","embeddable":true,"href":"https:\/\/www.deberes.net\/tesis\/wp-json\/wp\/v2\/tags?post=89090"}],"curies":[{"name":"wp","href":"https:\/\/api.w.org\/{rel}","templated":true}]}}