{"id":89100,"date":"2001-02-03T00:00:00","date_gmt":"2001-02-03T00:00:00","guid":{"rendered":"https:\/\/www.deberes.net\/tesis\/sin-categoria\/masa-osea-en-pacientes-asmaticos-corticodependientes\/"},"modified":"2001-02-03T00:00:00","modified_gmt":"2001-02-03T00:00:00","slug":"masa-osea-en-pacientes-asmaticos-corticodependientes","status":"publish","type":"post","link":"https:\/\/www.deberes.net\/tesis\/ciencias-medicas\/masa-osea-en-pacientes-asmaticos-corticodependientes\/","title":{"rendered":"Masa osea en pacientes asmaticos corticodependientes"},"content":{"rendered":"<h2>Tesis doctoral de <strong> Alicia Conde Valero <\/strong><\/h2>\n<p>Pacientes asm\u00e1ticos tratados con bajas dosis de corticoides orales o inhalados, presentanuna significativa p\u00e9rdida de masa \u00f3sea. Esta afect\u00f3 a los tres estratos de poblaci\u00f3n estudiados: varones, mujeres premenop\u00e1usicas y postemnop\u00e1usicas, si bien los varones presentaron mayor p\u00e9rdida de masa \u00f3sea en cuello de f\u00e9mur y mujeres postmenop\u00e1usicas en columna lumbar.  la p\u00e9rdida de hueso afect\u00f3 a hueso trabecular y ycorical. Las variables clinicodemogr\u00e1ficas relacionadas con la masa \u00f3sea fueronpeso, imc y dosis de prednisona acumulada de corticoides. Entre las variables bioqu\u00edmicas, s\u00f3lo los niveles de ipth mostraron correlaci\u00f3n con la masa \u00f3sea tanto encolumna lumbar como en cuello de f\u00e9mur. Los marcadores de remodelado \u00f3seo mostraron baja correlaci\u00f3n con la masa \u00f3sea.  nuestra poblaci\u00f3n mostr\u00f3 una alta e inesperada preValencia de d\u00e9ficit de vitamina d; el grupo de pacientes deficitarios mostr\u00f3 una situaci\u00f3n de alto remodelado \u00f3seo, mayores d\u00f3sis de prednisona acumulada y menor masa \u00f3sea.<\/p>\n<p>&nbsp;<\/p>\n<h3>Datos acad\u00e9micos de la tesis doctoral \u00ab<strong>Masa osea en pacientes asmaticos corticodependientes<\/strong>\u00ab<\/h3>\n<ul>\n<li><strong>T\u00edtulo de la tesis:<\/strong>\u00a0 Masa osea en pacientes asmaticos corticodependientes <\/li>\n<li><strong>Autor:<\/strong>\u00a0 Alicia Conde Valero <\/li>\n<li><strong>Universidad:<\/strong>\u00a0 Granada<\/li>\n<li><strong>Fecha de lectura de la tesis:<\/strong>\u00a0 02\/03\/2001<\/li>\n<\/ul>\n<p>&nbsp;<\/p>\n<h3>Direcci\u00f3n y tribunal<\/h3>\n<ul>\n<li><strong>Director de la tesis<\/strong>\n<ul>\n<li>Norberto Ortego Centeno<\/li>\n<\/ul>\n<\/li>\n<li><strong>Tribunal<\/strong>\n<ul>\n<li>Presidente del tribunal: jose De la higuera torres-puchol <\/li>\n<li> Hidalgo sanJuan  m. victoria (vocal)<\/li>\n<li>Miguel Rosales jaldo (vocal)<\/li>\n<li> Garc\u00eda del r\u00edo cipriano (vocal)<\/li>\n<\/ul>\n<\/li>\n<\/ul>\n<p>&nbsp;<\/p>\n","protected":false},"excerpt":{"rendered":"<p>Tesis doctoral de Alicia Conde Valero Pacientes asm\u00e1ticos tratados con bajas dosis de corticoides orales o inhalados, presentanuna significativa p\u00e9rdida [&hellip;]<\/p>\n","protected":false},"author":1,"featured_media":0,"comment_status":"open","ping_status":"open","sticky":false,"template":"","format":"standard","meta":{"site-sidebar-layout":"default","site-content-layout":"","ast-site-content-layout":"","site-content-style":"default","site-sidebar-style":"default","ast-global-header-display":"","ast-banner-title-visibility":"","ast-main-header-display":"","ast-hfb-above-header-display":"","ast-hfb-below-header-display":"","ast-hfb-mobile-header-display":"","site-post-title":"","ast-breadcrumbs-content":"","ast-featured-img":"","footer-sml-layout":"","theme-transparent-header-meta":"","adv-header-id-meta":"","stick-header-meta":"","header-above-stick-meta":"","header-main-stick-meta":"","header-below-stick-meta":"","astra-migrate-meta-layouts":"default","ast-page-background-enabled":"default","ast-page-background-meta":{"desktop":{"background-color":"var(--ast-global-color-4)","background-image":"","background-repeat":"repeat","background-position":"center center","background-size":"auto","background-attachment":"scroll","background-type":"","background-media":"","overlay-type":"","overlay-color":"","overlay-gradient":""},"tablet":{"background-color":"","background-image":"","background-repeat":"repeat","background-position":"center center","background-size":"auto","background-attachment":"scroll","background-type":"","background-media":"","overlay-type":"","overlay-color":"","overlay-gradient":""},"mobile":{"background-color":"","background-image":"","background-repeat":"repeat","background-position":"center center","background-size":"auto","background-attachment":"scroll","background-type":"","background-media":"","overlay-type":"","overlay-color":"","overlay-gradient":""}},"ast-content-background-meta":{"desktop":{"background-color":"var(--ast-global-color-5)","background-image":"","background-repeat":"repeat","background-position":"center center","background-size":"auto","background-attachment":"scroll","background-type":"","background-media":"","overlay-type":"","overlay-color":"","overlay-gradient":""},"tablet":{"background-color":"var(--ast-global-color-5)","background-image":"","background-repeat":"repeat","background-position":"center center","background-size":"auto","background-attachment":"scroll","background-type":"","background-media":"","overlay-type":"","overlay-color":"","overlay-gradient":""},"mobile":{"background-color":"var(--ast-global-color-5)","background-image":"","background-repeat":"repeat","background-position":"center center","background-size":"auto","background-attachment":"scroll","background-type":"","background-media":"","overlay-type":"","overlay-color":"","overlay-gradient":""}},"footnotes":""},"categories":[1957,155,9,156],"tags":[54970,36479,185583,3915,26745,61941],"class_list":["post-89100","post","type-post","status-publish","format-standard","hentry","category-alergias","category-ciencias-clinicas","category-ciencias-medicas","category-patologia","tag-alicia-conde-valero","tag-garcia-del-rio-cipriano","tag-hidalgo-sanjuan-m-victoria","tag-jose-de-la-higuera-torres-puchol","tag-miguel-rosales-jaldo","tag-norberto-ortego-centeno"],"_links":{"self":[{"href":"https:\/\/www.deberes.net\/tesis\/wp-json\/wp\/v2\/posts\/89100","targetHints":{"allow":["GET"]}}],"collection":[{"href":"https:\/\/www.deberes.net\/tesis\/wp-json\/wp\/v2\/posts"}],"about":[{"href":"https:\/\/www.deberes.net\/tesis\/wp-json\/wp\/v2\/types\/post"}],"author":[{"embeddable":true,"href":"https:\/\/www.deberes.net\/tesis\/wp-json\/wp\/v2\/users\/1"}],"replies":[{"embeddable":true,"href":"https:\/\/www.deberes.net\/tesis\/wp-json\/wp\/v2\/comments?post=89100"}],"version-history":[{"count":0,"href":"https:\/\/www.deberes.net\/tesis\/wp-json\/wp\/v2\/posts\/89100\/revisions"}],"wp:attachment":[{"href":"https:\/\/www.deberes.net\/tesis\/wp-json\/wp\/v2\/media?parent=89100"}],"wp:term":[{"taxonomy":"category","embeddable":true,"href":"https:\/\/www.deberes.net\/tesis\/wp-json\/wp\/v2\/categories?post=89100"},{"taxonomy":"post_tag","embeddable":true,"href":"https:\/\/www.deberes.net\/tesis\/wp-json\/wp\/v2\/tags?post=89100"}],"curies":[{"name":"wp","href":"https:\/\/api.w.org\/{rel}","templated":true}]}}