{"id":89111,"date":"2001-02-03T00:00:00","date_gmt":"2001-02-03T00:00:00","guid":{"rendered":"https:\/\/www.deberes.net\/tesis\/sin-categoria\/autoconcepto-y-alineacion-de-los-ejes-visuales-un-programa-de-intervencion-para-la-mejora-del-autoconcepto-y-las-habilidades-visuales\/"},"modified":"2001-02-03T00:00:00","modified_gmt":"2001-02-03T00:00:00","slug":"autoconcepto-y-alineacion-de-los-ejes-visuales-un-programa-de-intervencion-para-la-mejora-del-autoconcepto-y-las-habilidades-visuales","status":"publish","type":"post","link":"https:\/\/www.deberes.net\/tesis\/psicologia\/autoconcepto-y-alineacion-de-los-ejes-visuales-un-programa-de-intervencion-para-la-mejora-del-autoconcepto-y-las-habilidades-visuales\/","title":{"rendered":"\u00abautoconcepto y alineacion de los ejes visuales. un programa de intervencion para la mejora del autoconcepto y las habilidades visuales\u00bb"},"content":{"rendered":"<h2>Tesis doctoral de <strong> Paloma Gonzalez Castro <\/strong><\/h2>\n<p>En el presente trabajo de investigacion se pretende analizar la hipoteca relacion entre una variable de naturaleza visual(relacion de la foria de lejos y de cerca) y el autoconcepto de alumnos con dificultades de aprendizaje. en concreto, el objetivo de la investigacion ha sido contrastar en que medida los desajustes visuales eran producto de los niveles del autoconcepto de alumnos con dificultades de aprendizaje.  el dise\u00f1o utilizado es de tipo cuasiexperimental de grupo pretest-postest (de grupo control no equivalente o de comparacion estatica con pretest y postest). El grupo experimental esta formado por alumnos con dificultades de aprendizaje (y muy bajo rendimiento academico) que asisten a un centro de psicolog\u00eda (n=34). Los 34 alumnos que forman este grupo han sido seleccionados por presentar niveles muy bajos en autoconcepto y mayor endoforia en fijacion de cerca. Este mismo criterio ha sido aplicado para la selecci\u00f3n de los alumnos que forman el grupo control (n=31). El grupo experimental participo de un programa de cuatro meses de duracion cuyo objetivo es la mejora de los procesos atencionales y de organizaci\u00f3n y manejo de la informacion (dado que estas eran los deficits que explicaban sus dificultades de aprendizaje).  los resultados muestran que la intervencion ha sido eficaz no solo para mejorar las deficitarias condiciones atencionales y de manejo de la informacion, sino que contribuye significativamente a la mejora del autoconcepto(dimensiones academica, social, emocional y fisica). A su vez, en un alto porcentaje de alumnos del grupo experimental, la mejora en autoconcepto se ha acompa\u00f1ado de la correcion de los deficits visuales (relacion m\u00e1s endof\u00f3rica en cerca de los ejes visuales). Tambien se ha observado que el nivel de ansiedad estado es una variable que modula significativamente la relacion entre estas dos variables (autoconcepto y foria).<\/p>\n<p>&nbsp;<\/p>\n<h3>Datos acad\u00e9micos de la tesis doctoral \u00ab<strong>\u00abautoconcepto y alineacion de los ejes visuales. un programa de intervencion para la mejora del autoconcepto y las habilidades visuales\u00bb<\/strong>\u00ab<\/h3>\n<ul>\n<li><strong>T\u00edtulo de la tesis:<\/strong>\u00a0 \u00abautoconcepto y alineacion de los ejes visuales. un programa de intervencion para la mejora del autoconcepto y las habilidades visuales\u00bb <\/li>\n<li><strong>Autor:<\/strong>\u00a0 Paloma Gonzalez Castro <\/li>\n<li><strong>Universidad:<\/strong>\u00a0 Oviedo<\/li>\n<li><strong>Fecha de lectura de la tesis:<\/strong>\u00a0 02\/03\/2001<\/li>\n<\/ul>\n<p>&nbsp;<\/p>\n<h3>Direcci\u00f3n y tribunal<\/h3>\n<ul>\n<li><strong>Director de la tesis<\/strong>\n<ul>\n<li>Guillermo Vallejo Seco<\/li>\n<\/ul>\n<\/li>\n<li><strong>Tribunal<\/strong>\n<ul>\n<li>Presidente del tribunal: julio Antonio Gonzalez garcia <\/li>\n<li>Antonio Valle arias (vocal)<\/li>\n<li>Carlos Fernandez frias (vocal)<\/li>\n<li>Miguel \u00e1ngel Carbonero mart\u00edn (vocal)<\/li>\n<\/ul>\n<\/li>\n<\/ul>\n<p>&nbsp;<\/p>\n","protected":false},"excerpt":{"rendered":"<p>Tesis doctoral de Paloma Gonzalez Castro En el presente trabajo de investigacion se pretende analizar la hipoteca relacion entre una [&hellip;]<\/p>\n","protected":false},"author":1,"featured_media":0,"comment_status":"open","ping_status":"open","sticky":false,"template":"","format":"standard","meta":{"site-sidebar-layout":"default","site-content-layout":"","ast-site-content-layout":"","site-content-style":"default","site-sidebar-style":"default","ast-global-header-display":"","ast-banner-title-visibility":"","ast-main-header-display":"","ast-hfb-above-header-display":"","ast-hfb-below-header-display":"","ast-hfb-mobile-header-display":"","site-post-title":"","ast-breadcrumbs-content":"","ast-featured-img":"","footer-sml-layout":"","theme-transparent-header-meta":"","adv-header-id-meta":"","stick-header-meta":"","header-above-stick-meta":"","header-main-stick-meta":"","header-below-stick-meta":"","astra-migrate-meta-layouts":"default","ast-page-background-enabled":"default","ast-page-background-meta":{"desktop":{"background-color":"var(--ast-global-color-4)","background-image":"","background-repeat":"repeat","background-position":"center center","background-size":"auto","background-attachment":"scroll","background-type":"","background-media":"","overlay-type":"","overlay-color":"","overlay-gradient":""},"tablet":{"background-color":"","background-image":"","background-repeat":"repeat","background-position":"center center","background-size":"auto","background-attachment":"scroll","background-type":"","background-media":"","overlay-type":"","overlay-color":"","overlay-gradient":""},"mobile":{"background-color":"","background-image":"","background-repeat":"repeat","background-position":"center center","background-size":"auto","background-attachment":"scroll","background-type":"","background-media":"","overlay-type":"","overlay-color":"","overlay-gradient":""}},"ast-content-background-meta":{"desktop":{"background-color":"var(--ast-global-color-5)","background-image":"","background-repeat":"repeat","background-position":"center center","background-size":"auto","background-attachment":"scroll","background-type":"","background-media":"","overlay-type":"","overlay-color":"","overlay-gradient":""},"tablet":{"background-color":"var(--ast-global-color-5)","background-image":"","background-repeat":"repeat","background-position":"center center","background-size":"auto","background-attachment":"scroll","background-type":"","background-media":"","overlay-type":"","overlay-color":"","overlay-gradient":""},"mobile":{"background-color":"var(--ast-global-color-5)","background-image":"","background-repeat":"repeat","background-position":"center center","background-size":"auto","background-attachment":"scroll","background-type":"","background-media":"","overlay-type":"","overlay-color":"","overlay-gradient":""}},"footnotes":""},"categories":[22157,1175,8846,6920,324,970],"tags":[89823,5559,8882,21544,9470,185598],"class_list":["post-89111","post","type-post","status-publish","format-standard","hentry","category-diseno-de-experimentos-psicologicos","category-evaluacion-y-diagnostico-en-psicologia","category-oviedo","category-problemas-de-aprendizaje","category-psicologia","category-psicologia-del-nino-y-del-adolescente","tag-antonio-valle-arias","tag-carlos-fernandez-frias","tag-guillermo-vallejo-seco","tag-julio-antonio-gonzalez-garcia","tag-miguel-angel-carbonero-martin","tag-paloma-gonzalez-castro"],"_links":{"self":[{"href":"https:\/\/www.deberes.net\/tesis\/wp-json\/wp\/v2\/posts\/89111","targetHints":{"allow":["GET"]}}],"collection":[{"href":"https:\/\/www.deberes.net\/tesis\/wp-json\/wp\/v2\/posts"}],"about":[{"href":"https:\/\/www.deberes.net\/tesis\/wp-json\/wp\/v2\/types\/post"}],"author":[{"embeddable":true,"href":"https:\/\/www.deberes.net\/tesis\/wp-json\/wp\/v2\/users\/1"}],"replies":[{"embeddable":true,"href":"https:\/\/www.deberes.net\/tesis\/wp-json\/wp\/v2\/comments?post=89111"}],"version-history":[{"count":0,"href":"https:\/\/www.deberes.net\/tesis\/wp-json\/wp\/v2\/posts\/89111\/revisions"}],"wp:attachment":[{"href":"https:\/\/www.deberes.net\/tesis\/wp-json\/wp\/v2\/media?parent=89111"}],"wp:term":[{"taxonomy":"category","embeddable":true,"href":"https:\/\/www.deberes.net\/tesis\/wp-json\/wp\/v2\/categories?post=89111"},{"taxonomy":"post_tag","embeddable":true,"href":"https:\/\/www.deberes.net\/tesis\/wp-json\/wp\/v2\/tags?post=89111"}],"curies":[{"name":"wp","href":"https:\/\/api.w.org\/{rel}","templated":true}]}}