{"id":89132,"date":"2001-02-03T00:00:00","date_gmt":"2001-02-03T00:00:00","guid":{"rendered":"https:\/\/www.deberes.net\/tesis\/sin-categoria\/ingenieria-y-humanismo-la-formacion-integral-del-ingeniero-ciencia-tecnologa%c2%ada-y-sociedad\/"},"modified":"2001-02-03T00:00:00","modified_gmt":"2001-02-03T00:00:00","slug":"ingenieria-y-humanismo-la-formacion-integral-del-ingeniero-ciencia-tecnologa%c2%ada-y-sociedad","status":"publish","type":"post","link":"https:\/\/www.deberes.net\/tesis\/etica\/ingenieria-y-humanismo-la-formacion-integral-del-ingeniero-ciencia-tecnologa%c2%ada-y-sociedad\/","title":{"rendered":"Ingenier\u00eda y humanismo: la formaci\u00f3n integral del ingeniero. ciencia, tecnolog\u00eda y sociedad"},"content":{"rendered":"<h2>Tesis doctoral de <strong>  Moreno Fern\u00e1ndez De Yepes Miguel Angel <\/strong><\/h2>\n<p>La civilizaci\u00f3n que estamos viviendo es eminentemente cient\u00edfica y tecnol\u00f3gica. la ciencia y la tecnolog\u00eda son cada vez m\u00e1s poderosas y peligrosas. Sus avances no van acompa\u00f1ados de avances similares de la ciencias sociales y humanidades. La ingenier\u00eda, como s\u00edntesis de los conocimientos cient\u00edficos, tecnol\u00f3gicos, sociales y human\u00edsticos no puede ser ajena a esta problem\u00e1tica.  la investigaci\u00f3n y an\u00e1lisis de estos hechos, desde la visi\u00f3n interdisciplinar de la ingenier\u00eda y el humanismo, y su relaci\u00f3n con la formaci\u00f3n de los ingenieros es el objeto de esta tesis. Ciencia, tecnolog\u00eda y sociedad como elementos de una misma unidad, el ser humano.  la tesis se divide en tres partes.  una primera en la que se definen los conceptos b\u00e1sicos y terminolog\u00eda utilizada. para ello se han investigado y definido los conceptos y dierencias entre t\u00e9cnico e ingeniero; humanismo tradicional y contempor\u00e1neo; la gradaci\u00f3n l\u00f3gica del conocimiento y de las ideas, es decir, idea clara, distinta, completa y exacta; el concepto de pluridisciplinaridad, multidisciplinaridad, interdisciplinaridad y transdiciplinaridad cient\u00edfica; el paradigma sist\u00e9mico y sistema, desde la teor\u00eda general de sistemas; la unidad del saber; el di\u00e1logo, tanto en su objeto como en su forma o metodolog\u00eda; el concepto moderno de hombre desde la antropolog\u00eda como principio y fin de la ingenier\u00eda; y por \u00faltimo, un breve repaso a la filosof\u00eda de los valores como fundamento metodol\u00f3gico y epistemol\u00f3gico de este trabajo.  la segunda parte, se centra en la investigaci\u00f3n y definici\u00f3n de lo que es el humanismo moderno. Para ello se ha interpretado el hecho hist\u00f3rico de la revoluci\u00f3n industrial, como el principio del que nace una nueva civilizaci\u00f3n y concepto de hombre, lo que nos ha permitido investigar, definir y completar lo que podr\u00eda ser el sistema de valores b\u00e1sicos o fundamentales de la civilizaci\u00f3n contempor\u00e1nea y el concepto m\u00e1s nuevo y origin<\/p>\n<p>&nbsp;<\/p>\n<h3>Datos acad\u00e9micos de la tesis doctoral \u00ab<strong>Ingenier\u00eda y humanismo: la formaci\u00f3n integral del ingeniero. ciencia, tecnolog\u00eda y sociedad<\/strong>\u00ab<\/h3>\n<ul>\n<li><strong>T\u00edtulo de la tesis:<\/strong>\u00a0 Ingenier\u00eda y humanismo: la formaci\u00f3n integral del ingeniero. ciencia, tecnolog\u00eda y sociedad <\/li>\n<li><strong>Autor:<\/strong>\u00a0  Moreno Fern\u00e1ndez De Yepes Miguel Angel <\/li>\n<li><strong>Universidad:<\/strong>\u00a0 Polit\u00e9cnica de Madrid<\/li>\n<li><strong>Fecha de lectura de la tesis:<\/strong>\u00a0 02\/03\/2001<\/li>\n<\/ul>\n<p>&nbsp;<\/p>\n<h3>Direcci\u00f3n y tribunal<\/h3>\n<ul>\n<li><strong>Director de la tesis<\/strong>\n<ul>\n<li>Rafael Heredia Scasso<\/li>\n<\/ul>\n<\/li>\n<li><strong>Tribunal<\/strong>\n<ul>\n<li>Presidente del tribunal: enrique Alarcon alvarez <\/li>\n<li>Juan  Jos\u00e9 Benito mu\u00f1oz (vocal)<\/li>\n<li>Carlos Vera \u00e1lvarez (vocal)<\/li>\n<li>Jos\u00e9 Dom\u00ednguez abascal (vocal)<\/li>\n<\/ul>\n<\/li>\n<\/ul>\n<p>&nbsp;<\/p>\n","protected":false},"excerpt":{"rendered":"<p>Tesis doctoral de Moreno Fern\u00e1ndez De Yepes Miguel Angel La civilizaci\u00f3n que estamos viviendo es eminentemente cient\u00edfica y tecnol\u00f3gica. la [&hellip;]<\/p>\n","protected":false},"author":1,"featured_media":0,"comment_status":"open","ping_status":"open","sticky":false,"template":"","format":"standard","meta":{"site-sidebar-layout":"default","site-content-layout":"","ast-site-content-layout":"","site-content-style":"default","site-sidebar-style":"default","ast-global-header-display":"","ast-banner-title-visibility":"","ast-main-header-display":"","ast-hfb-above-header-display":"","ast-hfb-below-header-display":"","ast-hfb-mobile-header-display":"","site-post-title":"","ast-breadcrumbs-content":"","ast-featured-img":"","footer-sml-layout":"","theme-transparent-header-meta":"","adv-header-id-meta":"","stick-header-meta":"","header-above-stick-meta":"","header-main-stick-meta":"","header-below-stick-meta":"","astra-migrate-meta-layouts":"default","ast-page-background-enabled":"default","ast-page-background-meta":{"desktop":{"background-color":"var(--ast-global-color-4)","background-image":"","background-repeat":"repeat","background-position":"center center","background-size":"auto","background-attachment":"scroll","background-type":"","background-media":"","overlay-type":"","overlay-color":"","overlay-gradient":""},"tablet":{"background-color":"","background-image":"","background-repeat":"repeat","background-position":"center center","background-size":"auto","background-attachment":"scroll","background-type":"","background-media":"","overlay-type":"","overlay-color":"","overlay-gradient":""},"mobile":{"background-color":"","background-image":"","background-repeat":"repeat","background-position":"center center","background-size":"auto","background-attachment":"scroll","background-type":"","background-media":"","overlay-type":"","overlay-color":"","overlay-gradient":""}},"ast-content-background-meta":{"desktop":{"background-color":"var(--ast-global-color-5)","background-image":"","background-repeat":"repeat","background-position":"center center","background-size":"auto","background-attachment":"scroll","background-type":"","background-media":"","overlay-type":"","overlay-color":"","overlay-gradient":""},"tablet":{"background-color":"var(--ast-global-color-5)","background-image":"","background-repeat":"repeat","background-position":"center center","background-size":"auto","background-attachment":"scroll","background-type":"","background-media":"","overlay-type":"","overlay-color":"","overlay-gradient":""},"mobile":{"background-color":"var(--ast-global-color-5)","background-image":"","background-repeat":"repeat","background-position":"center center","background-size":"auto","background-attachment":"scroll","background-type":"","background-media":"","overlay-type":"","overlay-color":"","overlay-gradient":""}},"footnotes":""},"categories":[8646,17875,23361,16008],"tags":[13284,5018,11117,44951,185638,13116],"class_list":["post-89132","post","type-post","status-publish","format-standard","hentry","category-etica","category-etica-de-grupo","category-etica-de-la-ciencia","category-politecnica-de-madrid","tag-carlos-vera-alvarez","tag-enrique-alarcon-alvarez","tag-jose-dominguez-abascal","tag-juan-jose-benito-munoz","tag-moreno-fernandez-de-yepes-miguel-angel","tag-rafael-heredia-scasso"],"_links":{"self":[{"href":"https:\/\/www.deberes.net\/tesis\/wp-json\/wp\/v2\/posts\/89132","targetHints":{"allow":["GET"]}}],"collection":[{"href":"https:\/\/www.deberes.net\/tesis\/wp-json\/wp\/v2\/posts"}],"about":[{"href":"https:\/\/www.deberes.net\/tesis\/wp-json\/wp\/v2\/types\/post"}],"author":[{"embeddable":true,"href":"https:\/\/www.deberes.net\/tesis\/wp-json\/wp\/v2\/users\/1"}],"replies":[{"embeddable":true,"href":"https:\/\/www.deberes.net\/tesis\/wp-json\/wp\/v2\/comments?post=89132"}],"version-history":[{"count":0,"href":"https:\/\/www.deberes.net\/tesis\/wp-json\/wp\/v2\/posts\/89132\/revisions"}],"wp:attachment":[{"href":"https:\/\/www.deberes.net\/tesis\/wp-json\/wp\/v2\/media?parent=89132"}],"wp:term":[{"taxonomy":"category","embeddable":true,"href":"https:\/\/www.deberes.net\/tesis\/wp-json\/wp\/v2\/categories?post=89132"},{"taxonomy":"post_tag","embeddable":true,"href":"https:\/\/www.deberes.net\/tesis\/wp-json\/wp\/v2\/tags?post=89132"}],"curies":[{"name":"wp","href":"https:\/\/api.w.org\/{rel}","templated":true}]}}