{"id":89164,"date":"2001-06-03T00:00:00","date_gmt":"2001-06-03T00:00:00","guid":{"rendered":"https:\/\/www.deberes.net\/tesis\/sin-categoria\/profilaxis-tromboembolica-en-la-fibrilacion-auricular-analisis-de-5-anos-de-seguimiento-ambulatorio-en-un-area-centro-de-espana-madrid\/"},"modified":"2001-06-03T00:00:00","modified_gmt":"2001-06-03T00:00:00","slug":"profilaxis-tromboembolica-en-la-fibrilacion-auricular-analisis-de-5-anos-de-seguimiento-ambulatorio-en-un-area-centro-de-espana-madrid","status":"publish","type":"post","link":"https:\/\/www.deberes.net\/tesis\/ciencias-medicas\/profilaxis-tromboembolica-en-la-fibrilacion-auricular-analisis-de-5-anos-de-seguimiento-ambulatorio-en-un-area-centro-de-espana-madrid\/","title":{"rendered":"Profilaxis tromboemb\u00f3lica en la fibrilacion auricular. analisis de 5 a\u00f1os de seguimiento ambulatorio en un area: centro de espa\u00f1a (Madrid)."},"content":{"rendered":"<h2>Tesis doctoral de <strong> Francisco Javier Candel  Gonzalez <\/strong><\/h2>\n<p>La fibrilaci\u00f3n auricular continua siendo un problema m\u00e9dico de primera magnitud, debido en gran medida a sus consecuencias fisiopatol\u00f3gicas. Entre ellas queremos destacar el elevado riesgo emb\u00f3lico que conlleva. Son numerosos los estudios que demuestran la mayor eficacia de la anticoagulaci\u00f3n con respecto a la antiagregaci\u00f3n o la ausencia de profilaxis, sin embargo, el empleo de los anticoagulantes est\u00e1 infrautilizado en nuestros medio. el presente estudio es un an\u00e1lisis retrospectivo del tipo de profilaxis tromboemb\u00f3lica utilizada en una cohorte de pacientes en un \u00e1rea c\u00e9ntrica de Madrid (\u00e1rea de chamber\u00ed) y sus consecuencias emb\u00f3licas a lo largo de cinco a\u00f1os, tambi\u00e9n se analiz\u00f3 el \u00edndice de sangrados y la mortalidad. las conclusiones del presente estudio reflejaron una mayor efectividad de la terapia anticoagulante en t\u00e9rminos de disminuci\u00f3n del evento emb\u00f3lico y una disminuci\u00f3n de la mortalidad. No se objetivaron diferencias estad\u00edsticamente significativas en t\u00e9rminos de sangrado en el grupo anticoagulado con respecto al grupo antiagregado o al grupo sin profilaxis. La antiagreagaci\u00f3n demostr\u00f3 ser m\u00e1s efectiva que la ausencia de tratamiento en t\u00e9rminos de disminuci\u00f3n del evento emb\u00f3lico y mortalidad. adem\u00e1s se constat\u00f3 una infrautilizaci\u00f3n de la anticoagulaci\u00f3n oral al inicio del seguimiento que se cifraba en torno al 12% en la fibrilaci\u00f3n auricular no valvular y al 37% en la fibrilaci\u00f3n auricular valvular. Estas cifras se incrementaron al concluir el seguimiento a un 25% en las no valvulares y un 61% en valvulares.<\/p>\n<p>&nbsp;<\/p>\n<h3>Datos acad\u00e9micos de la tesis doctoral \u00ab<strong>Profilaxis tromboemb\u00f3lica en la fibrilacion auricular. analisis de 5 a\u00f1os de seguimiento ambulatorio en un area: centro de espa\u00f1a (Madrid).<\/strong>\u00ab<\/h3>\n<ul>\n<li><strong>T\u00edtulo de la tesis:<\/strong>\u00a0 Profilaxis tromboemb\u00f3lica en la fibrilacion auricular. analisis de 5 a\u00f1os de seguimiento ambulatorio en un area: centro de espa\u00f1a (Madrid). <\/li>\n<li><strong>Autor:<\/strong>\u00a0 Francisco Javier Candel  Gonzalez <\/li>\n<li><strong>Universidad:<\/strong>\u00a0 Complutense de Madrid<\/li>\n<li><strong>Fecha de lectura de la tesis:<\/strong>\u00a0 06\/03\/2001<\/li>\n<\/ul>\n<p>&nbsp;<\/p>\n<h3>Direcci\u00f3n y tribunal<\/h3>\n<ul>\n<li><strong>Director de la tesis<\/strong>\n<ul>\n<li>Indalecio Candel Monserrate<\/li>\n<\/ul>\n<\/li>\n<li><strong>Tribunal<\/strong>\n<ul>\n<li>Presidente del tribunal: jose De portugal  alvarez <\/li>\n<li>Juan  Jos\u00e9 V\u00e1zquez rodr\u00edguez (vocal)<\/li>\n<li>Luis Fernando Carballo alvarez (vocal)<\/li>\n<li>julio De la morena fern\u00e1ndez (vocal)<\/li>\n<\/ul>\n<\/li>\n<\/ul>\n<p>&nbsp;<\/p>\n","protected":false},"excerpt":{"rendered":"<p>Tesis doctoral de Francisco Javier Candel Gonzalez La fibrilaci\u00f3n auricular continua siendo un problema m\u00e9dico de primera magnitud, debido en [&hellip;]<\/p>\n","protected":false},"author":1,"featured_media":0,"comment_status":"open","ping_status":"open","sticky":false,"template":"","format":"standard","meta":{"site-sidebar-layout":"default","site-content-layout":"","ast-site-content-layout":"","site-content-style":"default","site-sidebar-style":"default","ast-global-header-display":"","ast-banner-title-visibility":"","ast-main-header-display":"","ast-hfb-above-header-display":"","ast-hfb-below-header-display":"","ast-hfb-mobile-header-display":"","site-post-title":"","ast-breadcrumbs-content":"","ast-featured-img":"","footer-sml-layout":"","theme-transparent-header-meta":"","adv-header-id-meta":"","stick-header-meta":"","header-above-stick-meta":"","header-main-stick-meta":"","header-below-stick-meta":"","astra-migrate-meta-layouts":"default","ast-page-background-enabled":"default","ast-page-background-meta":{"desktop":{"background-color":"var(--ast-global-color-4)","background-image":"","background-repeat":"repeat","background-position":"center center","background-size":"auto","background-attachment":"scroll","background-type":"","background-media":"","overlay-type":"","overlay-color":"","overlay-gradient":""},"tablet":{"background-color":"","background-image":"","background-repeat":"repeat","background-position":"center center","background-size":"auto","background-attachment":"scroll","background-type":"","background-media":"","overlay-type":"","overlay-color":"","overlay-gradient":""},"mobile":{"background-color":"","background-image":"","background-repeat":"repeat","background-position":"center center","background-size":"auto","background-attachment":"scroll","background-type":"","background-media":"","overlay-type":"","overlay-color":"","overlay-gradient":""}},"ast-content-background-meta":{"desktop":{"background-color":"var(--ast-global-color-5)","background-image":"","background-repeat":"repeat","background-position":"center center","background-size":"auto","background-attachment":"scroll","background-type":"","background-media":"","overlay-type":"","overlay-color":"","overlay-gradient":""},"tablet":{"background-color":"var(--ast-global-color-5)","background-image":"","background-repeat":"repeat","background-position":"center center","background-size":"auto","background-attachment":"scroll","background-type":"","background-media":"","overlay-type":"","overlay-color":"","overlay-gradient":""},"mobile":{"background-color":"var(--ast-global-color-5)","background-image":"","background-repeat":"repeat","background-position":"center center","background-size":"auto","background-attachment":"scroll","background-type":"","background-media":"","overlay-type":"","overlay-color":"","overlay-gradient":""}},"footnotes":""},"categories":[9,139,156,1601],"tags":[185690,94282,9552,4860,5696,7630],"class_list":["post-89164","post","type-post","status-publish","format-standard","hentry","category-ciencias-medicas","category-medicina-interna","category-patologia","category-patologia-cardiovascular","tag-francisco-javier-candel-gonzalez","tag-indalecio-candel-monserrate","tag-jose-de-portugal-alvarez","tag-juan-jose-vazquez-rodriguez","tag-julio-de-la-morena-fernandez","tag-luis-fernando-carballo-alvarez"],"_links":{"self":[{"href":"https:\/\/www.deberes.net\/tesis\/wp-json\/wp\/v2\/posts\/89164","targetHints":{"allow":["GET"]}}],"collection":[{"href":"https:\/\/www.deberes.net\/tesis\/wp-json\/wp\/v2\/posts"}],"about":[{"href":"https:\/\/www.deberes.net\/tesis\/wp-json\/wp\/v2\/types\/post"}],"author":[{"embeddable":true,"href":"https:\/\/www.deberes.net\/tesis\/wp-json\/wp\/v2\/users\/1"}],"replies":[{"embeddable":true,"href":"https:\/\/www.deberes.net\/tesis\/wp-json\/wp\/v2\/comments?post=89164"}],"version-history":[{"count":0,"href":"https:\/\/www.deberes.net\/tesis\/wp-json\/wp\/v2\/posts\/89164\/revisions"}],"wp:attachment":[{"href":"https:\/\/www.deberes.net\/tesis\/wp-json\/wp\/v2\/media?parent=89164"}],"wp:term":[{"taxonomy":"category","embeddable":true,"href":"https:\/\/www.deberes.net\/tesis\/wp-json\/wp\/v2\/categories?post=89164"},{"taxonomy":"post_tag","embeddable":true,"href":"https:\/\/www.deberes.net\/tesis\/wp-json\/wp\/v2\/tags?post=89164"}],"curies":[{"name":"wp","href":"https:\/\/api.w.org\/{rel}","templated":true}]}}