{"id":89217,"date":"2001-09-03T00:00:00","date_gmt":"2001-09-03T00:00:00","guid":{"rendered":"https:\/\/www.deberes.net\/tesis\/sin-categoria\/el-proces-de-converga%c2%a8ncia-de-les-pola%c2%actiques-tua%c2%acstiques-de-la-unia%c2%b2-europea\/"},"modified":"2001-09-03T00:00:00","modified_gmt":"2001-09-03T00:00:00","slug":"el-proces-de-converga%c2%a8ncia-de-les-pola%c2%actiques-tua%c2%acstiques-de-la-unia%c2%b2-europea","status":"publish","type":"post","link":"https:\/\/www.deberes.net\/tesis\/ciencias-juridicas-y-derecho\/el-proces-de-converga%c2%a8ncia-de-les-pola%c2%actiques-tua%c2%acstiques-de-la-unia%c2%b2-europea\/","title":{"rendered":"El proc\u00e9s de converg\u00e9ncia de les pol\u00c1\u00actiques tu\u00c1\u00acstiques de la uni\u00f3 europea"},"content":{"rendered":"<h2>Tesis doctoral de <strong> Ram\u00f3n Arcarons Sim\u00f3n <\/strong><\/h2>\n<p>&nbsp;<\/p>\n<h3>Datos acad\u00e9micos de la tesis doctoral \u00ab<strong>El proc\u00e9s de converg\u00e9ncia de les pol\u00c1\u00actiques tu\u00c1\u00acstiques de la uni\u00f3 europea<\/strong>\u00ab<\/h3>\n<ul>\n<li><strong>T\u00edtulo de la tesis:<\/strong>\u00a0 El proc\u00e9s de converg\u00e9ncia de les pol\u00c1\u00actiques tu\u00c1\u00acstiques de la uni\u00f3 europea <\/li>\n<li><strong>Autor:<\/strong>\u00a0 Ram\u00f3n Arcarons Sim\u00f3n <\/li>\n<li><strong>Universidad:<\/strong>\u00a0 Barcelona<\/li>\n<li><strong>Fecha de lectura de la tesis:<\/strong>\u00a0 09\/03\/2001<\/li>\n<\/ul>\n<p>&nbsp;<\/p>\n<h3>Direcci\u00f3n y tribunal<\/h3>\n<ul>\n<li><strong>Director de la tesis<\/strong>\n<ul>\n<li>Ramon Vi\u00f1as Farre<\/li>\n<\/ul>\n<\/li>\n<li><strong>Tribunal<\/strong>\n<ul>\n<li>Presidente del tribunal: joan Tugores ques <\/li>\n<li>andreu Olesu rayo (vocal)<\/li>\n<li>inocencio Garcia velasco (vocal)<\/li>\n<li>Mar\u00eda  Jes\u00fas Montoro chiner (vocal)<\/li>\n<\/ul>\n<\/li>\n<\/ul>\n<p>&nbsp;<\/p>\n","protected":false},"excerpt":{"rendered":"<p>Tesis doctoral de Ram\u00f3n Arcarons Sim\u00f3n &nbsp; Datos acad\u00e9micos de la tesis doctoral \u00abEl proc\u00e9s de converg\u00e9ncia de les pol\u00c1\u00actiques [&hellip;]<\/p>\n","protected":false},"author":1,"featured_media":0,"comment_status":"open","ping_status":"open","sticky":false,"template":"","format":"standard","meta":{"site-sidebar-layout":"default","site-content-layout":"","ast-site-content-layout":"","site-content-style":"default","site-sidebar-style":"default","ast-global-header-display":"","ast-banner-title-visibility":"","ast-main-header-display":"","ast-hfb-above-header-display":"","ast-hfb-below-header-display":"","ast-hfb-mobile-header-display":"","site-post-title":"","ast-breadcrumbs-content":"","ast-featured-img":"","footer-sml-layout":"","theme-transparent-header-meta":"","adv-header-id-meta":"","stick-header-meta":"","header-above-stick-meta":"","header-main-stick-meta":"","header-below-stick-meta":"","astra-migrate-meta-layouts":"default","ast-page-background-enabled":"default","ast-page-background-meta":{"desktop":{"background-color":"var(--ast-global-color-4)","background-image":"","background-repeat":"repeat","background-position":"center center","background-size":"auto","background-attachment":"scroll","background-type":"","background-media":"","overlay-type":"","overlay-color":"","overlay-gradient":""},"tablet":{"background-color":"","background-image":"","background-repeat":"repeat","background-position":"center center","background-size":"auto","background-attachment":"scroll","background-type":"","background-media":"","overlay-type":"","overlay-color":"","overlay-gradient":""},"mobile":{"background-color":"","background-image":"","background-repeat":"repeat","background-position":"center center","background-size":"auto","background-attachment":"scroll","background-type":"","background-media":"","overlay-type":"","overlay-color":"","overlay-gradient":""}},"ast-content-background-meta":{"desktop":{"background-color":"var(--ast-global-color-5)","background-image":"","background-repeat":"repeat","background-position":"center center","background-size":"auto","background-attachment":"scroll","background-type":"","background-media":"","overlay-type":"","overlay-color":"","overlay-gradient":""},"tablet":{"background-color":"var(--ast-global-color-5)","background-image":"","background-repeat":"repeat","background-position":"center center","background-size":"auto","background-attachment":"scroll","background-type":"","background-media":"","overlay-type":"","overlay-color":"","overlay-gradient":""},"mobile":{"background-color":"var(--ast-global-color-5)","background-image":"","background-repeat":"repeat","background-position":"center center","background-size":"auto","background-attachment":"scroll","background-type":"","background-media":"","overlay-type":"","overlay-color":"","overlay-gradient":""}},"footnotes":""},"categories":[951,838,612,1211,6334,15032,839],"tags":[185768,27387,10285,114708,185767,42844],"class_list":["post-89217","post","type-post","status-publish","format-standard","hentry","category-barcelona","category-ciencia-politica","category-ciencias-juridicas-y-derecho","category-derecho-internacional","category-derecho-internacional-publico","category-politica-economica","category-politicas-sectoriales","tag-andreu-olesu-rayo","tag-inocencio-garcia-velasco","tag-joan-tugores-ques","tag-maria-jesus-montoro-chiner","tag-ramon-arcarons-simon","tag-ramon-vinas-farre"],"_links":{"self":[{"href":"https:\/\/www.deberes.net\/tesis\/wp-json\/wp\/v2\/posts\/89217","targetHints":{"allow":["GET"]}}],"collection":[{"href":"https:\/\/www.deberes.net\/tesis\/wp-json\/wp\/v2\/posts"}],"about":[{"href":"https:\/\/www.deberes.net\/tesis\/wp-json\/wp\/v2\/types\/post"}],"author":[{"embeddable":true,"href":"https:\/\/www.deberes.net\/tesis\/wp-json\/wp\/v2\/users\/1"}],"replies":[{"embeddable":true,"href":"https:\/\/www.deberes.net\/tesis\/wp-json\/wp\/v2\/comments?post=89217"}],"version-history":[{"count":0,"href":"https:\/\/www.deberes.net\/tesis\/wp-json\/wp\/v2\/posts\/89217\/revisions"}],"wp:attachment":[{"href":"https:\/\/www.deberes.net\/tesis\/wp-json\/wp\/v2\/media?parent=89217"}],"wp:term":[{"taxonomy":"category","embeddable":true,"href":"https:\/\/www.deberes.net\/tesis\/wp-json\/wp\/v2\/categories?post=89217"},{"taxonomy":"post_tag","embeddable":true,"href":"https:\/\/www.deberes.net\/tesis\/wp-json\/wp\/v2\/tags?post=89217"}],"curies":[{"name":"wp","href":"https:\/\/api.w.org\/{rel}","templated":true}]}}