{"id":89259,"date":"2001-12-03T00:00:00","date_gmt":"2001-12-03T00:00:00","guid":{"rendered":"https:\/\/www.deberes.net\/tesis\/sin-categoria\/imaginarios-sociales-y-critica-ideologica\/"},"modified":"2001-12-03T00:00:00","modified_gmt":"2001-12-03T00:00:00","slug":"imaginarios-sociales-y-critica-ideologica","status":"publish","type":"post","link":"https:\/\/www.deberes.net\/tesis\/sociologia\/imaginarios-sociales-y-critica-ideologica\/","title":{"rendered":"Imaginarios sociales y critica ideologica"},"content":{"rendered":"<h2>Tesis doctoral de <strong>  Carretero Pasin Angel Enrique <\/strong><\/h2>\n<p>Esta investigaci\u00f3n se inscribe en la tem\u00e1taica cl\u00e1sica conocida como cr\u00edtica de la ideolog\u00eda, campo de estudio en el que coonfluyen la filosof\u00eda y la teor\u00eda sociol\u00f3gica. Busca repensar la noci\u00f3n de ideolog\u00eda, de profunda raigambre marxista,  apartir del utillaje te\u00f3rico propuesto por el innovador concepto de imaginario social. Por razones de familiaridad intelectual y una obvia acotaci\u00f3n del trabajo, se ha restringido la investigaci\u00f3n del imaginario social al espec\u00edfico \u00e1mbito de pensamiento franc\u00e9s contempor\u00e1neo (castoriadis, blandier, ledrut y maffesoli).  a partir de una contrastaci\u00f3n te\u00f3rica con las formulaciones planteadas en su momento por marx y althusser, se pretende cuestionar la ontolog\u00eda y epistemolog\u00eda impl\u00edticitas en el modelo de cr\u00edtica ideol\u00f3gica presente en la tradici\u00f3n marxista. Para ello, teniendo en cuenta la pluralidad de perspectivas que acoge la noci\u00f3n de imaginario social, se ha tomado partido por aquella que lo liga a los procesos de construcci\u00f3n social de la realidad y desde un modelo constructivista. En este sentido, se trata de acercarse a la comprensi\u00f3n de los complejos mecansimso de legitimaci\u00f3n del orden social imperantes en las sociedades del capitalismo avanzado, teniendo especialmente presente que lo definitorio de \u00e9stas vendr\u00eda dado por una mediatizaci\u00f3n generalizada de la experiencia social.<\/p>\n<p>&nbsp;<\/p>\n<h3>Datos acad\u00e9micos de la tesis doctoral \u00ab<strong>Imaginarios sociales y critica ideologica<\/strong>\u00ab<\/h3>\n<ul>\n<li><strong>T\u00edtulo de la tesis:<\/strong>\u00a0 Imaginarios sociales y critica ideologica <\/li>\n<li><strong>Autor:<\/strong>\u00a0  Carretero Pasin Angel Enrique <\/li>\n<li><strong>Universidad:<\/strong>\u00a0 Santiago de compostela<\/li>\n<li><strong>Fecha de lectura de la tesis:<\/strong>\u00a0 12\/03\/2001<\/li>\n<\/ul>\n<p>&nbsp;<\/p>\n<h3>Direcci\u00f3n y tribunal<\/h3>\n<ul>\n<li><strong>Director de la tesis<\/strong>\n<ul>\n<li>naharro Pintos De Cea<\/li>\n<\/ul>\n<\/li>\n<li><strong>Tribunal<\/strong>\n<ul>\n<li>Presidente del tribunal: Luis Garc\u00eda soto <\/li>\n<li>josetxo Beriain (vocal)<\/li>\n<li>Antonio Baeza manuel (vocal)<\/li>\n<li>Luis Castro nogueira (vocal)<\/li>\n<\/ul>\n<\/li>\n<\/ul>\n<p>&nbsp;<\/p>\n","protected":false},"excerpt":{"rendered":"<p>Tesis doctoral de Carretero Pasin Angel Enrique Esta investigaci\u00f3n se inscribe en la tem\u00e1taica cl\u00e1sica conocida como cr\u00edtica de la [&hellip;]<\/p>\n","protected":false},"author":1,"featured_media":0,"comment_status":"open","ping_status":"open","sticky":false,"template":"","format":"standard","meta":{"site-sidebar-layout":"default","site-content-layout":"","ast-site-content-layout":"","site-content-style":"default","site-sidebar-style":"default","ast-global-header-display":"","ast-banner-title-visibility":"","ast-main-header-display":"","ast-hfb-above-header-display":"","ast-hfb-below-header-display":"","ast-hfb-mobile-header-display":"","site-post-title":"","ast-breadcrumbs-content":"","ast-featured-img":"","footer-sml-layout":"","theme-transparent-header-meta":"","adv-header-id-meta":"","stick-header-meta":"","header-above-stick-meta":"","header-main-stick-meta":"","header-below-stick-meta":"","astra-migrate-meta-layouts":"default","ast-page-background-enabled":"default","ast-page-background-meta":{"desktop":{"background-color":"var(--ast-global-color-4)","background-image":"","background-repeat":"repeat","background-position":"center center","background-size":"auto","background-attachment":"scroll","background-type":"","background-media":"","overlay-type":"","overlay-color":"","overlay-gradient":""},"tablet":{"background-color":"","background-image":"","background-repeat":"repeat","background-position":"center center","background-size":"auto","background-attachment":"scroll","background-type":"","background-media":"","overlay-type":"","overlay-color":"","overlay-gradient":""},"mobile":{"background-color":"","background-image":"","background-repeat":"repeat","background-position":"center center","background-size":"auto","background-attachment":"scroll","background-type":"","background-media":"","overlay-type":"","overlay-color":"","overlay-gradient":""}},"ast-content-background-meta":{"desktop":{"background-color":"var(--ast-global-color-5)","background-image":"","background-repeat":"repeat","background-position":"center center","background-size":"auto","background-attachment":"scroll","background-type":"","background-media":"","overlay-type":"","overlay-color":"","overlay-gradient":""},"tablet":{"background-color":"var(--ast-global-color-5)","background-image":"","background-repeat":"repeat","background-position":"center center","background-size":"auto","background-attachment":"scroll","background-type":"","background-media":"","overlay-type":"","overlay-color":"","overlay-gradient":""},"mobile":{"background-color":"var(--ast-global-color-5)","background-image":"","background-repeat":"repeat","background-position":"center center","background-size":"auto","background-attachment":"scroll","background-type":"","background-media":"","overlay-type":"","overlay-color":"","overlay-gradient":""}},"footnotes":""},"categories":[12931,977,269,2232,270,17329],"tags":[185825,185824,77268,97820,34890,5540],"class_list":["post-89259","post","type-post","status-publish","format-standard","hentry","category-relaciones-culturales","category-santiago-de-compostela","category-sociologia","category-sociologia-cultural","category-sociologia-general","category-teoria-sociologica","tag-antonio-baeza-manuel","tag-carretero-pasin-angel-enrique","tag-josetxo-beriain","tag-luis-castro-nogueira","tag-luis-garcia-soto","tag-naharro-pintos-de-cea"],"_links":{"self":[{"href":"https:\/\/www.deberes.net\/tesis\/wp-json\/wp\/v2\/posts\/89259","targetHints":{"allow":["GET"]}}],"collection":[{"href":"https:\/\/www.deberes.net\/tesis\/wp-json\/wp\/v2\/posts"}],"about":[{"href":"https:\/\/www.deberes.net\/tesis\/wp-json\/wp\/v2\/types\/post"}],"author":[{"embeddable":true,"href":"https:\/\/www.deberes.net\/tesis\/wp-json\/wp\/v2\/users\/1"}],"replies":[{"embeddable":true,"href":"https:\/\/www.deberes.net\/tesis\/wp-json\/wp\/v2\/comments?post=89259"}],"version-history":[{"count":0,"href":"https:\/\/www.deberes.net\/tesis\/wp-json\/wp\/v2\/posts\/89259\/revisions"}],"wp:attachment":[{"href":"https:\/\/www.deberes.net\/tesis\/wp-json\/wp\/v2\/media?parent=89259"}],"wp:term":[{"taxonomy":"category","embeddable":true,"href":"https:\/\/www.deberes.net\/tesis\/wp-json\/wp\/v2\/categories?post=89259"},{"taxonomy":"post_tag","embeddable":true,"href":"https:\/\/www.deberes.net\/tesis\/wp-json\/wp\/v2\/tags?post=89259"}],"curies":[{"name":"wp","href":"https:\/\/api.w.org\/{rel}","templated":true}]}}