{"id":89275,"date":"2001-12-03T00:00:00","date_gmt":"2001-12-03T00:00:00","guid":{"rendered":"https:\/\/www.deberes.net\/tesis\/sin-categoria\/cien-anos-de-ensenanza-secundaria-en-cervera-1842-1941\/"},"modified":"2001-12-03T00:00:00","modified_gmt":"2001-12-03T00:00:00","slug":"cien-anos-de-ensenanza-secundaria-en-cervera-1842-1941","status":"publish","type":"post","link":"https:\/\/www.deberes.net\/tesis\/historia\/cien-anos-de-ensenanza-secundaria-en-cervera-1842-1941\/","title":{"rendered":"Cien a\u00f1os de ense\u00f1anza secundaria en cervera 1842-1941"},"content":{"rendered":"<h2>Tesis doctoral de <strong> Albert Llona Porredon <\/strong><\/h2>\n<p>Estudio de tipo hist\u00f3rico-educativo y documental que recoge el conjunto de disposicones legislativas y normativas que constituyen el marco legal en que se desenvuelve la actividad de los centros de ense\u00f1anza secundaria durante el periodo comprendidio entre los a\u00f1os 1842 a 1941. Analiza el desarrollo acad\u00e9mico de las instituciones docentes de ense\u00f1anza secundaria de la ciudad de cervera durante el periodo indicado y relaciona la acci\u00f3n docente con el contexto social, pol\u00edtico, cultural y econ\u00f3mico de dicha ciudad y extrae las oportunas conclusiones.<\/p>\n<p>&nbsp;<\/p>\n<h3>Datos acad\u00e9micos de la tesis doctoral \u00ab<strong>Cien a\u00f1os de ense\u00f1anza secundaria en cervera 1842-1941<\/strong>\u00ab<\/h3>\n<ul>\n<li><strong>T\u00edtulo de la tesis:<\/strong>\u00a0 Cien a\u00f1os de ense\u00f1anza secundaria en cervera 1842-1941 <\/li>\n<li><strong>Autor:<\/strong>\u00a0 Albert Llona Porredon <\/li>\n<li><strong>Universidad:<\/strong>\u00a0 Nacional de educaci\u00f3n a distancia<\/li>\n<li><strong>Fecha de lectura de la tesis:<\/strong>\u00a0 12\/03\/2001<\/li>\n<\/ul>\n<p>&nbsp;<\/p>\n<h3>Direcci\u00f3n y tribunal<\/h3>\n<ul>\n<li><strong>Director de la tesis<\/strong>\n<ul>\n<li>Florentino Sanz Fernandez<\/li>\n<\/ul>\n<\/li>\n<li><strong>Tribunal<\/strong>\n<ul>\n<li>Presidente del tribunal: Jos\u00e9 Mar\u00eda Quintana cabanas <\/li>\n<li>francesc Pedr\u00f3 Garc\u00eda (vocal)<\/li>\n<li>aurora Gutierrez redondo (vocal)<\/li>\n<li>Mar\u00eda  carmen Labrador herr\u00e1iz (vocal)<\/li>\n<\/ul>\n<\/li>\n<\/ul>\n<p>&nbsp;<\/p>\n","protected":false},"excerpt":{"rendered":"<p>Tesis doctoral de Albert Llona Porredon Estudio de tipo hist\u00f3rico-educativo y documental que recoge el conjunto de disposicones legislativas y [&hellip;]<\/p>\n","protected":false},"author":1,"featured_media":0,"comment_status":"open","ping_status":"open","sticky":false,"template":"","format":"standard","meta":{"site-sidebar-layout":"default","site-content-layout":"","ast-site-content-layout":"","site-content-style":"default","site-sidebar-style":"default","ast-global-header-display":"","ast-banner-title-visibility":"","ast-main-header-display":"","ast-hfb-above-header-display":"","ast-hfb-below-header-display":"","ast-hfb-mobile-header-display":"","site-post-title":"","ast-breadcrumbs-content":"","ast-featured-img":"","footer-sml-layout":"","theme-transparent-header-meta":"","adv-header-id-meta":"","stick-header-meta":"","header-above-stick-meta":"","header-main-stick-meta":"","header-below-stick-meta":"","astra-migrate-meta-layouts":"default","ast-page-background-enabled":"default","ast-page-background-meta":{"desktop":{"background-color":"var(--ast-global-color-4)","background-image":"","background-repeat":"repeat","background-position":"center center","background-size":"auto","background-attachment":"scroll","background-type":"","background-media":"","overlay-type":"","overlay-color":"","overlay-gradient":""},"tablet":{"background-color":"","background-image":"","background-repeat":"repeat","background-position":"center center","background-size":"auto","background-attachment":"scroll","background-type":"","background-media":"","overlay-type":"","overlay-color":"","overlay-gradient":""},"mobile":{"background-color":"","background-image":"","background-repeat":"repeat","background-position":"center center","background-size":"auto","background-attachment":"scroll","background-type":"","background-media":"","overlay-type":"","overlay-color":"","overlay-gradient":""}},"ast-content-background-meta":{"desktop":{"background-color":"var(--ast-global-color-5)","background-image":"","background-repeat":"repeat","background-position":"center center","background-size":"auto","background-attachment":"scroll","background-type":"","background-media":"","overlay-type":"","overlay-color":"","overlay-gradient":""},"tablet":{"background-color":"var(--ast-global-color-5)","background-image":"","background-repeat":"repeat","background-position":"center center","background-size":"auto","background-attachment":"scroll","background-type":"","background-media":"","overlay-type":"","overlay-color":"","overlay-gradient":""},"mobile":{"background-color":"var(--ast-global-color-5)","background-image":"","background-repeat":"repeat","background-position":"center center","background-size":"auto","background-attachment":"scroll","background-type":"","background-media":"","overlay-type":"","overlay-color":"","overlay-gradient":""}},"footnotes":""},"categories":[104,311,222,17070],"tags":[185847,17238,7698,17154,1500,7695],"class_list":["post-89275","post","type-post","status-publish","format-standard","hentry","category-historia","category-historia-de-la-educacion","category-historias-especializadas","category-nacional-de-educacion-a-distancia","tag-albert-llona-porredon","tag-aurora-gutierrez-redondo","tag-florentino-sanz-fernandez","tag-francesc-pedro-garcia","tag-jose-maria-quintana-cabanas","tag-maria-carmen-labrador-herraiz"],"_links":{"self":[{"href":"https:\/\/www.deberes.net\/tesis\/wp-json\/wp\/v2\/posts\/89275","targetHints":{"allow":["GET"]}}],"collection":[{"href":"https:\/\/www.deberes.net\/tesis\/wp-json\/wp\/v2\/posts"}],"about":[{"href":"https:\/\/www.deberes.net\/tesis\/wp-json\/wp\/v2\/types\/post"}],"author":[{"embeddable":true,"href":"https:\/\/www.deberes.net\/tesis\/wp-json\/wp\/v2\/users\/1"}],"replies":[{"embeddable":true,"href":"https:\/\/www.deberes.net\/tesis\/wp-json\/wp\/v2\/comments?post=89275"}],"version-history":[{"count":0,"href":"https:\/\/www.deberes.net\/tesis\/wp-json\/wp\/v2\/posts\/89275\/revisions"}],"wp:attachment":[{"href":"https:\/\/www.deberes.net\/tesis\/wp-json\/wp\/v2\/media?parent=89275"}],"wp:term":[{"taxonomy":"category","embeddable":true,"href":"https:\/\/www.deberes.net\/tesis\/wp-json\/wp\/v2\/categories?post=89275"},{"taxonomy":"post_tag","embeddable":true,"href":"https:\/\/www.deberes.net\/tesis\/wp-json\/wp\/v2\/tags?post=89275"}],"curies":[{"name":"wp","href":"https:\/\/api.w.org\/{rel}","templated":true}]}}