{"id":89293,"date":"2018-03-10T00:14:24","date_gmt":"2018-03-10T00:14:24","guid":{"rendered":"https:\/\/www.deberes.net\/tesis\/sin-categoria\/analisis-de-la-vulnerabilidad-y-resistencia-a-la-ansiedad-y-estres-ante-los-examenes-entre-universitarios-un-modelo-causal-sem\/"},"modified":"2018-03-10T00:14:24","modified_gmt":"2018-03-10T00:14:24","slug":"analisis-de-la-vulnerabilidad-y-resistencia-a-la-ansiedad-y-estres-ante-los-examenes-entre-universitarios-un-modelo-causal-sem","status":"publish","type":"post","link":"https:\/\/www.deberes.net\/tesis\/psicologia\/analisis-de-la-vulnerabilidad-y-resistencia-a-la-ansiedad-y-estres-ante-los-examenes-entre-universitarios-un-modelo-causal-sem\/","title":{"rendered":"Analisis de la vulnerabilidad y resistencia a la ansiedad y estr\u00e9s ante los examenes entre universitarios: un modelo causal (sem)"},"content":{"rendered":"<h2>Tesis doctoral de <strong> Antonio Nu\u00f1ez Partido <\/strong><\/h2>\n<p>En un primer bloque se estudia el estr\u00e9s y la ansiedad (nuestra variable dependiente y su indicador m\u00e1s plausible), un segundo dedicado a profundizar en las variables de personalidad m\u00e1s significativas que han sido relacionadas con estas y un \u00faltimo bloque en el que se presenta la investigaci\u00f3n realizada y su correspondientes conclusiones. El objetivo de nuestra investigacion es conocer las interrelaciones entre las variables de personalidad m\u00e1s importantes relacionadas con el estr\u00e9s, proponiendo un modelo causal que expliquen la variabilidad en la respuesta de vulnerabilidad al estr\u00e9s.  la muestra utilizada son 450 alumnos universitarios en su situaci\u00f3n de estr\u00e9s m\u00e1s com\u00fan, un examen en epoca de examenes finales, y eligiendo el indicador de la variable dependiente m\u00e1s significativa hasta ahora relacionada con el estr\u00e9s situacional, la ansiedad estado (stai\/e). Se aplicaron previamente en una 1\u00aa sesion: isra, y lucam; 2\u00aa sesion: 16 pf; 3\u00aa sesion: super,stai\/r y autoestima de coopersmith; 4\u00aa sesion: jas y loc  de levenson) el procedimiento completo se repiti\u00f3 a lo largo de los cursos 96\/97,97\/98 y 98\/99. En total se tomaron medidas de 52 variables.  la formulaci\u00f3n del modelado de ecuaciones estructurales (sem) se ha hecho de forma gr\u00e1fica. Hemos utilizado dos programas estadisticos para la estimacion del modelo, el eqs (version 5.7 b) y el amos (version 3.61), para que la evaluaci\u00f3n del modelo fuera independiente de las diferencias de criterio existente entre ambos programas. La combinacion de determinados rasgos de personalidad con ciertas actitudes o valoraciones relacionadas congruentemente con dichos rastos, nos a ayuda a entender de que depende que el estr\u00e9s ante los examentes varie a lo largo del contiguo de resistencia-vulnerabilidad.  la combinaci\u00f3n del rasgo de personalidad \u00abfoco de control externo\u00bb, la necesidad de valoracion y seguridad, es la que mayor importancia adquiere para explicar el estr\u00e9s ante<\/p>\n<p>&nbsp;<\/p>\n<h3>Datos acad\u00e9micos de la tesis doctoral \u00ab<strong>Analisis de la vulnerabilidad y resistencia a la ansiedad y estr\u00e9s ante los examenes entre universitarios: un modelo causal (sem)<\/strong>\u00ab<\/h3>\n<ul>\n<li><strong>T\u00edtulo de la tesis:<\/strong>\u00a0 Analisis de la vulnerabilidad y resistencia a la ansiedad y estr\u00e9s ante los examenes entre universitarios: un modelo causal (sem) <\/li>\n<li><strong>Autor:<\/strong>\u00a0 Antonio Nu\u00f1ez Partido <\/li>\n<li><strong>Universidad:<\/strong>\u00a0 Pontificia comillas<\/li>\n<li><strong>Fecha de lectura de la tesis:<\/strong>\u00a0 13\/03\/2001<\/li>\n<\/ul>\n<p>&nbsp;<\/p>\n<h3>Direcci\u00f3n y tribunal<\/h3>\n<ul>\n<li><strong>Director de la tesis<\/strong>\n<ul>\n<li>Carlos Alemany Briz<\/li>\n<\/ul>\n<\/li>\n<li><strong>Tribunal<\/strong>\n<ul>\n<li>Presidente del tribunal: pilar Ferrandiz lopez <\/li>\n<li>domingo Jos\u00e9 Gallego gil (vocal)<\/li>\n<li>carmen Mateu marques (vocal)<\/li>\n<li>Luis Lopez-yarto elizalde (vocal)<\/li>\n<\/ul>\n<\/li>\n<\/ul>\n<p>&nbsp;<\/p>\n","protected":false},"excerpt":{"rendered":"<p>Tesis doctoral de Antonio Nu\u00f1ez Partido En un primer bloque se estudia el estr\u00e9s y la ansiedad (nuestra variable dependiente [&hellip;]<\/p>\n","protected":false},"author":1,"featured_media":0,"comment_status":"open","ping_status":"open","sticky":false,"template":"","format":"standard","meta":{"site-sidebar-layout":"default","site-content-layout":"","ast-site-content-layout":"","site-content-style":"default","site-sidebar-style":"default","ast-global-header-display":"","ast-banner-title-visibility":"","ast-main-header-display":"","ast-hfb-above-header-display":"","ast-hfb-below-header-display":"","ast-hfb-mobile-header-display":"","site-post-title":"","ast-breadcrumbs-content":"","ast-featured-img":"","footer-sml-layout":"","theme-transparent-header-meta":"","adv-header-id-meta":"","stick-header-meta":"","header-above-stick-meta":"","header-main-stick-meta":"","header-below-stick-meta":"","astra-migrate-meta-layouts":"default","ast-page-background-enabled":"default","ast-page-background-meta":{"desktop":{"background-color":"var(--ast-global-color-4)","background-image":"","background-repeat":"repeat","background-position":"center center","background-size":"auto","background-attachment":"scroll","background-type":"","background-media":"","overlay-type":"","overlay-color":"","overlay-gradient":""},"tablet":{"background-color":"","background-image":"","background-repeat":"repeat","background-position":"center center","background-size":"auto","background-attachment":"scroll","background-type":"","background-media":"","overlay-type":"","overlay-color":"","overlay-gradient":""},"mobile":{"background-color":"","background-image":"","background-repeat":"repeat","background-position":"center center","background-size":"auto","background-attachment":"scroll","background-type":"","background-media":"","overlay-type":"","overlay-color":"","overlay-gradient":""}},"ast-content-background-meta":{"desktop":{"background-color":"var(--ast-global-color-5)","background-image":"","background-repeat":"repeat","background-position":"center center","background-size":"auto","background-attachment":"scroll","background-type":"","background-media":"","overlay-type":"","overlay-color":"","overlay-gradient":""},"tablet":{"background-color":"var(--ast-global-color-5)","background-image":"","background-repeat":"repeat","background-position":"center center","background-size":"auto","background-attachment":"scroll","background-type":"","background-media":"","overlay-type":"","overlay-color":"","overlay-gradient":""},"mobile":{"background-color":"var(--ast-global-color-5)","background-image":"","background-repeat":"repeat","background-position":"center center","background-size":"auto","background-attachment":"scroll","background-type":"","background-media":"","overlay-type":"","overlay-color":"","overlay-gradient":""}},"footnotes":""},"categories":[4394,9795,6893,1184,1141,6894,18397,324],"tags":[85574,85898,41787,17106,18447,18396],"class_list":["post-89293","post","type-post","status-publish","format-standard","hentry","category-educacion-superior","category-estructura-y-dinamica-de-la-personalidad","category-medida-de-la-personalidad","category-organizacion-y-planificacion-de-la-educacion","category-pedagogia","category-personalidad","category-pontificia-comillas","category-psicologia","tag-antonio-nunez-partido","tag-carlos-alemany-briz","tag-carmen-mateu-marques","tag-domingo-jose-gallego-gil","tag-luis-lopez-yarto-elizalde","tag-pilar-ferrandiz-lopez"],"_links":{"self":[{"href":"https:\/\/www.deberes.net\/tesis\/wp-json\/wp\/v2\/posts\/89293","targetHints":{"allow":["GET"]}}],"collection":[{"href":"https:\/\/www.deberes.net\/tesis\/wp-json\/wp\/v2\/posts"}],"about":[{"href":"https:\/\/www.deberes.net\/tesis\/wp-json\/wp\/v2\/types\/post"}],"author":[{"embeddable":true,"href":"https:\/\/www.deberes.net\/tesis\/wp-json\/wp\/v2\/users\/1"}],"replies":[{"embeddable":true,"href":"https:\/\/www.deberes.net\/tesis\/wp-json\/wp\/v2\/comments?post=89293"}],"version-history":[{"count":0,"href":"https:\/\/www.deberes.net\/tesis\/wp-json\/wp\/v2\/posts\/89293\/revisions"}],"wp:attachment":[{"href":"https:\/\/www.deberes.net\/tesis\/wp-json\/wp\/v2\/media?parent=89293"}],"wp:term":[{"taxonomy":"category","embeddable":true,"href":"https:\/\/www.deberes.net\/tesis\/wp-json\/wp\/v2\/categories?post=89293"},{"taxonomy":"post_tag","embeddable":true,"href":"https:\/\/www.deberes.net\/tesis\/wp-json\/wp\/v2\/tags?post=89293"}],"curies":[{"name":"wp","href":"https:\/\/api.w.org\/{rel}","templated":true}]}}