{"id":89337,"date":"2018-03-10T00:14:28","date_gmt":"2018-03-10T00:14:28","guid":{"rendered":"https:\/\/www.deberes.net\/tesis\/sin-categoria\/identificacio-de-les-vocals-toniques-del-catala\/"},"modified":"2018-03-10T00:14:28","modified_gmt":"2018-03-10T00:14:28","slug":"identificacio-de-les-vocals-toniques-del-catala","status":"publish","type":"post","link":"https:\/\/www.deberes.net\/tesis\/linguistica\/identificacio-de-les-vocals-toniques-del-catala\/","title":{"rendered":"Identificacio de les vocals toniques del catala."},"content":{"rendered":"<h2>Tesis doctoral de <strong> Silvia Planas Morales <\/strong><\/h2>\n<p>Esta tesis parte de la hip\u00f3tesis de que las caracter\u00edsticas ac\u00fasticas invariantes que identifican una vocal y la clasifican  distinguen dentro de su grupo de sonidos, en el sistema de una lengua, son las frecuencias relativas de los intervalos fo f1, f1 f2 y f2 f3, en combinaci\u00f3n con f0(h2). la frecuenia relativa (abreviada, sr) refleja perfectamente la relaci\u00f3n cu\u00e1ntica que se establece entre el est\u00edmulo f\u00edsico y la percepci\u00f3n humana. los resultados han demostrado que, en cada intervalo, las vocales catalanas tienen unas sr que establecen los l\u00edmites de dominio de los rasgos distintivos.  el m\u00e9todo, aplicable a las dem\u00e1s lenguas, cumple los requisitos de los modelos de normalizaci\u00f3n de las vocales: (i) maximizar las diferencias entre categor\u00edas voc\u00e1licas y (ii) minimizar las diferencia entre hablantes.<\/p>\n<p>&nbsp;<\/p>\n<h3>Datos acad\u00e9micos de la tesis doctoral \u00ab<strong>Identificacio de les vocals toniques del catala.<\/strong>\u00ab<\/h3>\n<ul>\n<li><strong>T\u00edtulo de la tesis:<\/strong>\u00a0 Identificacio de les vocals toniques del catala. <\/li>\n<li><strong>Autor:<\/strong>\u00a0 Silvia Planas Morales <\/li>\n<li><strong>Universidad:<\/strong>\u00a0 Barcelona<\/li>\n<li><strong>Fecha de lectura de la tesis:<\/strong>\u00a0 16\/03\/2001<\/li>\n<\/ul>\n<p>&nbsp;<\/p>\n<h3>Direcci\u00f3n y tribunal<\/h3>\n<ul>\n<li><strong>Director de la tesis<\/strong>\n<ul>\n<li>Eugenio Martinez Celdran<\/li>\n<\/ul>\n<\/li>\n<li><strong>Tribunal<\/strong>\n<ul>\n<li>Presidente del tribunal: Jos\u00e9 manuel Blecua perdices <\/li>\n<li>joaquim Llisterri boix (vocal)<\/li>\n<li>teresa Cabre monne (vocal)<\/li>\n<li> Pradilla cardona miquel angel (vocal)<\/li>\n<\/ul>\n<\/li>\n<\/ul>\n<p>&nbsp;<\/p>\n","protected":false},"excerpt":{"rendered":"<p>Tesis doctoral de Silvia Planas Morales Esta tesis parte de la hip\u00f3tesis de que las caracter\u00edsticas ac\u00fasticas invariantes que identifican [&hellip;]<\/p>\n","protected":false},"author":1,"featured_media":0,"comment_status":"open","ping_status":"open","sticky":false,"template":"","format":"standard","meta":{"site-sidebar-layout":"default","site-content-layout":"","ast-site-content-layout":"","site-content-style":"default","site-sidebar-style":"default","ast-global-header-display":"","ast-banner-title-visibility":"","ast-main-header-display":"","ast-hfb-above-header-display":"","ast-hfb-below-header-display":"","ast-hfb-mobile-header-display":"","site-post-title":"","ast-breadcrumbs-content":"","ast-featured-img":"","footer-sml-layout":"","theme-transparent-header-meta":"","adv-header-id-meta":"","stick-header-meta":"","header-above-stick-meta":"","header-main-stick-meta":"","header-below-stick-meta":"","astra-migrate-meta-layouts":"default","ast-page-background-enabled":"default","ast-page-background-meta":{"desktop":{"background-color":"var(--ast-global-color-4)","background-image":"","background-repeat":"repeat","background-position":"center center","background-size":"auto","background-attachment":"scroll","background-type":"","background-media":"","overlay-type":"","overlay-color":"","overlay-gradient":""},"tablet":{"background-color":"","background-image":"","background-repeat":"repeat","background-position":"center center","background-size":"auto","background-attachment":"scroll","background-type":"","background-media":"","overlay-type":"","overlay-color":"","overlay-gradient":""},"mobile":{"background-color":"","background-image":"","background-repeat":"repeat","background-position":"center center","background-size":"auto","background-attachment":"scroll","background-type":"","background-media":"","overlay-type":"","overlay-color":"","overlay-gradient":""}},"ast-content-background-meta":{"desktop":{"background-color":"var(--ast-global-color-5)","background-image":"","background-repeat":"repeat","background-position":"center center","background-size":"auto","background-attachment":"scroll","background-type":"","background-media":"","overlay-type":"","overlay-color":"","overlay-gradient":""},"tablet":{"background-color":"var(--ast-global-color-5)","background-image":"","background-repeat":"repeat","background-position":"center center","background-size":"auto","background-attachment":"scroll","background-type":"","background-media":"","overlay-type":"","overlay-color":"","overlay-gradient":""},"mobile":{"background-color":"var(--ast-global-color-5)","background-image":"","background-repeat":"repeat","background-position":"center center","background-size":"auto","background-attachment":"scroll","background-type":"","background-media":"","overlay-type":"","overlay-color":"","overlay-gradient":""}},"footnotes":""},"categories":[951,10487,59,62],"tags":[14082,43676,13618,90038,185943,152931],"class_list":["post-89337","post","type-post","status-publish","format-standard","hentry","category-barcelona","category-fonetica","category-linguistica","category-linguistica-sincronica","tag-eugenio-Martinez-celdran","tag-joaquim-llisterri-boix","tag-jose-manuel-blecua-perdices","tag-pradilla-cardona-miquel-angel","tag-silvia-planas-morales","tag-teresa-cabre-monne"],"_links":{"self":[{"href":"https:\/\/www.deberes.net\/tesis\/wp-json\/wp\/v2\/posts\/89337","targetHints":{"allow":["GET"]}}],"collection":[{"href":"https:\/\/www.deberes.net\/tesis\/wp-json\/wp\/v2\/posts"}],"about":[{"href":"https:\/\/www.deberes.net\/tesis\/wp-json\/wp\/v2\/types\/post"}],"author":[{"embeddable":true,"href":"https:\/\/www.deberes.net\/tesis\/wp-json\/wp\/v2\/users\/1"}],"replies":[{"embeddable":true,"href":"https:\/\/www.deberes.net\/tesis\/wp-json\/wp\/v2\/comments?post=89337"}],"version-history":[{"count":0,"href":"https:\/\/www.deberes.net\/tesis\/wp-json\/wp\/v2\/posts\/89337\/revisions"}],"wp:attachment":[{"href":"https:\/\/www.deberes.net\/tesis\/wp-json\/wp\/v2\/media?parent=89337"}],"wp:term":[{"taxonomy":"category","embeddable":true,"href":"https:\/\/www.deberes.net\/tesis\/wp-json\/wp\/v2\/categories?post=89337"},{"taxonomy":"post_tag","embeddable":true,"href":"https:\/\/www.deberes.net\/tesis\/wp-json\/wp\/v2\/tags?post=89337"}],"curies":[{"name":"wp","href":"https:\/\/api.w.org\/{rel}","templated":true}]}}