{"id":89345,"date":"2018-03-10T00:14:28","date_gmt":"2018-03-10T00:14:28","guid":{"rendered":"https:\/\/www.deberes.net\/tesis\/sin-categoria\/mecanismos-moleculares-y-celulares-en-la-periodontitis-destructiva\/"},"modified":"2018-03-10T00:14:28","modified_gmt":"2018-03-10T00:14:28","slug":"mecanismos-moleculares-y-celulares-en-la-periodontitis-destructiva","status":"publish","type":"post","link":"https:\/\/www.deberes.net\/tesis\/ciencias-medicas\/mecanismos-moleculares-y-celulares-en-la-periodontitis-destructiva\/","title":{"rendered":"Mecanismos moleculares y celulares en la periodontitis destructiva"},"content":{"rendered":"<h2>Tesis doctoral de <strong> Jorge  Antonio Gamonal Aravena <\/strong><\/h2>\n<p>La periodontitis cr\u00f3nica es una enfermedad caracterizada por la interacci\u00f3n entre bacterias gram (-) y la respuesta inflamatoria del hospedero, que finalmente tambi\u00e9n participa en la destrucci\u00f3n del tejido periodontal. Las citoquinas que son sintetizadas en respuesta a las bacterias y sus productos, inducen y mantienen la respuesta inflamatoria desarrollada en el tejido periodontal. La muerte celular por apoptosis es un fen\u00f3meno clave en la homeostasis de los tejidos y directamente asociada con la destrucci\u00f3n tisular por da\u00f1o celular. El prop\u00f3sito del presente estudio es determinar los niveles de citoquinas y quimioquinas en el fluido gingival crevicular (fgc), caracterizar las c\u00e9lulas presentes en el infiltrado inflamatorio, analizar los cambios producidos por el tratamiento periodontal y establecer la presencia de c\u00e9lulas apopt\u00f3ticas por cambios en su morfolog\u00eda, por la fragmentaci\u00f3n del dna y por la expresi\u00f3n de caspasa-3 activa. Fas\/fasl, bcl-2 y p53. Metodolog\u00eda; el grupo de pacientes con periodontitis incluye sujetos con al menos 5-6 sitios con bolsa periodontal >5 mm, p\u00e9rdida de inserci\u00f3n >3 mm y que presenten un m\u00ednimo de 2 sitios activos, es decir con p\u00e9rdida de inserci\u00f3n >2 mm determinado en forma longitudinal. El fgc fue colectado con una tira de papel y las citoquinas fueron cuantificadas por elisa. El infiltrado inflamatorio fue analizado por inmunohistoqu\u00edmica y la apoptosis fue establecida usando criterios morfol\u00f3gicos e inmunohistoqu\u00edmicos. La fragmentaci\u00f3n del dna se determin\u00f3 usando la t\u00e9cnica t\u00fanel. Los cambios morfol\u00f3gicos se determinaron con microscop\u00eda electr\u00f3nica y la expresi\u00f3n de los indicadores de apoptosis se determinaron por inmunohistoqu\u00edmica en cortes en parafina y en congelaci\u00f3n. Resultados: rantes, il-l\u00edY, y tnf\u00c2\u00bf fueron detectados en el fgc de todos los pacientes con periodontitis. Il-10 fue encontrada en el 43% de los casos. La il-8 es la \u00fanica citoquina detectada en el fgc tanto de sujetos con periodontitis como en los sujetos control. Il-lp fue claramente mayor en sitios activos que inactivos (p<0.05). El componente celular del infiltrado inflamatorio incluye linfocitos t, b y macr\u00f3fagos. El tratamiento periodontal convencional reduce el n\u00famero de las c\u00e9lulas inflamatorias como el nivel de las citoquinas. En las biopsias provenientes de sujetos con periodontitis se observa la presencia de c\u00e9lulas tunel positivas, con cambios en su morfolog\u00eda que se asocian a apoptosis, y de c\u00e9lulas positiva para caspasa-3 activa, fas\/fasl, bcl-2 y p53. El n\u00famero de c\u00e9lulas positivas es bajo, no sobrepasa el 10% del total de c\u00e9lulas. En las biopsias de sujetos sin periodontitis s\u00f3lo se encontr\u00f3 la presencia de bcl-2. Las c\u00e9lulas apopt\u00f3ticas fueron identificadas como neutr\u00f3filos. Proponemos que la presencia de rantes, il-ip, tnf-ot, il-8, c\u00e9lulas t y b, y la muerte celular por apoptosis pueden tener un papel en la patog\u00e9nesis de la periodontitis.\n\n\n\n&nbsp;\n\n\n<h3>Datos acad\u00e9micos de la tesis doctoral \u00ab<strong>Mecanismos moleculares y celulares en la periodontitis destructiva<\/strong>\u00ab<\/h3>\n<ul>\n<li><strong>T\u00edtulo de la tesis:<\/strong>\u00a0 Mecanismos moleculares y celulares en la periodontitis destructiva <\/li>\n<li><strong>Autor:<\/strong>\u00a0 Jorge  Antonio Gamonal Aravena <\/li>\n<li><strong>Universidad:<\/strong>\u00a0 Complutense de Madrid<\/li>\n<li><strong>Fecha de lectura de la tesis:<\/strong>\u00a0 16\/03\/2001<\/li>\n<\/ul>\n<p>&nbsp;<\/p>\n<h3>Direcci\u00f3n y tribunal<\/h3>\n<ul>\n<li><strong>Director de la tesis<\/strong>\n<ul>\n<li>Antonio Bascones Martinez<\/li>\n<\/ul>\n<\/li>\n<li><strong>Tribunal<\/strong>\n<ul>\n<li>Presidente del tribunal: manuel Donado rodr\u00edguez <\/li>\n<li>Manuel Ort\u00edz de land\u00e1zuri busca (vocal)<\/li>\n<li>Jos\u00e9 Mar\u00eda Teijon rivera (vocal)<\/li>\n<li>Miguel angel Gonzalez moles (vocal)<\/li>\n<\/ul>\n<\/li>\n<\/ul>\n<p>&nbsp;<\/p>\n","protected":false},"excerpt":{"rendered":"<p>Tesis doctoral de Jorge Antonio Gamonal Aravena La periodontitis cr\u00f3nica es una enfermedad caracterizada por la interacci\u00f3n entre bacterias gram [&hellip;]<\/p>\n","protected":false},"author":1,"featured_media":0,"comment_status":"open","ping_status":"open","sticky":false,"template":"","format":"standard","meta":{"site-sidebar-layout":"default","site-content-layout":"","ast-site-content-layout":"","site-content-style":"default","site-sidebar-style":"default","ast-global-header-display":"","ast-banner-title-visibility":"","ast-main-header-display":"","ast-hfb-above-header-display":"","ast-hfb-below-header-display":"","ast-hfb-mobile-header-display":"","site-post-title":"","ast-breadcrumbs-content":"","ast-featured-img":"","footer-sml-layout":"","theme-transparent-header-meta":"","adv-header-id-meta":"","stick-header-meta":"","header-above-stick-meta":"","header-main-stick-meta":"","header-below-stick-meta":"","astra-migrate-meta-layouts":"default","ast-page-background-enabled":"default","ast-page-background-meta":{"desktop":{"background-color":"var(--ast-global-color-4)","background-image":"","background-repeat":"repeat","background-position":"center center","background-size":"auto","background-attachment":"scroll","background-type":"","background-media":"","overlay-type":"","overlay-color":"","overlay-gradient":""},"tablet":{"background-color":"","background-image":"","background-repeat":"repeat","background-position":"center center","background-size":"auto","background-attachment":"scroll","background-type":"","background-media":"","overlay-type":"","overlay-color":"","overlay-gradient":""},"mobile":{"background-color":"","background-image":"","background-repeat":"repeat","background-position":"center center","background-size":"auto","background-attachment":"scroll","background-type":"","background-media":"","overlay-type":"","overlay-color":"","overlay-gradient":""}},"ast-content-background-meta":{"desktop":{"background-color":"var(--ast-global-color-5)","background-image":"","background-repeat":"repeat","background-position":"center center","background-size":"auto","background-attachment":"scroll","background-type":"","background-media":"","overlay-type":"","overlay-color":"","overlay-gradient":""},"tablet":{"background-color":"var(--ast-global-color-5)","background-image":"","background-repeat":"repeat","background-position":"center center","background-size":"auto","background-attachment":"scroll","background-type":"","background-media":"","overlay-type":"","overlay-color":"","overlay-gradient":""},"mobile":{"background-color":"var(--ast-global-color-5)","background-image":"","background-repeat":"repeat","background-position":"center center","background-size":"auto","background-attachment":"scroll","background-type":"","background-media":"","overlay-type":"","overlay-color":"","overlay-gradient":""}},"footnotes":""},"categories":[9,141,140],"tags":[7111,185952,13528,4950,4670,3961],"class_list":["post-89345","post","type-post","status-publish","format-standard","hentry","category-ciencias-medicas","category-cirugia","category-estomatologia-y-ortodoncia","tag-antonio-bascones-Martinez","tag-jorge-antonio-gamonal-aravena","tag-jose-maria-teijon-rivera","tag-manuel-donado-rodriguez","tag-manuel-ortiz-de-landazuri-busca","tag-miguel-angel-gonzalez-moles"],"_links":{"self":[{"href":"https:\/\/www.deberes.net\/tesis\/wp-json\/wp\/v2\/posts\/89345","targetHints":{"allow":["GET"]}}],"collection":[{"href":"https:\/\/www.deberes.net\/tesis\/wp-json\/wp\/v2\/posts"}],"about":[{"href":"https:\/\/www.deberes.net\/tesis\/wp-json\/wp\/v2\/types\/post"}],"author":[{"embeddable":true,"href":"https:\/\/www.deberes.net\/tesis\/wp-json\/wp\/v2\/users\/1"}],"replies":[{"embeddable":true,"href":"https:\/\/www.deberes.net\/tesis\/wp-json\/wp\/v2\/comments?post=89345"}],"version-history":[{"count":0,"href":"https:\/\/www.deberes.net\/tesis\/wp-json\/wp\/v2\/posts\/89345\/revisions"}],"wp:attachment":[{"href":"https:\/\/www.deberes.net\/tesis\/wp-json\/wp\/v2\/media?parent=89345"}],"wp:term":[{"taxonomy":"category","embeddable":true,"href":"https:\/\/www.deberes.net\/tesis\/wp-json\/wp\/v2\/categories?post=89345"},{"taxonomy":"post_tag","embeddable":true,"href":"https:\/\/www.deberes.net\/tesis\/wp-json\/wp\/v2\/tags?post=89345"}],"curies":[{"name":"wp","href":"https:\/\/api.w.org\/{rel}","templated":true}]}}