{"id":89382,"date":"2018-03-10T00:14:33","date_gmt":"2018-03-10T00:14:33","guid":{"rendered":"https:\/\/www.deberes.net\/tesis\/sin-categoria\/o-patrona%c2%admico-na-onamastica-pessoal-dos-documentos-notariais-galegos-e-portugueses-da-baixa-idade-media-1250-1500\/"},"modified":"2018-03-10T00:14:33","modified_gmt":"2018-03-10T00:14:33","slug":"o-patrona%c2%admico-na-onamastica-pessoal-dos-documentos-notariais-galegos-e-portugueses-da-baixa-idade-media-1250-1500","status":"publish","type":"post","link":"https:\/\/www.deberes.net\/tesis\/linguistica\/o-patrona%c2%admico-na-onamastica-pessoal-dos-documentos-notariais-galegos-e-portugueses-da-baixa-idade-media-1250-1500\/","title":{"rendered":"O patron\u00edmico na onam\u00e1stica pessoal dos documentos notariais galegos e portugueses da baixa idade m\u00e9dia (1250-1500)"},"content":{"rendered":"<h2>Tesis doctoral de <strong> Julio Di\u00e9guez Gonz\u00e1lez <\/strong><\/h2>\n<p>El proceso evolutivo de la onom\u00e1stica personal durante la baja edad media se puede describir como de institucionalizaci\u00f3n. Entre 1250 y 1500 se consolida la tendencia a bandonar el campo de la privacidad de los sujetos y trasladarse para el \u00abdominio p\u00fablico\u00bb, la denominaci\u00f3n deja de ser un acto privado y subjetivo, un ejercicio de \u00abpoder\u00bb particular, y entra en el \u00e1mbito de los social-institucional. El per\u00edodo bajo-medieval se caracteriza adem\u00e1s por una pugna entre dos tendencias en la fijaci\u00f3n de la denominaci\u00f3n individual: la indicaci\u00f3n del parentesco (relaci\u00f3n paterno-filial) o del linaje (pertenencia a un colectivo); el patron\u00edmico representa el elemento m\u00e1s \u00abpuro\u00bb de la primera tendencia, como el apellido linaj\u00edstico es de la segunda. En el espacio ib\u00e9rico los sistemas modernos son resultado del compromiso entre ambas l\u00edneas denominativas.<\/p>\n<p>&nbsp;<\/p>\n<h3>Datos acad\u00e9micos de la tesis doctoral \u00ab<strong>O patron\u00edmico na onam\u00e1stica pessoal dos documentos notariais galegos e portugueses da baixa idade m\u00e9dia (1250-1500)<\/strong>\u00ab<\/h3>\n<ul>\n<li><strong>T\u00edtulo de la tesis:<\/strong>\u00a0 O patron\u00edmico na onam\u00e1stica pessoal dos documentos notariais galegos e portugueses da baixa idade m\u00e9dia (1250-1500) <\/li>\n<li><strong>Autor:<\/strong>\u00a0 Julio Di\u00e9guez Gonz\u00e1lez <\/li>\n<li><strong>Universidad:<\/strong>\u00a0 Santiago de compostela<\/li>\n<li><strong>Fecha de lectura de la tesis:<\/strong>\u00a0 19\/03\/2001<\/li>\n<\/ul>\n<p>&nbsp;<\/p>\n<h3>Direcci\u00f3n y tribunal<\/h3>\n<ul>\n<li><strong>Director de la tesis<\/strong>\n<ul>\n<li> Rodr\u00edguez Fern\u00e1ndez Jos\u00e9 Lu\u00eds<\/li>\n<\/ul>\n<\/li>\n<li><strong>Tribunal<\/strong>\n<ul>\n<li>Presidente del tribunal: Jes\u00fas Pena seijas <\/li>\n<li>Ana Mar\u00eda Martins (vocal)<\/li>\n<li>\u00e1ngel Marcos de dios (vocal)<\/li>\n<li>Manuel Ferreiro fernandez (vocal)<\/li>\n<\/ul>\n<\/li>\n<\/ul>\n<p>&nbsp;<\/p>\n","protected":false},"excerpt":{"rendered":"<p>Tesis doctoral de Julio Di\u00e9guez Gonz\u00e1lez El proceso evolutivo de la onom\u00e1stica personal durante la baja edad media se puede [&hellip;]<\/p>\n","protected":false},"author":1,"featured_media":0,"comment_status":"open","ping_status":"open","sticky":false,"template":"","format":"standard","meta":{"site-sidebar-layout":"default","site-content-layout":"","ast-site-content-layout":"","site-content-style":"default","site-sidebar-style":"default","ast-global-header-display":"","ast-banner-title-visibility":"","ast-main-header-display":"","ast-hfb-above-header-display":"","ast-hfb-below-header-display":"","ast-hfb-mobile-header-display":"","site-post-title":"","ast-breadcrumbs-content":"","ast-featured-img":"","footer-sml-layout":"","theme-transparent-header-meta":"","adv-header-id-meta":"","stick-header-meta":"","header-above-stick-meta":"","header-main-stick-meta":"","header-below-stick-meta":"","astra-migrate-meta-layouts":"default","ast-page-background-enabled":"default","ast-page-background-meta":{"desktop":{"background-color":"var(--ast-global-color-4)","background-image":"","background-repeat":"repeat","background-position":"center center","background-size":"auto","background-attachment":"scroll","background-type":"","background-media":"","overlay-type":"","overlay-color":"","overlay-gradient":""},"tablet":{"background-color":"","background-image":"","background-repeat":"repeat","background-position":"center center","background-size":"auto","background-attachment":"scroll","background-type":"","background-media":"","overlay-type":"","overlay-color":"","overlay-gradient":""},"mobile":{"background-color":"","background-image":"","background-repeat":"repeat","background-position":"center center","background-size":"auto","background-attachment":"scroll","background-type":"","background-media":"","overlay-type":"","overlay-color":"","overlay-gradient":""}},"ast-content-background-meta":{"desktop":{"background-color":"var(--ast-global-color-5)","background-image":"","background-repeat":"repeat","background-position":"center center","background-size":"auto","background-attachment":"scroll","background-type":"","background-media":"","overlay-type":"","overlay-color":"","overlay-gradient":""},"tablet":{"background-color":"var(--ast-global-color-5)","background-image":"","background-repeat":"repeat","background-position":"center center","background-size":"auto","background-attachment":"scroll","background-type":"","background-media":"","overlay-type":"","overlay-color":"","overlay-gradient":""},"mobile":{"background-color":"var(--ast-global-color-5)","background-image":"","background-repeat":"repeat","background-position":"center center","background-size":"auto","background-attachment":"scroll","background-type":"","background-media":"","overlay-type":"","overlay-color":"","overlay-gradient":""}},"footnotes":""},"categories":[1624,4449,2142,104,59,423,590,23041,977],"tags":[40854,19062,2542,186018,38316,163679],"class_list":["post-89382","post","type-post","status-publish","format-standard","hentry","category-ciencias-auxiliares-de-la-historia","category-etimologia","category-filologia","category-historia","category-linguistica","category-linguistica-diacronica","category-linguistica-historica","category-onomastica","category-santiago-de-compostela","tag-ana-maria-martins","tag-angel-marcos-de-dios","tag-jesus-pena-seijas","tag-julio-dieguez-gonzalez","tag-manuel-ferreiro-fernandez","tag-rodriguez-fernandez-jose-luis"],"_links":{"self":[{"href":"https:\/\/www.deberes.net\/tesis\/wp-json\/wp\/v2\/posts\/89382","targetHints":{"allow":["GET"]}}],"collection":[{"href":"https:\/\/www.deberes.net\/tesis\/wp-json\/wp\/v2\/posts"}],"about":[{"href":"https:\/\/www.deberes.net\/tesis\/wp-json\/wp\/v2\/types\/post"}],"author":[{"embeddable":true,"href":"https:\/\/www.deberes.net\/tesis\/wp-json\/wp\/v2\/users\/1"}],"replies":[{"embeddable":true,"href":"https:\/\/www.deberes.net\/tesis\/wp-json\/wp\/v2\/comments?post=89382"}],"version-history":[{"count":0,"href":"https:\/\/www.deberes.net\/tesis\/wp-json\/wp\/v2\/posts\/89382\/revisions"}],"wp:attachment":[{"href":"https:\/\/www.deberes.net\/tesis\/wp-json\/wp\/v2\/media?parent=89382"}],"wp:term":[{"taxonomy":"category","embeddable":true,"href":"https:\/\/www.deberes.net\/tesis\/wp-json\/wp\/v2\/categories?post=89382"},{"taxonomy":"post_tag","embeddable":true,"href":"https:\/\/www.deberes.net\/tesis\/wp-json\/wp\/v2\/tags?post=89382"}],"curies":[{"name":"wp","href":"https:\/\/api.w.org\/{rel}","templated":true}]}}