{"id":89411,"date":"2018-03-10T00:14:33","date_gmt":"2018-03-10T00:14:33","guid":{"rendered":"https:\/\/www.deberes.net\/tesis\/sin-categoria\/caracterizacion-morfoagronomica-y-bioquimica-de-germoplasma-de-judia-comunphaseolus-vulgaris-l-de-espana\/"},"modified":"2018-03-10T00:14:33","modified_gmt":"2018-03-10T00:14:33","slug":"caracterizacion-morfoagronomica-y-bioquimica-de-germoplasma-de-judia-comunphaseolus-vulgaris-l-de-espana","status":"publish","type":"post","link":"https:\/\/www.deberes.net\/tesis\/ciencias-agrarias\/caracterizacion-morfoagronomica-y-bioquimica-de-germoplasma-de-judia-comunphaseolus-vulgaris-l-de-espana\/","title":{"rendered":"Caracterizacion morfoagronomica y bioquimica de germoplasma de judia comun(phaseolus vulgaris l.) de espa\u00f1a"},"content":{"rendered":"<h2>Tesis doctoral de <strong> Ana Paula Rodi\u00f1o Miguez <\/strong><\/h2>\n<p>La jud\u00eda comun(phaseoulus vulgaris) es una de las leguminosas m\u00e1s importantes en el mundo como fuente de proteinas, fibra dietetica, minerales y vitaminas. por lo tanto deberia formar parte de la dieta habitual para satisfacer las necesidades basicas del organismo. Se consume tanto por sus vainas como por sus granos secos y existen, ademas, distintas preferencias por parte del consumidor en cuanto a tama\u00f1o, color, forma y brillo de la semilla. adem\u00e1s de su importancia para ala alimentaci\u00f3n humana, tiene interes agricola ya que posee acci\u00f3n fertilizante, debido a la simbiosis con bacterias del genero rhizobium. Sin embargo, debido a la susceptibilidad del cultivo a plagas y enfermedades y, no pudiendo satisfacer los requerimientos de una poblaci\u00f3n en constante crecimiento, es necesaria la mejora genetica para obtener mejores variedades con rendimiento estable y cualidades mejoradas, que puedan satisfacer las necesidades y exigencias de la sociedad.  asi, para disponer de informaci\u00f3n sobre la colecci\u00f3n de germoplasma de jud\u00eda de espa\u00f1a de la misi\u00f3n biol\u00f3gica de galicia-csic y explorar sus posibilidades para formar una colecci\u00f3n espa\u00f1ola nuclear y activa de mejora de judia de espa\u00f1a (cenam), que represente al m\u00e1ximo la diversidad gen\u00e9tica de la especie en espa\u00f1a y se indicadora del potencial de las variedades locales para ser introducidas en programas de mejora, se caracterizaron morfoagron\u00f3mica y bioqu\u00edmicamente, por medio del estudio de los tipos de faseolina, 294 poblaciones locales de la colecci\u00f3n de germoplasma de la mbg-csig, procedentes de distintas zonas de espa\u00f1a entre las que se incluyen 4 testigos comerciales e internacionales. Adem\u00e1s, se realiz\u00f3 tambien una clasificaci\u00f3n taxon\u00f3mica por medio de un dendrograma y un an\u00e1lisis de componentes principales para asi poder agrupar mejor todas las variedades estudiadas.  se observ\u00f3 una gran variabilidad entre las distintas poblaciones de espa\u00f1a para todos los<\/p>\n<p>&nbsp;<\/p>\n<h3>Datos acad\u00e9micos de la tesis doctoral \u00ab<strong>Caracterizacion morfoagronomica y bioquimica de germoplasma de judia comun(phaseolus vulgaris l.) de espa\u00f1a<\/strong>\u00ab<\/h3>\n<ul>\n<li><strong>T\u00edtulo de la tesis:<\/strong>\u00a0 Caracterizacion morfoagronomica y bioquimica de germoplasma de judia comun(phaseolus vulgaris l.) de espa\u00f1a <\/li>\n<li><strong>Autor:<\/strong>\u00a0 Ana Paula Rodi\u00f1o Miguez <\/li>\n<li><strong>Universidad:<\/strong>\u00a0 Santiago de compostela<\/li>\n<li><strong>Fecha de lectura de la tesis:<\/strong>\u00a0 22\/03\/2001<\/li>\n<\/ul>\n<p>&nbsp;<\/p>\n<h3>Direcci\u00f3n y tribunal<\/h3>\n<ul>\n<li><strong>Director de la tesis<\/strong>\n<ul>\n<li>Ruth Lindner Selbman<\/li>\n<\/ul>\n<\/li>\n<li><strong>Tribunal<\/strong>\n<ul>\n<li>Presidente del tribunal: Jos\u00e9 ignacio Cubero salmeron <\/li>\n<li>gonzalo \u00e1lvarez jurado (vocal)<\/li>\n<li>Marta Santalla ferradas (vocal)<\/li>\n<li>Antonio  pedro Martin mu\u00f1oz (vocal)<\/li>\n<\/ul>\n<\/li>\n<\/ul>\n<p>&nbsp;<\/p>\n","protected":false},"excerpt":{"rendered":"<p>Tesis doctoral de Ana Paula Rodi\u00f1o Miguez La jud\u00eda comun(phaseoulus vulgaris) es una de las leguminosas m\u00e1s importantes en el [&hellip;]<\/p>\n","protected":false},"author":1,"featured_media":0,"comment_status":"open","ping_status":"open","sticky":false,"template":"","format":"standard","meta":{"site-sidebar-layout":"default","site-content-layout":"","ast-site-content-layout":"","site-content-style":"default","site-sidebar-style":"default","ast-global-header-display":"","ast-banner-title-visibility":"","ast-main-header-display":"","ast-hfb-above-header-display":"","ast-hfb-below-header-display":"","ast-hfb-mobile-header-display":"","site-post-title":"","ast-breadcrumbs-content":"","ast-featured-img":"","footer-sml-layout":"","theme-transparent-header-meta":"","adv-header-id-meta":"","stick-header-meta":"","header-above-stick-meta":"","header-main-stick-meta":"","header-below-stick-meta":"","astra-migrate-meta-layouts":"default","ast-page-background-enabled":"default","ast-page-background-meta":{"desktop":{"background-color":"var(--ast-global-color-4)","background-image":"","background-repeat":"repeat","background-position":"center center","background-size":"auto","background-attachment":"scroll","background-type":"","background-media":"","overlay-type":"","overlay-color":"","overlay-gradient":""},"tablet":{"background-color":"","background-image":"","background-repeat":"repeat","background-position":"center center","background-size":"auto","background-attachment":"scroll","background-type":"","background-media":"","overlay-type":"","overlay-color":"","overlay-gradient":""},"mobile":{"background-color":"","background-image":"","background-repeat":"repeat","background-position":"center center","background-size":"auto","background-attachment":"scroll","background-type":"","background-media":"","overlay-type":"","overlay-color":"","overlay-gradient":""}},"ast-content-background-meta":{"desktop":{"background-color":"var(--ast-global-color-5)","background-image":"","background-repeat":"repeat","background-position":"center center","background-size":"auto","background-attachment":"scroll","background-type":"","background-media":"","overlay-type":"","overlay-color":"","overlay-gradient":""},"tablet":{"background-color":"var(--ast-global-color-5)","background-image":"","background-repeat":"repeat","background-position":"center center","background-size":"auto","background-attachment":"scroll","background-type":"","background-media":"","overlay-type":"","overlay-color":"","overlay-gradient":""},"mobile":{"background-color":"var(--ast-global-color-5)","background-image":"","background-repeat":"repeat","background-position":"center center","background-size":"auto","background-attachment":"scroll","background-type":"","background-media":"","overlay-type":"","overlay-color":"","overlay-gradient":""}},"footnotes":""},"categories":[509,494,502,977],"tags":[186060,1991,3329,537,21621,183177],"class_list":["post-89411","post","type-post","status-publish","format-standard","hentry","category-agronomia","category-ciencias-agrarias","category-produccion-de-cultivos","category-santiago-de-compostela","tag-ana-paula-rodino-miguez","tag-antonio-pedro-martin-munoz","tag-gonzalo-alvarez-jurado","tag-jose-ignacio-cubero-salmeron","tag-marta-santalla-ferradas","tag-ruth-lindner-selbman"],"_links":{"self":[{"href":"https:\/\/www.deberes.net\/tesis\/wp-json\/wp\/v2\/posts\/89411","targetHints":{"allow":["GET"]}}],"collection":[{"href":"https:\/\/www.deberes.net\/tesis\/wp-json\/wp\/v2\/posts"}],"about":[{"href":"https:\/\/www.deberes.net\/tesis\/wp-json\/wp\/v2\/types\/post"}],"author":[{"embeddable":true,"href":"https:\/\/www.deberes.net\/tesis\/wp-json\/wp\/v2\/users\/1"}],"replies":[{"embeddable":true,"href":"https:\/\/www.deberes.net\/tesis\/wp-json\/wp\/v2\/comments?post=89411"}],"version-history":[{"count":0,"href":"https:\/\/www.deberes.net\/tesis\/wp-json\/wp\/v2\/posts\/89411\/revisions"}],"wp:attachment":[{"href":"https:\/\/www.deberes.net\/tesis\/wp-json\/wp\/v2\/media?parent=89411"}],"wp:term":[{"taxonomy":"category","embeddable":true,"href":"https:\/\/www.deberes.net\/tesis\/wp-json\/wp\/v2\/categories?post=89411"},{"taxonomy":"post_tag","embeddable":true,"href":"https:\/\/www.deberes.net\/tesis\/wp-json\/wp\/v2\/tags?post=89411"}],"curies":[{"name":"wp","href":"https:\/\/api.w.org\/{rel}","templated":true}]}}