{"id":89435,"date":"2018-03-10T00:14:38","date_gmt":"2018-03-10T00:14:38","guid":{"rendered":"https:\/\/www.deberes.net\/tesis\/sin-categoria\/a-traves-del-espejo-individuo-y-sociedad-en-la-obra-de-jesus-ibanez\/"},"modified":"2018-03-10T00:14:38","modified_gmt":"2018-03-10T00:14:38","slug":"a-traves-del-espejo-individuo-y-sociedad-en-la-obra-de-jesus-ibanez","status":"publish","type":"post","link":"https:\/\/www.deberes.net\/tesis\/filosofia\/a-traves-del-espejo-individuo-y-sociedad-en-la-obra-de-jesus-ibanez\/","title":{"rendered":"A traves del espejo. individuo y sociedad en la obra de jesus iba\u00f1ez"},"content":{"rendered":"<h2>Tesis doctoral de <strong> Pablo Nacach <\/strong><\/h2>\n<p>A trav\u00e9s del espejo. Individuo y sociedad en la obra de jes\u00fas ib\u00e1\u00f1ez se propone reflejar el camino recorrido por jes\u00fas ib\u00e1\u00f1ez en su larga marcha personal, en la que se encarg\u00f3 no s\u00f3lo de alumbrar una importante producci\u00f3n te\u00f3rica y metodol\u00f3gica, sino tambi\u00e9n de participar activamente en las luchas pol\u00edticas del tiempo en el que le toc\u00f3 vivir. Para alcanzar este objetivo se procedi\u00f3 a dividir su obra conjunta en tres etapas constitutivas, elabor\u00e1ndose una estrategia que consisti\u00f3, esencialmente, en llevar a cabo un rastreo sistem\u00e1tico de las fuentes intelectuales de las que se sirvi\u00f3 para dotar de consistencia a su proyecto intelectual. Estas etapas han sido enlazadas, en primer lugar, a la fuerte impronta que puede vislumbrarse en su adhesi\u00f3n a los principos del estructuralismo-etapa por otra parte en la que hace especial hincapie este trabajo de investigaci\u00f3n-, y finalmente, al entusiasmo que manifiesta por observaciones de la cibern\u00e9tica y la investigaci\u00f3n social del segundo orden. El recorrido trazado en esta tesis doctoral, se encuentra organizado del siguiente modo. En el capitulo 1, \u00abvida y obra de jesus iba\u00f1es\u00bb, se han puesto en relaci\u00f3n las vicisitudes de su vida personal con las \u00abcat\u00e1strofes historicas\u00bb de su tiempo, contextualizadas en el marco del r\u00e9gimen franquista. A partir del capitulo 2, \u00abdesde el estructuralismo\u00bb, comienzan a trazarse ya las coordenadas m\u00e1s importantes del mapa te\u00f3rico y metodol\u00f3gico elaborado por ib\u00e1\u00f1ez, caracterizando a los principios te\u00f3ricos del estructuralismo frances-desarrollados entre otros por levi-strauss, lacan  y altusser-, a los que se entiende como ejes estructurantes de la opci\u00f3n te\u00f3rica escogida por ib\u00e1\u00f1ez a la hora de realizar su an\u00e1lisis sobre las relaciones establecidas entre el individuo y la sociedad. El capitulo 3, \u00ablas formas del mundo\u00bb, apunta a organizar las consideraciones que el autor trae el escenario para comprender al mundo, a la sociedad y<\/p>\n<p>&nbsp;<\/p>\n<h3>Datos acad\u00e9micos de la tesis doctoral \u00ab<strong>A traves del espejo. individuo y sociedad en la obra de jesus iba\u00f1ez<\/strong>\u00ab<\/h3>\n<ul>\n<li><strong>T\u00edtulo de la tesis:<\/strong>\u00a0 A traves del espejo. individuo y sociedad en la obra de jesus iba\u00f1ez <\/li>\n<li><strong>Autor:<\/strong>\u00a0 Pablo Nacach <\/li>\n<li><strong>Universidad:<\/strong>\u00a0 Barcelona<\/li>\n<li><strong>Fecha de lectura de la tesis:<\/strong>\u00a0 23\/03\/2001<\/li>\n<\/ul>\n<p>&nbsp;<\/p>\n<h3>Direcci\u00f3n y tribunal<\/h3>\n<ul>\n<li><strong>Director de la tesis<\/strong>\n<ul>\n<li>Josefina Birules Bertran<\/li>\n<\/ul>\n<\/li>\n<li><strong>Tribunal<\/strong>\n<ul>\n<li>Presidente del tribunal: salvador Giner de san julian <\/li>\n<li>Jos\u00e9 Vidal veneyto (vocal)<\/li>\n<li>julia Varela fernandez (vocal)<\/li>\n<li>gerard Imbert (vocal)<\/li>\n<\/ul>\n<\/li>\n<\/ul>\n<p>&nbsp;<\/p>\n","protected":false},"excerpt":{"rendered":"<p>Tesis doctoral de Pablo Nacach A trav\u00e9s del espejo. Individuo y sociedad en la obra de jes\u00fas ib\u00e1\u00f1ez se propone [&hellip;]<\/p>\n","protected":false},"author":1,"featured_media":0,"comment_status":"open","ping_status":"open","sticky":false,"template":"","format":"standard","meta":{"site-sidebar-layout":"default","site-content-layout":"","ast-site-content-layout":"","site-content-style":"default","site-sidebar-style":"default","ast-global-header-display":"","ast-banner-title-visibility":"","ast-main-header-display":"","ast-hfb-above-header-display":"","ast-hfb-below-header-display":"","ast-hfb-mobile-header-display":"","site-post-title":"","ast-breadcrumbs-content":"","ast-featured-img":"","footer-sml-layout":"","theme-transparent-header-meta":"","adv-header-id-meta":"","stick-header-meta":"","header-above-stick-meta":"","header-main-stick-meta":"","header-below-stick-meta":"","astra-migrate-meta-layouts":"default","ast-page-background-enabled":"default","ast-page-background-meta":{"desktop":{"background-color":"var(--ast-global-color-4)","background-image":"","background-repeat":"repeat","background-position":"center center","background-size":"auto","background-attachment":"scroll","background-type":"","background-media":"","overlay-type":"","overlay-color":"","overlay-gradient":""},"tablet":{"background-color":"","background-image":"","background-repeat":"repeat","background-position":"center center","background-size":"auto","background-attachment":"scroll","background-type":"","background-media":"","overlay-type":"","overlay-color":"","overlay-gradient":""},"mobile":{"background-color":"","background-image":"","background-repeat":"repeat","background-position":"center center","background-size":"auto","background-attachment":"scroll","background-type":"","background-media":"","overlay-type":"","overlay-color":"","overlay-gradient":""}},"ast-content-background-meta":{"desktop":{"background-color":"var(--ast-global-color-5)","background-image":"","background-repeat":"repeat","background-position":"center center","background-size":"auto","background-attachment":"scroll","background-type":"","background-media":"","overlay-type":"","overlay-color":"","overlay-gradient":""},"tablet":{"background-color":"var(--ast-global-color-5)","background-image":"","background-repeat":"repeat","background-position":"center center","background-size":"auto","background-attachment":"scroll","background-type":"","background-media":"","overlay-type":"","overlay-color":"","overlay-gradient":""},"mobile":{"background-color":"var(--ast-global-color-5)","background-image":"","background-repeat":"repeat","background-position":"center center","background-size":"auto","background-attachment":"scroll","background-type":"","background-media":"","overlay-type":"","overlay-color":"","overlay-gradient":""}},"footnotes":""},"categories":[960,951,165,1059,1076,5250],"tags":[129385,186096,1081,5005,186095,5909],"class_list":["post-89435","post","type-post","status-publish","format-standard","hentry","category-antropologia-filosofica","category-barcelona","category-filosofia","category-filosofia-de-la-accion","category-filosofia-de-la-ciencia","category-filosofia-de-las-ciencias-sociales","tag-gerard-imbert","tag-jose-vidal-veneyto","tag-josefina-birules-bertran","tag-julia-varela-fernandez","tag-pablo-nacach","tag-salvador-giner-de-san-julian"],"_links":{"self":[{"href":"https:\/\/www.deberes.net\/tesis\/wp-json\/wp\/v2\/posts\/89435","targetHints":{"allow":["GET"]}}],"collection":[{"href":"https:\/\/www.deberes.net\/tesis\/wp-json\/wp\/v2\/posts"}],"about":[{"href":"https:\/\/www.deberes.net\/tesis\/wp-json\/wp\/v2\/types\/post"}],"author":[{"embeddable":true,"href":"https:\/\/www.deberes.net\/tesis\/wp-json\/wp\/v2\/users\/1"}],"replies":[{"embeddable":true,"href":"https:\/\/www.deberes.net\/tesis\/wp-json\/wp\/v2\/comments?post=89435"}],"version-history":[{"count":0,"href":"https:\/\/www.deberes.net\/tesis\/wp-json\/wp\/v2\/posts\/89435\/revisions"}],"wp:attachment":[{"href":"https:\/\/www.deberes.net\/tesis\/wp-json\/wp\/v2\/media?parent=89435"}],"wp:term":[{"taxonomy":"category","embeddable":true,"href":"https:\/\/www.deberes.net\/tesis\/wp-json\/wp\/v2\/categories?post=89435"},{"taxonomy":"post_tag","embeddable":true,"href":"https:\/\/www.deberes.net\/tesis\/wp-json\/wp\/v2\/tags?post=89435"}],"curies":[{"name":"wp","href":"https:\/\/api.w.org\/{rel}","templated":true}]}}