{"id":89480,"date":"2018-03-10T00:14:38","date_gmt":"2018-03-10T00:14:38","guid":{"rendered":"https:\/\/www.deberes.net\/tesis\/sin-categoria\/modelado-computacional-de-la-decision-cooperativa-perspectivas-simbolica-y-conexionista\/"},"modified":"2018-03-10T00:14:38","modified_gmt":"2018-03-10T00:14:38","slug":"modelado-computacional-de-la-decision-cooperativa-perspectivas-simbolica-y-conexionista","status":"publish","type":"post","link":"https:\/\/www.deberes.net\/tesis\/matematicas\/modelado-computacional-de-la-decision-cooperativa-perspectivas-simbolica-y-conexionista\/","title":{"rendered":"Modelado computacional de la decisi\u00f3n cooperativa: perspectivas simb\u00f3lica y conexionista"},"content":{"rendered":"<h2>Tesis doctoral de <strong> Angeles Manjarr\u00e9s Riesco <\/strong><\/h2>\n<p>Sostienen maturana y varela, que es la aparici\u00f3n del lenguaje en el hombre, en un contexto social de coordinaciones conductuales cooperativas, lo que genera el fen\u00f3meno in\u00e9dito &#8211; hasta donde sabemos &#8211; de lo mental y de la concienca de s\u00ed como la experiencia m\u00e1s \u00edntima de los humano. A pesar de la exclusividad de este fen\u00f3meno, los autores reconocen en la din\u00e1mica social humana una forma m\u00e1s de \u00abacoplamiento estructural\u00bb. El fen\u00f3meno biol\u00f3gico del acoplamiento estructural al medio como condici\u00f3n de existencia, abarca todas las dimensiones de las interacciones celulares. organismo, sociedades y ecosistemas pertenecen a una misma clase de meta sistemas, formados por la agregaci\u00f3n de unidades, celulares o metacelulares, de cualquier orden, cuyas caracter\u00edsticas esenciales son la capacidad autoorganizativa de producirse a s\u00ed mismos y la plasticidad estructural. Las iteracciones entre los componentes de dichos metasistemas adquirieron a lo largo de su ontogenia un car\u00e1cter recurrente, estableci\u00e9ndose un acoplamiento estructral que permiti\u00f3 el mantenimiento de las individualidades dentro de una nueva cohesi\u00f3n especial. La coherencia y armon\u00eda en las relaciones e interacciones, que encuentran en el t\u00e9rmino \u00abcooperatividad\u00bb una descripci\u00f3n \u00fatil, se deben, en el desarrollo como individuos de estos metasistemas, a factores gen\u00e9ticos y ontogen\u00e9ticos que acotan la plasticidad estructural de sus componentes.  el comportamiento social de los seres vivos es estudiado por cient\u00edficos de variadas especialidades, tales como ecolog\u00eda, psicolog\u00eda, fisiolog\u00eda, zoolog\u00eda o antropolog\u00eda. Aunque sus interese difieran, cada una de estas disciplinas contribuye con su propia filosf\u00eda, m\u00e9todos y pericia. El campo de estudio de la inteligencia artificial (ia), cuyo fundamento es la \u00abexplicaci\u00f3n y emulaci\u00f3n del comportamiento inteligente (peracepci\u00f3n &#8211; razonamiento &#8211; acci\u00f3n) en t\u00e9rminos de procesos computacionales\u00bb, ha colaborado tam<\/p>\n<p>&nbsp;<\/p>\n<h3>Datos acad\u00e9micos de la tesis doctoral \u00ab<strong>Modelado computacional de la decisi\u00f3n cooperativa: perspectivas simb\u00f3lica y conexionista<\/strong>\u00ab<\/h3>\n<ul>\n<li><strong>T\u00edtulo de la tesis:<\/strong>\u00a0 Modelado computacional de la decisi\u00f3n cooperativa: perspectivas simb\u00f3lica y conexionista <\/li>\n<li><strong>Autor:<\/strong>\u00a0 Angeles Manjarr\u00e9s Riesco <\/li>\n<li><strong>Universidad:<\/strong>\u00a0 Nacional de educaci\u00f3n a distancia<\/li>\n<li><strong>Fecha de lectura de la tesis:<\/strong>\u00a0 23\/03\/2001<\/li>\n<\/ul>\n<p>&nbsp;<\/p>\n<h3>Direcci\u00f3n y tribunal<\/h3>\n<ul>\n<li><strong>Director de la tesis<\/strong>\n<ul>\n<li>Jos\u00e9 Mira Mira<\/li>\n<\/ul>\n<\/li>\n<li><strong>Tribunal<\/strong>\n<ul>\n<li>Presidente del tribunal: roque Mar\u00edn morales <\/li>\n<li>natalia Juristo juzgado (vocal)<\/li>\n<li>sen\u00e9n Barro ameneiro (vocal)<\/li>\n<li>Javier D\u00edez vegas (vocal)<\/li>\n<\/ul>\n<\/li>\n<\/ul>\n<p>&nbsp;<\/p>\n","protected":false},"excerpt":{"rendered":"<p>Tesis doctoral de Angeles Manjarr\u00e9s Riesco Sostienen maturana y varela, que es la aparici\u00f3n del lenguaje en el hombre, en [&hellip;]<\/p>\n","protected":false},"author":1,"featured_media":0,"comment_status":"open","ping_status":"open","sticky":false,"template":"","format":"standard","meta":{"site-sidebar-layout":"default","site-content-layout":"","ast-site-content-layout":"","site-content-style":"default","site-sidebar-style":"default","ast-global-header-display":"","ast-banner-title-visibility":"","ast-main-header-display":"","ast-hfb-above-header-display":"","ast-hfb-below-header-display":"","ast-hfb-mobile-header-display":"","site-post-title":"","ast-breadcrumbs-content":"","ast-featured-img":"","footer-sml-layout":"","theme-transparent-header-meta":"","adv-header-id-meta":"","stick-header-meta":"","header-above-stick-meta":"","header-main-stick-meta":"","header-below-stick-meta":"","astra-migrate-meta-layouts":"default","ast-page-background-enabled":"default","ast-page-background-meta":{"desktop":{"background-color":"var(--ast-global-color-4)","background-image":"","background-repeat":"repeat","background-position":"center center","background-size":"auto","background-attachment":"scroll","background-type":"","background-media":"","overlay-type":"","overlay-color":"","overlay-gradient":""},"tablet":{"background-color":"","background-image":"","background-repeat":"repeat","background-position":"center center","background-size":"auto","background-attachment":"scroll","background-type":"","background-media":"","overlay-type":"","overlay-color":"","overlay-gradient":""},"mobile":{"background-color":"","background-image":"","background-repeat":"repeat","background-position":"center center","background-size":"auto","background-attachment":"scroll","background-type":"","background-media":"","overlay-type":"","overlay-color":"","overlay-gradient":""}},"ast-content-background-meta":{"desktop":{"background-color":"var(--ast-global-color-5)","background-image":"","background-repeat":"repeat","background-position":"center center","background-size":"auto","background-attachment":"scroll","background-type":"","background-media":"","overlay-type":"","overlay-color":"","overlay-gradient":""},"tablet":{"background-color":"var(--ast-global-color-5)","background-image":"","background-repeat":"repeat","background-position":"center center","background-size":"auto","background-attachment":"scroll","background-type":"","background-media":"","overlay-type":"","overlay-color":"","overlay-gradient":""},"mobile":{"background-color":"var(--ast-global-color-5)","background-image":"","background-repeat":"repeat","background-position":"center center","background-size":"auto","background-attachment":"scroll","background-type":"","background-media":"","overlay-type":"","overlay-color":"","overlay-gradient":""}},"footnotes":""},"categories":[1890,2528,126,17070],"tags":[186168,186169,2531,16107,2538,2530],"class_list":["post-89480","post","type-post","status-publish","format-standard","hentry","category-ciencia-de-los-ordenadores","category-inteligencia-artificial","category-matematicas","category-nacional-de-educacion-a-distancia","tag-angeles-manjarres-riesco","tag-javier-diez-vegas","tag-jose-mira-mira","tag-natalia-juristo-juzgado","tag-roque-marin-morales","tag-senen-barro-ameneiro"],"_links":{"self":[{"href":"https:\/\/www.deberes.net\/tesis\/wp-json\/wp\/v2\/posts\/89480","targetHints":{"allow":["GET"]}}],"collection":[{"href":"https:\/\/www.deberes.net\/tesis\/wp-json\/wp\/v2\/posts"}],"about":[{"href":"https:\/\/www.deberes.net\/tesis\/wp-json\/wp\/v2\/types\/post"}],"author":[{"embeddable":true,"href":"https:\/\/www.deberes.net\/tesis\/wp-json\/wp\/v2\/users\/1"}],"replies":[{"embeddable":true,"href":"https:\/\/www.deberes.net\/tesis\/wp-json\/wp\/v2\/comments?post=89480"}],"version-history":[{"count":0,"href":"https:\/\/www.deberes.net\/tesis\/wp-json\/wp\/v2\/posts\/89480\/revisions"}],"wp:attachment":[{"href":"https:\/\/www.deberes.net\/tesis\/wp-json\/wp\/v2\/media?parent=89480"}],"wp:term":[{"taxonomy":"category","embeddable":true,"href":"https:\/\/www.deberes.net\/tesis\/wp-json\/wp\/v2\/categories?post=89480"},{"taxonomy":"post_tag","embeddable":true,"href":"https:\/\/www.deberes.net\/tesis\/wp-json\/wp\/v2\/tags?post=89480"}],"curies":[{"name":"wp","href":"https:\/\/api.w.org\/{rel}","templated":true}]}}