{"id":89489,"date":"2018-03-10T00:14:41","date_gmt":"2018-03-10T00:14:41","guid":{"rendered":"https:\/\/www.deberes.net\/tesis\/sin-categoria\/la-politica-de-vivienda-en-espana-analisis-de-su-efectos-redistributivos\/"},"modified":"2018-03-10T00:14:41","modified_gmt":"2018-03-10T00:14:41","slug":"la-politica-de-vivienda-en-espana-analisis-de-su-efectos-redistributivos","status":"publish","type":"post","link":"https:\/\/www.deberes.net\/tesis\/ciencias-economicas\/la-politica-de-vivienda-en-espana-analisis-de-su-efectos-redistributivos\/","title":{"rendered":"La politica de vivienda en espa\u00f1a. analisis de su efectos redistributivos"},"content":{"rendered":"<h2>Tesis doctoral de <strong> M. Teresa Sanchez Martinez <\/strong><\/h2>\n<p>La investigaci\u00f3n analiza el gasto p\u00fablico en vivienda. Trata de fundamentar la intervenci\u00f3n del sector publico en el mercado de la vivienda, sustentada bajo los argumentos de eficiencia, equidad, estabilizaci\u00f3n economica y calculo politico.  en segundo lugar estudia la politica de vivienda llevada a cabo en espa\u00f1a, tanto de car\u00e1cter presupuestario (planes de vivienda y gasto fiscal) como regulador (normativas sobre el mercado de alquileres, financiacion y suelo).  por \u00faltimo, el trabajo se centra, dentro de los objetivos sociales que debe perseguir la politica de vivienda, en la componente redistributiva, tratando de establecer si a partir de dicha intervenci\u00f3n sobre la vivienda se produce una compensanci\u00f3n de las desigualdades, en terminos de renta disponible. Realizar\u00e1, por tanto, una valoraci\u00f3n global de la incidencia del gasto p\u00fablico en vivienda sobre la distribuci\u00f3n de la renta en espa\u00f1a.<\/p>\n<p>&nbsp;<\/p>\n<h3>Datos acad\u00e9micos de la tesis doctoral \u00ab<strong>La politica de vivienda en espa\u00f1a. analisis de su efectos redistributivos<\/strong>\u00ab<\/h3>\n<ul>\n<li><strong>T\u00edtulo de la tesis:<\/strong>\u00a0 La politica de vivienda en espa\u00f1a. analisis de su efectos redistributivos <\/li>\n<li><strong>Autor:<\/strong>\u00a0 M. Teresa Sanchez Martinez <\/li>\n<li><strong>Universidad:<\/strong>\u00a0 Granada<\/li>\n<li><strong>Fecha de lectura de la tesis:<\/strong>\u00a0 26\/03\/2001<\/li>\n<\/ul>\n<p>&nbsp;<\/p>\n<h3>Direcci\u00f3n y tribunal<\/h3>\n<ul>\n<li><strong>Director de la tesis<\/strong>\n<ul>\n<li>Manuel Mart\u00ednez Rodr\u00edguez<\/li>\n<\/ul>\n<\/li>\n<li><strong>Tribunal<\/strong>\n<ul>\n<li>Presidente del tribunal: manuel Gonzalez-paramo jose <\/li>\n<li>Jos\u00e9 Sanchez maldonado (vocal)<\/li>\n<li>Juan  Antonio Gimeno ullastres (vocal)<\/li>\n<li>agustin Molina  morales (vocal)<\/li>\n<\/ul>\n<\/li>\n<\/ul>\n<p>&nbsp;<\/p>\n","protected":false},"excerpt":{"rendered":"<p>Tesis doctoral de M. Teresa Sanchez Martinez La investigaci\u00f3n analiza el gasto p\u00fablico en vivienda. Trata de fundamentar la intervenci\u00f3n [&hellip;]<\/p>\n","protected":false},"author":1,"featured_media":0,"comment_status":"open","ping_status":"open","sticky":false,"template":"","format":"standard","meta":{"site-sidebar-layout":"default","site-content-layout":"","ast-site-content-layout":"","site-content-style":"default","site-sidebar-style":"default","ast-global-header-display":"","ast-banner-title-visibility":"","ast-main-header-display":"","ast-hfb-above-header-display":"","ast-hfb-below-header-display":"","ast-hfb-mobile-header-display":"","site-post-title":"","ast-breadcrumbs-content":"","ast-featured-img":"","footer-sml-layout":"","theme-transparent-header-meta":"","adv-header-id-meta":"","stick-header-meta":"","header-above-stick-meta":"","header-main-stick-meta":"","header-below-stick-meta":"","astra-migrate-meta-layouts":"default","ast-page-background-enabled":"default","ast-page-background-meta":{"desktop":{"background-color":"var(--ast-global-color-4)","background-image":"","background-repeat":"repeat","background-position":"center center","background-size":"auto","background-attachment":"scroll","background-type":"","background-media":"","overlay-type":"","overlay-color":"","overlay-gradient":""},"tablet":{"background-color":"","background-image":"","background-repeat":"repeat","background-position":"center center","background-size":"auto","background-attachment":"scroll","background-type":"","background-media":"","overlay-type":"","overlay-color":"","overlay-gradient":""},"mobile":{"background-color":"","background-image":"","background-repeat":"repeat","background-position":"center center","background-size":"auto","background-attachment":"scroll","background-type":"","background-media":"","overlay-type":"","overlay-color":"","overlay-gradient":""}},"ast-content-background-meta":{"desktop":{"background-color":"var(--ast-global-color-5)","background-image":"","background-repeat":"repeat","background-position":"center center","background-size":"auto","background-attachment":"scroll","background-type":"","background-media":"","overlay-type":"","overlay-color":"","overlay-gradient":""},"tablet":{"background-color":"var(--ast-global-color-5)","background-image":"","background-repeat":"repeat","background-position":"center center","background-size":"auto","background-attachment":"scroll","background-type":"","background-media":"","overlay-type":"","overlay-color":"","overlay-gradient":""},"mobile":{"background-color":"var(--ast-global-color-5)","background-image":"","background-repeat":"repeat","background-position":"center center","background-size":"auto","background-attachment":"scroll","background-type":"","background-media":"","overlay-type":"","overlay-color":"","overlay-gradient":""}},"footnotes":""},"categories":[772,82,963,2825,19929,9215,17315],"tags":[7993,7994,50198,186180,82197,18928],"class_list":["post-89489","post","type-post","status-publish","format-standard","hentry","category-actividad-economica","category-ciencias-economicas","category-economia-sectorial","category-organizacion-industrial-y-sector-publico","category-redistribucion","category-regulacion-gubernamental-del-sector-privado","category-sector-de-la-construccion","tag-agustin-molina-morales","tag-jose-sanchez-maldonado","tag-juan-antonio-gimeno-ullastres","tag-m-teresa-sanchez-Martinez","tag-manuel-gonzalez-paramo-jose","tag-manuel-Martinez-rodriguez"],"_links":{"self":[{"href":"https:\/\/www.deberes.net\/tesis\/wp-json\/wp\/v2\/posts\/89489","targetHints":{"allow":["GET"]}}],"collection":[{"href":"https:\/\/www.deberes.net\/tesis\/wp-json\/wp\/v2\/posts"}],"about":[{"href":"https:\/\/www.deberes.net\/tesis\/wp-json\/wp\/v2\/types\/post"}],"author":[{"embeddable":true,"href":"https:\/\/www.deberes.net\/tesis\/wp-json\/wp\/v2\/users\/1"}],"replies":[{"embeddable":true,"href":"https:\/\/www.deberes.net\/tesis\/wp-json\/wp\/v2\/comments?post=89489"}],"version-history":[{"count":0,"href":"https:\/\/www.deberes.net\/tesis\/wp-json\/wp\/v2\/posts\/89489\/revisions"}],"wp:attachment":[{"href":"https:\/\/www.deberes.net\/tesis\/wp-json\/wp\/v2\/media?parent=89489"}],"wp:term":[{"taxonomy":"category","embeddable":true,"href":"https:\/\/www.deberes.net\/tesis\/wp-json\/wp\/v2\/categories?post=89489"},{"taxonomy":"post_tag","embeddable":true,"href":"https:\/\/www.deberes.net\/tesis\/wp-json\/wp\/v2\/tags?post=89489"}],"curies":[{"name":"wp","href":"https:\/\/api.w.org\/{rel}","templated":true}]}}