{"id":89494,"date":"2018-03-10T00:14:41","date_gmt":"2018-03-10T00:14:41","guid":{"rendered":"https:\/\/www.deberes.net\/tesis\/sin-categoria\/servicios-cla%c2%adnicos-preventivos-en-la-comunidad-autonoma-vasca-frecuencia-y-determinantes\/"},"modified":"2018-03-10T00:14:41","modified_gmt":"2018-03-10T00:14:41","slug":"servicios-cla%c2%adnicos-preventivos-en-la-comunidad-autonoma-vasca-frecuencia-y-determinantes","status":"publish","type":"post","link":"https:\/\/www.deberes.net\/tesis\/ciencias-medicas\/servicios-cla%c2%adnicos-preventivos-en-la-comunidad-autonoma-vasca-frecuencia-y-determinantes\/","title":{"rendered":"Servicios cl\u00ednicos preventivos en la comunidad aut\u00f3noma vasca: frecuencia y determinantes"},"content":{"rendered":"<h2>Tesis doctoral de <strong> Ander Basaldua Arti\u00f1ano <\/strong><\/h2>\n<p>Se ha estudiado la relaci\u00f3n de un conjunto de variables sociodemogr\u00e1ficas y h\u00e1bitos de vida con el uso de servicios cl\u00ednicos preventivos, en la poblaci\u00f3n de la comunidad aut\u00f3noma vasca. Para ello se ha utilizado la base de datos de la encuesta de salud de la cav de 1997.  la edad, sexo, la mala salud percibida, la consulta m\u00e9dica, el lugar de residencia, nivel de estudios, el consumo de tabaco, alcohol y actividad f\u00edsica han constituido las variables independientes principales. Se han construido modelos de regresi\u00f3n log\u00edstica m\u00faltiple, para la toma de la presi\u00f3n arterial y la determinaci\u00f3n de la colesterolemia, controlando por los principales factores de confusi\u00f3n.  entre los resultados obtenidos se aprecia que an ambos sexos el uso de servicios cl\u00ednicos preventivos se asocia de forma positiva e independiente con la edad y la mala salud percibida.<\/p>\n<p>&nbsp;<\/p>\n<h3>Datos acad\u00e9micos de la tesis doctoral \u00ab<strong>Servicios cl\u00ednicos preventivos en la comunidad aut\u00f3noma vasca: frecuencia y determinantes<\/strong>\u00ab<\/h3>\n<ul>\n<li><strong>T\u00edtulo de la tesis:<\/strong>\u00a0 Servicios cl\u00ednicos preventivos en la comunidad aut\u00f3noma vasca: frecuencia y determinantes <\/li>\n<li><strong>Autor:<\/strong>\u00a0 Ander Basaldua Arti\u00f1ano <\/li>\n<li><strong>Universidad:<\/strong>\u00a0 Pa\u00eds vasco\/euskal herriko unibertsitatea<\/li>\n<li><strong>Fecha de lectura de la tesis:<\/strong>\u00a0 26\/03\/2001<\/li>\n<\/ul>\n<p>&nbsp;<\/p>\n<h3>Direcci\u00f3n y tribunal<\/h3>\n<ul>\n<li><strong>Director de la tesis<\/strong>\n<ul>\n<li>Fernando Rodr\u00edguez Artalejo<\/li>\n<\/ul>\n<\/li>\n<li><strong>Tribunal<\/strong>\n<ul>\n<li>Presidente del tribunal: Francisco javier Zubillaga zubimendi <\/li>\n<li>vicente Dom\u00ednguez rojas (vocal)<\/li>\n<li>Manuel Oya otero (vocal)<\/li>\n<li>anselmo Del moral bueno (vocal)<\/li>\n<\/ul>\n<\/li>\n<\/ul>\n<p>&nbsp;<\/p>\n","protected":false},"excerpt":{"rendered":"<p>Tesis doctoral de Ander Basaldua Arti\u00f1ano Se ha estudiado la relaci\u00f3n de un conjunto de variables sociodemogr\u00e1ficas y h\u00e1bitos de [&hellip;]<\/p>\n","protected":false},"author":1,"featured_media":0,"comment_status":"open","ping_status":"open","sticky":false,"template":"","format":"standard","meta":{"site-sidebar-layout":"default","site-content-layout":"","ast-site-content-layout":"","site-content-style":"default","site-sidebar-style":"default","ast-global-header-display":"","ast-banner-title-visibility":"","ast-main-header-display":"","ast-hfb-above-header-display":"","ast-hfb-below-header-display":"","ast-hfb-mobile-header-display":"","site-post-title":"","ast-breadcrumbs-content":"","ast-featured-img":"","footer-sml-layout":"","theme-transparent-header-meta":"","adv-header-id-meta":"","stick-header-meta":"","header-above-stick-meta":"","header-main-stick-meta":"","header-below-stick-meta":"","astra-migrate-meta-layouts":"default","ast-page-background-enabled":"default","ast-page-background-meta":{"desktop":{"background-color":"var(--ast-global-color-4)","background-image":"","background-repeat":"repeat","background-position":"center center","background-size":"auto","background-attachment":"scroll","background-type":"","background-media":"","overlay-type":"","overlay-color":"","overlay-gradient":""},"tablet":{"background-color":"","background-image":"","background-repeat":"repeat","background-position":"center center","background-size":"auto","background-attachment":"scroll","background-type":"","background-media":"","overlay-type":"","overlay-color":"","overlay-gradient":""},"mobile":{"background-color":"","background-image":"","background-repeat":"repeat","background-position":"center center","background-size":"auto","background-attachment":"scroll","background-type":"","background-media":"","overlay-type":"","overlay-color":"","overlay-gradient":""}},"ast-content-background-meta":{"desktop":{"background-color":"var(--ast-global-color-5)","background-image":"","background-repeat":"repeat","background-position":"center center","background-size":"auto","background-attachment":"scroll","background-type":"","background-media":"","overlay-type":"","overlay-color":"","overlay-gradient":""},"tablet":{"background-color":"var(--ast-global-color-5)","background-image":"","background-repeat":"repeat","background-position":"center center","background-size":"auto","background-attachment":"scroll","background-type":"","background-media":"","overlay-type":"","overlay-color":"","overlay-gradient":""},"mobile":{"background-color":"var(--ast-global-color-5)","background-image":"","background-repeat":"repeat","background-position":"center center","background-size":"auto","background-attachment":"scroll","background-type":"","background-media":"","overlay-type":"","overlay-color":"","overlay-gradient":""}},"footnotes":""},"categories":[82,9,1686,1302,12909,967],"tags":[186189,13598,12656,12684,2097,2687],"class_list":["post-89494","post","type-post","status-publish","format-standard","hentry","category-ciencias-economicas","category-ciencias-medicas","category-medicina-preventiva","category-organizacion-y-gestion-de-empresas","category-pais-vasco-euskal-herriko-unibertsitatea","category-salud-publica","tag-ander-basaldua-artinano","tag-anselmo-del-moral-bueno","tag-fernando-rodriguez-artalejo","tag-francisco-javier-zubillaga-zubimendi","tag-manuel-oya-otero","tag-vicente-dominguez-rojas"],"_links":{"self":[{"href":"https:\/\/www.deberes.net\/tesis\/wp-json\/wp\/v2\/posts\/89494","targetHints":{"allow":["GET"]}}],"collection":[{"href":"https:\/\/www.deberes.net\/tesis\/wp-json\/wp\/v2\/posts"}],"about":[{"href":"https:\/\/www.deberes.net\/tesis\/wp-json\/wp\/v2\/types\/post"}],"author":[{"embeddable":true,"href":"https:\/\/www.deberes.net\/tesis\/wp-json\/wp\/v2\/users\/1"}],"replies":[{"embeddable":true,"href":"https:\/\/www.deberes.net\/tesis\/wp-json\/wp\/v2\/comments?post=89494"}],"version-history":[{"count":0,"href":"https:\/\/www.deberes.net\/tesis\/wp-json\/wp\/v2\/posts\/89494\/revisions"}],"wp:attachment":[{"href":"https:\/\/www.deberes.net\/tesis\/wp-json\/wp\/v2\/media?parent=89494"}],"wp:term":[{"taxonomy":"category","embeddable":true,"href":"https:\/\/www.deberes.net\/tesis\/wp-json\/wp\/v2\/categories?post=89494"},{"taxonomy":"post_tag","embeddable":true,"href":"https:\/\/www.deberes.net\/tesis\/wp-json\/wp\/v2\/tags?post=89494"}],"curies":[{"name":"wp","href":"https:\/\/api.w.org\/{rel}","templated":true}]}}